{"id":30976,"date":"2026-01-19T00:10:41","date_gmt":"2026-01-19T03:10:41","guid":{"rendered":"https:\/\/infotep.com.ar\/?p=30976"},"modified":"2026-01-19T00:11:54","modified_gmt":"2026-01-19T03:11:54","slug":"las-pymes-textiles-suman-otra-baja-una-fabrica-de-hilados-suspendio-a-200-obreros-por-dos-meses","status":"publish","type":"post","link":"https:\/\/infotep.com.ar\/index.php\/2026\/01\/19\/las-pymes-textiles-suman-otra-baja-una-fabrica-de-hilados-suspendio-a-200-obreros-por-dos-meses\/","title":{"rendered":"Las Pymes textiles suman otra baja: una f\u00e1brica de hilados suspendi\u00f3 a 200 obreros por dos meses"},"content":{"rendered":"\n<p>La ca\u00edda del consumo interno y el ingreso de mercader\u00eda importada son argumentos que se repiten en hilander\u00edas, tejedur\u00edas, tintorer\u00edas, acabado y proveedores.<br><br>TN &amp; Platex, una de las principales firmas del rubro textil, tuvo que paralizar la planta Hilados SA que tiene en la localidad de Los Guti\u00e9rrez, en la provincia de Tucum\u00e1n, y suspendi\u00f3 a casi 200 trabajadores.<\/p>\n\n\n\n<p>Mientras dure la medida, los obreros sufrir\u00e1n una reducci\u00f3n salarial del 30 por ciento, a lo que se agrega que les adeudan el pago del aguinaldo de diciembre y las vacaciones que fueron adelantadas.<\/p>\n\n\n\n<p>Hilados, del grupo empresario de los Karagozian, produc\u00eda blanquer\u00eda, tapicer\u00eda y camiser\u00eda, y tiene que bajar sus persianas con los mismos argumentos que otras colegas que tuvieron que tomar el mismo camino: la ca\u00edda del consumo interno y el ingreso de mercader\u00eda del exterior.<\/p>\n\n\n\n<p>Si bien el parte es hasta el 28 de febrero, el sector gremial advirti\u00f3 que en los pr\u00f3ximos d\u00edas la empresa podr\u00eda presentar un procedimiento preventivo de crisis, mecanismo que abrir\u00eda las puertas a despidos masivos y cambios en las condiciones laborales.<\/p>\n\n\n\n<p>\u201cEstamos mal. La industria textil en general est\u00e1 en un momento cr\u00edtico e Hilados no escapa a esa realidad\u201d, se\u00f1al\u00f3 Hugo Ben\u00edtez, secretario general de la Asociaci\u00f3n de Obreros Textiles de Argentina.<\/p>\n\n\n\n<p><strong>Pymes golpeadas<br><\/strong>El presidente de la C\u00e1mara Industrial de la Indumentaria Rosario y directivo de la Asociaci\u00f3n Empresaria de Rosario, Mario Giambattistelli, advirti\u00f3 sobre la dif\u00edcil situaci\u00f3n de las Pymes argentinas a consecuencia de la liberaci\u00f3n indiscriminada de las importaciones.<\/p>\n\n\n\n<p>Seg\u00fan el empresario textil, el fen\u00f3meno de la importaci\u00f3n \u201cse ha ido recrudeciendo\u201d.<\/p>\n\n\n\n<p>\u201cLa destrucci\u00f3n de la industria nacional es una pol\u00edtica de Estado ordenada, sistem\u00e1tica y desarrollada por este Gobierno desde el primer momento\u201d, sentenci\u00f3 en Radio 750 y agreg\u00f3 que, por esta raz\u00f3n, \u201cno es casual\u201d.<\/p>\n\n\n\n<p>El a\u00f1o pasado, el dirigente hab\u00eda calculado que el 80% de las 400 f\u00e1bricas que integran la entidad pasaron a convertirse en importadoras.<\/p>\n\n\n\n<p>Por su parte, la directora Ejecutiva de la Fundaci\u00f3n Protejer, Priscilla Makari, pas\u00f3 por Radio Provincia y habl\u00f3 sobre los costos sociales y econ\u00f3micos de la &#8220;avalancha&#8221; de ropa importada a trav\u00e9s de aplicaciones como Shein y Temu.<\/p>\n\n\n\n<p><strong>Fast Fashion<br><\/strong>&#8220;Hay un modelo mundial de fast fashion (moda r\u00e1pida) que genera ropa todo el tiempo, muchas colecciones de fibra sint\u00e9tica, con materiales contaminantes y no naturales&#8221;, expres\u00f3.<\/p>\n\n\n\n<p>Tambi\u00e9n, coment\u00f3 con preocupaci\u00f3n que esa ropa muchas veces est\u00e1 producida bajo condiciones de competencia desleal, sin normas adecuadas&#8221;.<\/p>\n\n\n\n<p>Por esta raz\u00f3n, sostuvo que &#8220;el mundo comenz\u00f3 a entender est\u00e1 situaci\u00f3n y empez\u00f3 a regular a las plataformas y este tipo de comercio&#8221;.<\/p>\n\n\n\n<p>Sin embargo, remarc\u00f3 que Argentina va a contramano del mundo. Mientras otros cierran fronteras, en Argentina las abren.<\/p>\n\n\n\n<p>En tanto, cont\u00f3 que el pa\u00eds recibe ropa usada y el 86% de esa ropa que entra lo hace por la aduana de Jujuy.<\/p>\n\n\n\n<p>Proviene del desierto de Atacama de Chile con origen Estados Unidos. Es la que los norteam\u00e9ricanos no pueden incinerar por la contaminaci\u00f3n del suelo y la exportan a pa\u00edses que s\u00ed la reciben.<\/p>\n\n\n\n<p>Los qu\u00edmicos con los que tratan esas prendas, o las bacterias con las que pueden haber estado en contacto, &#8220;son realmente peligrosos&#8221;, concluy\u00f3.<\/p>\n\n\n\n<p>La Federaci\u00f3n de Industrias Textiles Argentinas (FITA) dice que en los \u00faltimos dos a\u00f1os relevados, se llevan perdidos m\u00e1s de 16 mil puestos de trabajo.<\/p>\n\n\n\n<p>De acuerdo al informe de FITA, -que representa casi a la totalidad de las 4.000 empresas y establecimientos que operan en el sector textil y de la confecci\u00f3n (hilander\u00eda, tejedur\u00eda, tintorer\u00eda, acabado y proveedores)-, la actividad textil registr\u00f3 una ca\u00edda interanual de 24%.<\/p>\n","protected":false},"excerpt":{"rendered":"<p>La ca&iacute;da del consumo interno y el ingreso de mercader&iacute;a importada son argumentos que se repiten en hilander&iacute;as, tejedur&iacute;as, tintorer&iacute;as, acabado y proveedores. TN &amp; Platex, una de las principales firmas del rubro textil, tuvo que paralizar la planta Hilados SA que tiene en la localidad de Los Guti&eacute;rrez, en la provincia de Tucum&aacute;n, y &hellip; <\/p>\n","protected":false},"author":5,"featured_media":30978,"comment_status":"closed","ping_status":"closed","sticky":false,"template":"","format":"standard","meta":{"om_disable_all_campaigns":false,"_joinchat":[]},"categories":[7,4],"tags":[],"featured_image_urls":{"full":["https:\/\/infotep.com.ar\/wp-content\/uploads\/2026\/01\/hilados-sa-la-rioja-1536x1023-1.jpg",1536,1023,false],"thumbnail":["https:\/\/infotep.com.ar\/wp-content\/uploads\/2026\/01\/hilados-sa-la-rioja-1536x1023-1-150x150.jpg",150,150,true],"medium":["https:\/\/infotep.com.ar\/wp-content\/uploads\/2026\/01\/hilados-sa-la-rioja-1536x1023-1-300x200.jpg",300,200,true],"medium_large":["https:\/\/infotep.com.ar\/wp-content\/uploads\/2026\/01\/hilados-sa-la-rioja-1536x1023-1-768x512.jpg",768,512,true],"large":["https:\/\/infotep.com.ar\/wp-content\/uploads\/2026\/01\/hilados-sa-la-rioja-1536x1023-1-1024x682.jpg",1020,679,true],"1536x1536":["https:\/\/infotep.com.ar\/wp-content\/uploads\/2026\/01\/hilados-sa-la-rioja-1536x1023-1.jpg",1536,1023,false],"2048x2048":["https:\/\/infotep.com.ar\/wp-content\/uploads\/2026\/01\/hilados-sa-la-rioja-1536x1023-1.jpg",1536,1023,false],"blossom-feminine-slider":["https:\/\/infotep.com.ar\/wp-content\/uploads\/2026\/01\/hilados-sa-la-rioja-1536x1023-1-1536x649.jpg",1536,649,true],"blossom-feminine-featured":["https:\/\/infotep.com.ar\/wp-content\/uploads\/2026\/01\/hilados-sa-la-rioja-1536x1023-1-1410x600.jpg",1410,600,true],"blossom-feminine-with-sidebar":["https:\/\/infotep.com.ar\/wp-content\/uploads\/2026\/01\/hilados-sa-la-rioja-1536x1023-1-1020x600.jpg",1020,600,true],"blossom-feminine-blog":["https:\/\/infotep.com.ar\/wp-content\/uploads\/2026\/01\/hilados-sa-la-rioja-1536x1023-1-435x435.jpg",435,435,true],"blossom-feminine-cat":["https:\/\/infotep.com.ar\/wp-content\/uploads\/2026\/01\/hilados-sa-la-rioja-1536x1023-1-450x300.jpg",450,300,true],"blossom-feminine-related":["https:\/\/infotep.com.ar\/wp-content\/uploads\/2026\/01\/hilados-sa-la-rioja-1536x1023-1-320x200.jpg",320,200,true],"blossom-feminine-schema":["https:\/\/infotep.com.ar\/wp-content\/uploads\/2026\/01\/hilados-sa-la-rioja-1536x1023-1-90x60.jpg",90,60,true],"blossom-mommy-blog-slider-big":["https:\/\/infotep.com.ar\/wp-content\/uploads\/2026\/01\/hilados-sa-la-rioja-1536x1023-1-920x650.jpg",920,650,true],"blossom-mommy-blog-slider":["https:\/\/infotep.com.ar\/wp-content\/uploads\/2026\/01\/hilados-sa-la-rioja-1536x1023-1-460x310.jpg",460,310,true],"blossom-mommy-blog-two":["https:\/\/infotep.com.ar\/wp-content\/uploads\/2026\/01\/hilados-sa-la-rioja-1536x1023-1-768x480.jpg",768,480,true]},"author_info":{"info":["Angela Tobar"]},"category_info":"<a href=\"https:\/\/infotep.com.ar\/index.php\/category\/gremios\/\" rel=\"category tag\">Gremios<\/a> <a href=\"https:\/\/infotep.com.ar\/index.php\/category\/provinciales\/\" rel=\"category tag\">Provinciales<\/a>","tag_info":"Provinciales","comment_count":"0","_links":{"self":[{"href":"https:\/\/infotep.com.ar\/index.php\/wp-json\/wp\/v2\/posts\/30976"}],"collection":[{"href":"https:\/\/infotep.com.ar\/index.php\/wp-json\/wp\/v2\/posts"}],"about":[{"href":"https:\/\/infotep.com.ar\/index.php\/wp-json\/wp\/v2\/types\/post"}],"author":[{"embeddable":true,"href":"https:\/\/infotep.com.ar\/index.php\/wp-json\/wp\/v2\/users\/5"}],"replies":[{"embeddable":true,"href":"https:\/\/infotep.com.ar\/index.php\/wp-json\/wp\/v2\/comments?post=30976"}],"version-history":[{"count":1,"href":"https:\/\/infotep.com.ar\/index.php\/wp-json\/wp\/v2\/posts\/30976\/revisions"}],"predecessor-version":[{"id":30977,"href":"https:\/\/infotep.com.ar\/index.php\/wp-json\/wp\/v2\/posts\/30976\/revisions\/30977"}],"wp:featuredmedia":[{"embeddable":true,"href":"https:\/\/infotep.com.ar\/index.php\/wp-json\/wp\/v2\/media\/30978"}],"wp:attachment":[{"href":"https:\/\/infotep.com.ar\/index.php\/wp-json\/wp\/v2\/media?parent=30976"}],"wp:term":[{"taxonomy":"category","embeddable":true,"href":"https:\/\/infotep.com.ar\/index.php\/wp-json\/wp\/v2\/categories?post=30976"},{"taxonomy":"post_tag","embeddable":true,"href":"https:\/\/infotep.com.ar\/index.php\/wp-json\/wp\/v2\/tags?post=30976"}],"curies":[{"name":"wp","href":"https:\/\/api.w.org\/{rel}","templated":true}]}}