{"id":31000,"date":"2026-01-19T00:57:05","date_gmt":"2026-01-19T03:57:05","guid":{"rendered":"https:\/\/infotep.com.ar\/?p=31000"},"modified":"2026-01-19T00:57:05","modified_gmt":"2026-01-19T03:57:05","slug":"la-izquierda-sale-a-motorizar-un-paro-activo-para-el-11-de-febrero","status":"publish","type":"post","link":"https:\/\/infotep.com.ar\/index.php\/2026\/01\/19\/la-izquierda-sale-a-motorizar-un-paro-activo-para-el-11-de-febrero\/","title":{"rendered":"La izquierda sale a motorizar un \u00abparo activo\u00bb para el 11 de febrero"},"content":{"rendered":"\n<p><br>N\u00e9stor Pitrola, diputado nacional del Frente de Izquierda asegur\u00f3 que \u00abel 11 de febrero, tenemos que organizar un formidable paro activo nacional y movilizar centenares de millas de trabajadores hacia el Congreso\u00bb. Asegur\u00f3 que se trata de una \u00abreforma esclavista\u00bb.<br><br><strong>El diputado nacional por el Partido Obrero en el Frente de Izquierda Unidad, N\u00e9stor Pitrola, estuvo en un festival solidario con los trabajadores de Lustramax y desde all\u00ed se refiri\u00f3 a la reforma laboral de Milei y el rol de la CGT, a la reforma laboral y a su posible tratamiento en febrero.<\/strong><\/p>\n\n\n\n<p>\u00abLa CGT se quiere sentar a dialogar con el gobierno para \u2018mejorar\u2019 la reforma laboral. Parece que desconocen los 197 art\u00edculos de la reforma: proh\u00edbe la actividad sindical, desfinancia al Anses y las obras sociales, termina con la ultraactividad, liquida la jornada laboral, elimina el estatuto del periodista, entre otras cosas. Mientras el gobierno afila la guillotina, la CGT pregunta si puede elegir el color de la hoja. La burocracia sindical confunde \u2018dialogar\u2019 con entregar la cabeza de los laburantes en bandeja\u00bb, plante\u00f3 Pitrola.<\/p>\n\n\n\n<p>\u00abEs muy claro que no hay nada que discutir con el gobierno. No hay modernizaci\u00f3n alguna en debate. No hay proyecto alternativo posible. La reforma laboral es para bajar el costo laboral: El salario directo que es el salario, el salario indirecto que son las obras sociales y el salario diferido que son las jubilaciones. Quieren barrer con 150 a\u00f1os de conquistas con esta reforma, eliminando el derecho laboral para instaurar el derecho patronal. Es ellos o nosotros\u00bb, a\u00f1adi\u00f3.<\/p>\n\n\n\n<p>Y sigui\u00f3: \u00abLos votos de legisladores negociando el Cap\u00edtulo XXIV de reforma impositiva que contiene la ley y que afecta impuestos coparticipables con las provincias Pero con los gobernadores no discuten una sola de las cl\u00e1usulas que afectan directamente a los trabajadores. 11% del IVA y en total de un 15% de la masa de impuestos coparticipables, adem\u00e1s del aporte provisional propiamente dicho\u00bb.<\/p>\n\n\n\n<p>\u00abEl 11 de febrero, tenemos que organizar un formidable paro activo nacional y movilizar centenares de millas de trabajadores hacia el Congreso, formales e informales, activos y jubilados, la reforma esclavista va contra todos. Habr\u00e1 reuni\u00f3n de sindicatos combativos el martes y si la UOM convoca paro activo estaremos codo a codo. Desde luego como primer paso de un plan de lucha hasta derrotarla\u00bb, concluy\u00f3 Pitrola.<\/p>\n","protected":false},"excerpt":{"rendered":"<p>N&eacute;stor Pitrola, diputado nacional del Frente de Izquierda asegur&oacute; que &laquo;el 11 de febrero, tenemos que organizar un formidable paro activo nacional y movilizar centenares de millas de trabajadores hacia el Congreso&raquo;. Asegur&oacute; que se trata de una &laquo;reforma esclavista&raquo;. El diputado nacional por el Partido Obrero en el Frente de Izquierda Unidad, N&eacute;stor Pitrola, &hellip; <\/p>\n","protected":false},"author":5,"featured_media":31001,"comment_status":"closed","ping_status":"closed","sticky":false,"template":"","format":"standard","meta":{"om_disable_all_campaigns":false,"_joinchat":[]},"categories":[7,4],"tags":[],"featured_image_urls":{"full":["https:\/\/infotep.com.ar\/wp-content\/uploads\/2026\/01\/G-f1VbBWUAAs_LZ.jpg",1032,688,false],"thumbnail":["https:\/\/infotep.com.ar\/wp-content\/uploads\/2026\/01\/G-f1VbBWUAAs_LZ-150x150.jpg",150,150,true],"medium":["https:\/\/infotep.com.ar\/wp-content\/uploads\/2026\/01\/G-f1VbBWUAAs_LZ-300x200.jpg",300,200,true],"medium_large":["https:\/\/infotep.com.ar\/wp-content\/uploads\/2026\/01\/G-f1VbBWUAAs_LZ-768x512.jpg",768,512,true],"large":["https:\/\/infotep.com.ar\/wp-content\/uploads\/2026\/01\/G-f1VbBWUAAs_LZ-1024x683.jpg",1020,680,true],"1536x1536":["https:\/\/infotep.com.ar\/wp-content\/uploads\/2026\/01\/G-f1VbBWUAAs_LZ.jpg",1032,688,false],"2048x2048":["https:\/\/infotep.com.ar\/wp-content\/uploads\/2026\/01\/G-f1VbBWUAAs_LZ.jpg",1032,688,false],"blossom-feminine-slider":["https:\/\/infotep.com.ar\/wp-content\/uploads\/2026\/01\/G-f1VbBWUAAs_LZ-1032x649.jpg",1032,649,true],"blossom-feminine-featured":["https:\/\/infotep.com.ar\/wp-content\/uploads\/2026\/01\/G-f1VbBWUAAs_LZ-1032x600.jpg",1032,600,true],"blossom-feminine-with-sidebar":["https:\/\/infotep.com.ar\/wp-content\/uploads\/2026\/01\/G-f1VbBWUAAs_LZ-1020x600.jpg",1020,600,true],"blossom-feminine-blog":["https:\/\/infotep.com.ar\/wp-content\/uploads\/2026\/01\/G-f1VbBWUAAs_LZ-435x435.jpg",435,435,true],"blossom-feminine-cat":["https:\/\/infotep.com.ar\/wp-content\/uploads\/2026\/01\/G-f1VbBWUAAs_LZ-450x300.jpg",450,300,true],"blossom-feminine-related":["https:\/\/infotep.com.ar\/wp-content\/uploads\/2026\/01\/G-f1VbBWUAAs_LZ-320x200.jpg",320,200,true],"blossom-feminine-schema":["https:\/\/infotep.com.ar\/wp-content\/uploads\/2026\/01\/G-f1VbBWUAAs_LZ-90x60.jpg",90,60,true],"blossom-mommy-blog-slider-big":["https:\/\/infotep.com.ar\/wp-content\/uploads\/2026\/01\/G-f1VbBWUAAs_LZ-920x650.jpg",920,650,true],"blossom-mommy-blog-slider":["https:\/\/infotep.com.ar\/wp-content\/uploads\/2026\/01\/G-f1VbBWUAAs_LZ-460x310.jpg",460,310,true],"blossom-mommy-blog-two":["https:\/\/infotep.com.ar\/wp-content\/uploads\/2026\/01\/G-f1VbBWUAAs_LZ-768x480.jpg",768,480,true]},"author_info":{"info":["Angela Tobar"]},"category_info":"<a href=\"https:\/\/infotep.com.ar\/index.php\/category\/gremios\/\" rel=\"category tag\">Gremios<\/a> <a href=\"https:\/\/infotep.com.ar\/index.php\/category\/provinciales\/\" rel=\"category tag\">Provinciales<\/a>","tag_info":"Provinciales","comment_count":"0","_links":{"self":[{"href":"https:\/\/infotep.com.ar\/index.php\/wp-json\/wp\/v2\/posts\/31000"}],"collection":[{"href":"https:\/\/infotep.com.ar\/index.php\/wp-json\/wp\/v2\/posts"}],"about":[{"href":"https:\/\/infotep.com.ar\/index.php\/wp-json\/wp\/v2\/types\/post"}],"author":[{"embeddable":true,"href":"https:\/\/infotep.com.ar\/index.php\/wp-json\/wp\/v2\/users\/5"}],"replies":[{"embeddable":true,"href":"https:\/\/infotep.com.ar\/index.php\/wp-json\/wp\/v2\/comments?post=31000"}],"version-history":[{"count":1,"href":"https:\/\/infotep.com.ar\/index.php\/wp-json\/wp\/v2\/posts\/31000\/revisions"}],"predecessor-version":[{"id":31002,"href":"https:\/\/infotep.com.ar\/index.php\/wp-json\/wp\/v2\/posts\/31000\/revisions\/31002"}],"wp:featuredmedia":[{"embeddable":true,"href":"https:\/\/infotep.com.ar\/index.php\/wp-json\/wp\/v2\/media\/31001"}],"wp:attachment":[{"href":"https:\/\/infotep.com.ar\/index.php\/wp-json\/wp\/v2\/media?parent=31000"}],"wp:term":[{"taxonomy":"category","embeddable":true,"href":"https:\/\/infotep.com.ar\/index.php\/wp-json\/wp\/v2\/categories?post=31000"},{"taxonomy":"post_tag","embeddable":true,"href":"https:\/\/infotep.com.ar\/index.php\/wp-json\/wp\/v2\/tags?post=31000"}],"curies":[{"name":"wp","href":"https:\/\/api.w.org\/{rel}","templated":true}]}}