{"id":3103,"date":"2023-02-02T18:36:53","date_gmt":"2023-02-02T21:36:53","guid":{"rendered":"https:\/\/infotep.com.ar\/?p=3103"},"modified":"2023-02-03T15:17:52","modified_gmt":"2023-02-03T18:17:52","slug":"ituzaingo-abrio-la-inscripcion-para-el-programa-potenciar-inclusion-joven","status":"publish","type":"post","link":"https:\/\/infotep.com.ar\/index.php\/2023\/02\/02\/ituzaingo-abrio-la-inscripcion-para-el-programa-potenciar-inclusion-joven\/","title":{"rendered":"Ituzaing\u00f3: Abri\u00f3 la inscripci\u00f3n para el programa Potenciar inclusi\u00f3n joven"},"content":{"rendered":"\n<p>Los y las j\u00f3venes de Ituzaing\u00f3 ya pueden pre-inscribirse para ser parte del programa \u201cInclusi\u00f3n Joven\u201d, una iniciativa del Ministerio de Desarrollo Social de la Naci\u00f3n.<\/p>\n\n\n\n<p class=\"has-light-green-cyan-background-color has-background\">Esta iniciativa tiene el objetivo de acompa\u00f1ar a los y las j\u00f3venes de entre 18 y 29 a\u00f1os en situaci\u00f3n de vulnerabilidad, promoviendo su inclusi\u00f3n e impulsando su participaci\u00f3n en actividades educativas, formativas, sociales, culturales y recreativas a trav\u00e9s del financiamiento de diferentes tipos de proyectos.<\/p>\n\n\n\n<p>Para sumarse, las personas interesadas deber\u00e1n completar el siguiente formulario: <a href=\"https:\/\/bit.ly\/3XPHJY7\" target=\"_blank\" rel=\"noreferrer noopener\">https:\/\/bit.ly\/3XPHJY7<\/a>. Es importante destacar que la inscripci\u00f3n al programa se completa con un encuentro presencial posterior, para el cual ser\u00e1 necesario anotarse eligiendo un d\u00eda y horario.<\/p>\n\n\n\n<p>Para m\u00e1s informaci\u00f3n, las personas interesadas pueden comunicarse con la Direcci\u00f3n de Juventudes a juventudes.ituzaingo@gmail.com o al 2120-1833 (de lunes a viernes de 8 a 15hs).<\/p>\n","protected":false},"excerpt":{"rendered":"<p>Los y las j&oacute;venes de Ituzaing&oacute; ya pueden pre-inscribirse para ser parte del programa &ldquo;Inclusi&oacute;n Joven&rdquo;, una iniciativa del Ministerio de Desarrollo Social de la Naci&oacute;n. Esta iniciativa tiene el objetivo de acompa&ntilde;ar a los y las j&oacute;venes de entre 18 y 29 a&ntilde;os en situaci&oacute;n de vulnerabilidad, promoviendo su inclusi&oacute;n e impulsando su participaci&oacute;n &hellip; <\/p>\n","protected":false},"author":5,"featured_media":3104,"comment_status":"closed","ping_status":"closed","sticky":false,"template":"","format":"standard","meta":{"om_disable_all_campaigns":false,"_joinchat":[]},"categories":[8],"tags":[46,319,51,318,43],"featured_image_urls":{"full":["https:\/\/infotep.com.ar\/wp-content\/uploads\/2023\/02\/POTENCIAR-INCLUSION-scaled.jpg",2560,1709,false],"thumbnail":["https:\/\/infotep.com.ar\/wp-content\/uploads\/2023\/02\/POTENCIAR-INCLUSION-150x150.jpg",150,150,true],"medium":["https:\/\/infotep.com.ar\/wp-content\/uploads\/2023\/02\/POTENCIAR-INCLUSION-300x200.jpg",300,200,true],"medium_large":["https:\/\/infotep.com.ar\/wp-content\/uploads\/2023\/02\/POTENCIAR-INCLUSION-768x513.jpg",768,513,true],"large":["https:\/\/infotep.com.ar\/wp-content\/uploads\/2023\/02\/POTENCIAR-INCLUSION-1024x684.jpg",1020,681,true],"1536x1536":["https:\/\/infotep.com.ar\/wp-content\/uploads\/2023\/02\/POTENCIAR-INCLUSION-1536x1025.jpg",1536,1025,true],"2048x2048":["https:\/\/infotep.com.ar\/wp-content\/uploads\/2023\/02\/POTENCIAR-INCLUSION-2048x1367.jpg",2048,1367,true],"blossom-feminine-slider":["https:\/\/infotep.com.ar\/wp-content\/uploads\/2023\/02\/POTENCIAR-INCLUSION-1920x649.jpg",1920,649,true],"blossom-feminine-featured":["https:\/\/infotep.com.ar\/wp-content\/uploads\/2023\/02\/POTENCIAR-INCLUSION-1410x600.jpg",1410,600,true],"blossom-feminine-with-sidebar":["https:\/\/infotep.com.ar\/wp-content\/uploads\/2023\/02\/POTENCIAR-INCLUSION-1020x600.jpg",1020,600,true],"blossom-feminine-blog":["https:\/\/infotep.com.ar\/wp-content\/uploads\/2023\/02\/POTENCIAR-INCLUSION-435x435.jpg",435,435,true],"blossom-feminine-cat":["https:\/\/infotep.com.ar\/wp-content\/uploads\/2023\/02\/POTENCIAR-INCLUSION-450x300.jpg",450,300,true],"blossom-feminine-related":["https:\/\/infotep.com.ar\/wp-content\/uploads\/2023\/02\/POTENCIAR-INCLUSION-320x200.jpg",320,200,true],"blossom-feminine-schema":["https:\/\/infotep.com.ar\/wp-content\/uploads\/2023\/02\/POTENCIAR-INCLUSION-90x60.jpg",90,60,true],"blossom-mommy-blog-slider-big":["https:\/\/infotep.com.ar\/wp-content\/uploads\/2023\/02\/POTENCIAR-INCLUSION-920x650.jpg",920,650,true],"blossom-mommy-blog-slider":["https:\/\/infotep.com.ar\/wp-content\/uploads\/2023\/02\/POTENCIAR-INCLUSION-460x310.jpg",460,310,true],"blossom-mommy-blog-two":["https:\/\/infotep.com.ar\/wp-content\/uploads\/2023\/02\/POTENCIAR-INCLUSION-768x480.jpg",768,480,true]},"author_info":{"info":["Angela Tobar"]},"category_info":"<a href=\"https:\/\/infotep.com.ar\/index.php\/category\/municipales\/ituzaingo\/\" rel=\"category tag\">Ituzaing\u00f3<\/a>","tag_info":"Ituzaing\u00f3","comment_count":"0","_links":{"self":[{"href":"https:\/\/infotep.com.ar\/index.php\/wp-json\/wp\/v2\/posts\/3103"}],"collection":[{"href":"https:\/\/infotep.com.ar\/index.php\/wp-json\/wp\/v2\/posts"}],"about":[{"href":"https:\/\/infotep.com.ar\/index.php\/wp-json\/wp\/v2\/types\/post"}],"author":[{"embeddable":true,"href":"https:\/\/infotep.com.ar\/index.php\/wp-json\/wp\/v2\/users\/5"}],"replies":[{"embeddable":true,"href":"https:\/\/infotep.com.ar\/index.php\/wp-json\/wp\/v2\/comments?post=3103"}],"version-history":[{"count":1,"href":"https:\/\/infotep.com.ar\/index.php\/wp-json\/wp\/v2\/posts\/3103\/revisions"}],"predecessor-version":[{"id":3105,"href":"https:\/\/infotep.com.ar\/index.php\/wp-json\/wp\/v2\/posts\/3103\/revisions\/3105"}],"wp:featuredmedia":[{"embeddable":true,"href":"https:\/\/infotep.com.ar\/index.php\/wp-json\/wp\/v2\/media\/3104"}],"wp:attachment":[{"href":"https:\/\/infotep.com.ar\/index.php\/wp-json\/wp\/v2\/media?parent=3103"}],"wp:term":[{"taxonomy":"category","embeddable":true,"href":"https:\/\/infotep.com.ar\/index.php\/wp-json\/wp\/v2\/categories?post=3103"},{"taxonomy":"post_tag","embeddable":true,"href":"https:\/\/infotep.com.ar\/index.php\/wp-json\/wp\/v2\/tags?post=3103"}],"curies":[{"name":"wp","href":"https:\/\/api.w.org\/{rel}","templated":true}]}}