{"id":31048,"date":"2026-01-20T17:29:28","date_gmt":"2026-01-20T20:29:28","guid":{"rendered":"https:\/\/infotep.com.ar\/?p=31048"},"modified":"2026-01-20T17:29:29","modified_gmt":"2026-01-20T20:29:29","slug":"gracias-a-las-camaras-de-seguridad-detienen-a-un-ladron-en-rafael-castillo","status":"publish","type":"post","link":"https:\/\/infotep.com.ar\/index.php\/2026\/01\/20\/gracias-a-las-camaras-de-seguridad-detienen-a-un-ladron-en-rafael-castillo\/","title":{"rendered":"Gracias a las c\u00e1maras de seguridad detienen a un ladr\u00f3n en Rafael Castillo"},"content":{"rendered":"\n<p>Las c\u00e1maras del Centro de Operaciones y Monitoreo (COM) del Municipio de La Matanza fueron claves para la detenci\u00f3n de un joven de 22 a\u00f1os en la localidad de Rafael Castillo. Est\u00e1 acusado del delito de robo automotor agravado por el uso de arma. El delincuente qued\u00f3 tras las rejas tras un allanamiento realizado por personal policial.<\/p>\n\n\n\n<p>El robo del autom\u00f3vil a una mujer hab\u00eda ocurrido en la localidad de San Justo; y por las im\u00e1genes detectadas se logr\u00f3 identificar a uno de los ladrones, por lo que finalmente se realiz\u00f3 un allanamiento y se secuestr\u00f3 la motocicleta utilizada para el atraco que ten\u00eda numeraci\u00f3n eliminada tanto del motor como del chasis. Tambi\u00e9n se incautaron tel\u00e9fonos celulares y prendas de vestir presuntamente utilizadas durante el robo.<\/p>\n\n\n\n<p>Asimismo, la Justicia contin\u00faa en la b\u00fasqueda del otro delincuente que por la informaci\u00f3n recabada, podr\u00eda ser detenido en las pr\u00f3ximas horas.<\/p>\n\n\n\n<p>Se record\u00f3 que La Matanza, utiliza la tecnolog\u00eda aplicada a la protecci\u00f3n ciudadana como una herramienta clave para fortalecer la prevenci\u00f3n del delito. A trav\u00e9s de m\u00e1s de 5.000 c\u00e1maras de seguridad 4K y una infraestructura de \u00faltima generaci\u00f3n, el Centro de Operaciones y Monitoreo (COM) realiza un seguimiento permanente, optimiza los tiempos de respuesta y articula de manera eficaz con las fuerzas policiales en todo el distrito.<\/p>\n","protected":false},"excerpt":{"rendered":"<p>Las c&aacute;maras del Centro de Operaciones y Monitoreo (COM) del Municipio de La Matanza fueron claves para la detenci&oacute;n de un joven de 22 a&ntilde;os en la localidad de Rafael Castillo. Est&aacute; acusado del delito de robo automotor agravado por el uso de arma. El delincuente qued&oacute; tras las rejas tras un allanamiento realizado por &hellip; <\/p>\n","protected":false},"author":5,"featured_media":25199,"comment_status":"closed","ping_status":"closed","sticky":false,"template":"","format":"standard","meta":{"om_disable_all_campaigns":false,"_joinchat":[]},"categories":[26],"tags":[],"featured_image_urls":{"full":["https:\/\/infotep.com.ar\/wp-content\/uploads\/2025\/06\/COM_MTZ-scaled.jpg",2560,1707,false],"thumbnail":["https:\/\/infotep.com.ar\/wp-content\/uploads\/2025\/06\/COM_MTZ-150x150.jpg",150,150,true],"medium":["https:\/\/infotep.com.ar\/wp-content\/uploads\/2025\/06\/COM_MTZ-300x200.jpg",300,200,true],"medium_large":["https:\/\/infotep.com.ar\/wp-content\/uploads\/2025\/06\/COM_MTZ-768x512.jpg",768,512,true],"large":["https:\/\/infotep.com.ar\/wp-content\/uploads\/2025\/06\/COM_MTZ-1024x683.jpg",1020,680,true],"1536x1536":["https:\/\/infotep.com.ar\/wp-content\/uploads\/2025\/06\/COM_MTZ-1536x1024.jpg",1536,1024,true],"2048x2048":["https:\/\/infotep.com.ar\/wp-content\/uploads\/2025\/06\/COM_MTZ-2048x1365.jpg",2048,1365,true],"blossom-feminine-slider":["https:\/\/infotep.com.ar\/wp-content\/uploads\/2025\/06\/COM_MTZ-1920x649.jpg",1920,649,true],"blossom-feminine-featured":["https:\/\/infotep.com.ar\/wp-content\/uploads\/2025\/06\/COM_MTZ-1410x600.jpg",1410,600,true],"blossom-feminine-with-sidebar":["https:\/\/infotep.com.ar\/wp-content\/uploads\/2025\/06\/COM_MTZ-1020x600.jpg",1020,600,true],"blossom-feminine-blog":["https:\/\/infotep.com.ar\/wp-content\/uploads\/2025\/06\/COM_MTZ-435x435.jpg",435,435,true],"blossom-feminine-cat":["https:\/\/infotep.com.ar\/wp-content\/uploads\/2025\/06\/COM_MTZ-450x300.jpg",450,300,true],"blossom-feminine-related":["https:\/\/infotep.com.ar\/wp-content\/uploads\/2025\/06\/COM_MTZ-320x200.jpg",320,200,true],"blossom-feminine-schema":["https:\/\/infotep.com.ar\/wp-content\/uploads\/2025\/06\/COM_MTZ-90x60.jpg",90,60,true],"blossom-mommy-blog-slider-big":["https:\/\/infotep.com.ar\/wp-content\/uploads\/2025\/06\/COM_MTZ-920x650.jpg",920,650,true],"blossom-mommy-blog-slider":["https:\/\/infotep.com.ar\/wp-content\/uploads\/2025\/06\/COM_MTZ-460x310.jpg",460,310,true],"blossom-mommy-blog-two":["https:\/\/infotep.com.ar\/wp-content\/uploads\/2025\/06\/COM_MTZ-768x480.jpg",768,480,true]},"author_info":{"info":["Angela Tobar"]},"category_info":"<a href=\"https:\/\/infotep.com.ar\/index.php\/category\/municipales\/la-matanza\/\" rel=\"category tag\">La Matanza<\/a>","tag_info":"La Matanza","comment_count":"0","_links":{"self":[{"href":"https:\/\/infotep.com.ar\/index.php\/wp-json\/wp\/v2\/posts\/31048"}],"collection":[{"href":"https:\/\/infotep.com.ar\/index.php\/wp-json\/wp\/v2\/posts"}],"about":[{"href":"https:\/\/infotep.com.ar\/index.php\/wp-json\/wp\/v2\/types\/post"}],"author":[{"embeddable":true,"href":"https:\/\/infotep.com.ar\/index.php\/wp-json\/wp\/v2\/users\/5"}],"replies":[{"embeddable":true,"href":"https:\/\/infotep.com.ar\/index.php\/wp-json\/wp\/v2\/comments?post=31048"}],"version-history":[{"count":1,"href":"https:\/\/infotep.com.ar\/index.php\/wp-json\/wp\/v2\/posts\/31048\/revisions"}],"predecessor-version":[{"id":31049,"href":"https:\/\/infotep.com.ar\/index.php\/wp-json\/wp\/v2\/posts\/31048\/revisions\/31049"}],"wp:featuredmedia":[{"embeddable":true,"href":"https:\/\/infotep.com.ar\/index.php\/wp-json\/wp\/v2\/media\/25199"}],"wp:attachment":[{"href":"https:\/\/infotep.com.ar\/index.php\/wp-json\/wp\/v2\/media?parent=31048"}],"wp:term":[{"taxonomy":"category","embeddable":true,"href":"https:\/\/infotep.com.ar\/index.php\/wp-json\/wp\/v2\/categories?post=31048"},{"taxonomy":"post_tag","embeddable":true,"href":"https:\/\/infotep.com.ar\/index.php\/wp-json\/wp\/v2\/tags?post=31048"}],"curies":[{"name":"wp","href":"https:\/\/api.w.org\/{rel}","templated":true}]}}