{"id":31079,"date":"2026-01-22T12:03:52","date_gmt":"2026-01-22T15:03:52","guid":{"rendered":"https:\/\/infotep.com.ar\/?p=31079"},"modified":"2026-01-22T12:03:53","modified_gmt":"2026-01-22T15:03:53","slug":"cruces-politicos-por-el-desplazamiento-de-un-director-vinculado-a-la-libertad-avanza-en-ituzaingo","status":"publish","type":"post","link":"https:\/\/infotep.com.ar\/index.php\/2026\/01\/22\/cruces-politicos-por-el-desplazamiento-de-un-director-vinculado-a-la-libertad-avanza-en-ituzaingo\/","title":{"rendered":"Cruces pol\u00edticos por el desplazamiento de un director vinculado a La Libertad Avanza en Ituzaing\u00f3"},"content":{"rendered":"\n<p>El desplazamiento del director del Hospital del Bicentenario de Ituzaing\u00f3, Santiago Cerneaz, gener\u00f3 una controversia pol\u00edtica en el \u00e1mbito local y nacional. El m\u00e9dico, vinculado a La Libertad Avanza (LLA), fue removido de su cargo en medio de denuncias internas sobre presuntas irregularidades en la gesti\u00f3n y supuestos acuerdos pol\u00edticos entre el Gobierno nacional y sectores del peronismo bonaerense.<\/p>\n\n\n\n<p>Seg\u00fan fuentes libertarias de Ituzaing\u00f3, la salida de Cerneaz no respondi\u00f3 a razones t\u00e9cnicas y se produjo mientras el funcionario se encontraba de vacaciones. Las mismas fuentes sostienen que el exdirector hab\u00eda impulsado auditor\u00edas internas que afectaban a estructuras ligadas a La C\u00e1mpora, la Universidad de Buenos Aires y al peronismo provincial.<\/p>\n\n\n\n<p>Se asegur\u00f3 que durante su gesti\u00f3n, Cerneaz &#8220;hab\u00eda avanzado en la desvinculaci\u00f3n de empleados que figuraban en la n\u00f3mina sin cumplir funciones y que sin embargo, algunas de esas bajas habr\u00edan sido revertidas por decisi\u00f3n de la conducci\u00f3n nacional del PAMI&#8221;, encabezada por Esteban Legu\u00edzamo.<\/p>\n\n\n\n<p>Mientras que la designaci\u00f3n de Christian Varela como nuevo director profundiz\u00f3 el malestar en el espacio libertario. Varela cuenta con antecedentes en el sistema de salud bonaerense durante gestiones del Partido Justicialista, lo que fue interpretado por dirigentes locales como una se\u00f1al de entendimiento pol\u00edtico con el intendente Pablo Descalzo.<\/p>\n\n\n\n<p><\/p>\n","protected":false},"excerpt":{"rendered":"<p>El desplazamiento del director del Hospital del Bicentenario de Ituzaing&oacute;, Santiago Cerneaz, gener&oacute; una controversia pol&iacute;tica en el &aacute;mbito local y nacional. El m&eacute;dico, vinculado a La Libertad Avanza (LLA), fue removido de su cargo en medio de denuncias internas sobre presuntas irregularidades en la gesti&oacute;n y supuestos acuerdos pol&iacute;ticos entre el Gobierno nacional y &hellip; <\/p>\n","protected":false},"author":5,"featured_media":31080,"comment_status":"closed","ping_status":"closed","sticky":false,"template":"","format":"standard","meta":{"om_disable_all_campaigns":false,"_joinchat":[]},"categories":[31,8],"tags":[],"featured_image_urls":{"full":["https:\/\/infotep.com.ar\/wp-content\/uploads\/2026\/01\/hospital-bicentenario-ituzaingo.webp",1024,580,false],"thumbnail":["https:\/\/infotep.com.ar\/wp-content\/uploads\/2026\/01\/hospital-bicentenario-ituzaingo-150x150.webp",150,150,true],"medium":["https:\/\/infotep.com.ar\/wp-content\/uploads\/2026\/01\/hospital-bicentenario-ituzaingo-300x170.webp",300,170,true],"medium_large":["https:\/\/infotep.com.ar\/wp-content\/uploads\/2026\/01\/hospital-bicentenario-ituzaingo-768x435.webp",768,435,true],"large":["https:\/\/infotep.com.ar\/wp-content\/uploads\/2026\/01\/hospital-bicentenario-ituzaingo.webp",1020,578,false],"1536x1536":["https:\/\/infotep.com.ar\/wp-content\/uploads\/2026\/01\/hospital-bicentenario-ituzaingo.webp",1024,580,false],"2048x2048":["https:\/\/infotep.com.ar\/wp-content\/uploads\/2026\/01\/hospital-bicentenario-ituzaingo.webp",1024,580,false],"blossom-feminine-slider":["https:\/\/infotep.com.ar\/wp-content\/uploads\/2026\/01\/hospital-bicentenario-ituzaingo.webp",1024,580,false],"blossom-feminine-featured":["https:\/\/infotep.com.ar\/wp-content\/uploads\/2026\/01\/hospital-bicentenario-ituzaingo.webp",1024,580,false],"blossom-feminine-with-sidebar":["https:\/\/infotep.com.ar\/wp-content\/uploads\/2026\/01\/hospital-bicentenario-ituzaingo-1020x580.webp",1020,580,true],"blossom-feminine-blog":["https:\/\/infotep.com.ar\/wp-content\/uploads\/2026\/01\/hospital-bicentenario-ituzaingo-435x435.webp",435,435,true],"blossom-feminine-cat":["https:\/\/infotep.com.ar\/wp-content\/uploads\/2026\/01\/hospital-bicentenario-ituzaingo-450x300.webp",450,300,true],"blossom-feminine-related":["https:\/\/infotep.com.ar\/wp-content\/uploads\/2026\/01\/hospital-bicentenario-ituzaingo-320x200.webp",320,200,true],"blossom-feminine-schema":["https:\/\/infotep.com.ar\/wp-content\/uploads\/2026\/01\/hospital-bicentenario-ituzaingo-106x60.webp",106,60,true],"blossom-mommy-blog-slider-big":["https:\/\/infotep.com.ar\/wp-content\/uploads\/2026\/01\/hospital-bicentenario-ituzaingo-920x580.webp",920,580,true],"blossom-mommy-blog-slider":["https:\/\/infotep.com.ar\/wp-content\/uploads\/2026\/01\/hospital-bicentenario-ituzaingo-460x310.webp",460,310,true],"blossom-mommy-blog-two":["https:\/\/infotep.com.ar\/wp-content\/uploads\/2026\/01\/hospital-bicentenario-ituzaingo-768x480.webp",768,480,true]},"author_info":{"info":["Angela Tobar"]},"category_info":"<a href=\"https:\/\/infotep.com.ar\/index.php\/category\/destacadas\/\" rel=\"category tag\">Destacadas<\/a> <a href=\"https:\/\/infotep.com.ar\/index.php\/category\/municipales\/ituzaingo\/\" rel=\"category tag\">Ituzaing\u00f3<\/a>","tag_info":"Ituzaing\u00f3","comment_count":"0","_links":{"self":[{"href":"https:\/\/infotep.com.ar\/index.php\/wp-json\/wp\/v2\/posts\/31079"}],"collection":[{"href":"https:\/\/infotep.com.ar\/index.php\/wp-json\/wp\/v2\/posts"}],"about":[{"href":"https:\/\/infotep.com.ar\/index.php\/wp-json\/wp\/v2\/types\/post"}],"author":[{"embeddable":true,"href":"https:\/\/infotep.com.ar\/index.php\/wp-json\/wp\/v2\/users\/5"}],"replies":[{"embeddable":true,"href":"https:\/\/infotep.com.ar\/index.php\/wp-json\/wp\/v2\/comments?post=31079"}],"version-history":[{"count":1,"href":"https:\/\/infotep.com.ar\/index.php\/wp-json\/wp\/v2\/posts\/31079\/revisions"}],"predecessor-version":[{"id":31081,"href":"https:\/\/infotep.com.ar\/index.php\/wp-json\/wp\/v2\/posts\/31079\/revisions\/31081"}],"wp:featuredmedia":[{"embeddable":true,"href":"https:\/\/infotep.com.ar\/index.php\/wp-json\/wp\/v2\/media\/31080"}],"wp:attachment":[{"href":"https:\/\/infotep.com.ar\/index.php\/wp-json\/wp\/v2\/media?parent=31079"}],"wp:term":[{"taxonomy":"category","embeddable":true,"href":"https:\/\/infotep.com.ar\/index.php\/wp-json\/wp\/v2\/categories?post=31079"},{"taxonomy":"post_tag","embeddable":true,"href":"https:\/\/infotep.com.ar\/index.php\/wp-json\/wp\/v2\/tags?post=31079"}],"curies":[{"name":"wp","href":"https:\/\/api.w.org\/{rel}","templated":true}]}}