{"id":31129,"date":"2026-01-24T12:55:15","date_gmt":"2026-01-24T15:55:15","guid":{"rendered":"https:\/\/infotep.com.ar\/?p=31129"},"modified":"2026-01-24T12:55:15","modified_gmt":"2026-01-24T15:55:15","slug":"correa-no-hay-nada-moderno-en-una-jornada-laboral-de-13-horas","status":"publish","type":"post","link":"https:\/\/infotep.com.ar\/index.php\/2026\/01\/24\/correa-no-hay-nada-moderno-en-una-jornada-laboral-de-13-horas\/","title":{"rendered":"Correa: \u201cNo hay nada moderno en una jornada laboral de 13 horas\u201d"},"content":{"rendered":"\n<p>El ministro de Trabajo de la provincia de Buenos Aires, Walter Correa, cuestion\u00f3 el proyecto de reforma laboral impulsado por el gobierno nacional y advirti\u00f3 que su aplicaci\u00f3n profundizar\u00eda la precarizaci\u00f3n del empleo y la p\u00e9rdida de derechos de los trabajadores. <strong>Frente a esa iniciativa, plante\u00f3 la necesidad de debatir \u201cotra reforma posible\u201d, basada en la ampliaci\u00f3n de derechos, la reducci\u00f3n de la jornada laboral y la adaptaci\u00f3n a los cambios tecnol\u00f3gicos.<\/strong><\/p>\n\n\n\n<p>Las declaraciones fueron realizadas en una nota publicada en el bolet\u00edn Formando Futuro, edici\u00f3n #08, titulada La otra reforma posible, del portal del Movimiento Derecho al Futuro (MDF). All\u00ed, Correa sostuvo que la propuesta del gobierno de Javier Milei no responde a una modernizaci\u00f3n del mundo del trabajo, sino a un modelo econ\u00f3mico regresivo.<strong> \u201cEl gobierno de Milei representa a los grupos concentrados de la econom\u00eda mundial y act\u00faa como administrador de la entrega de la soberan\u00eda y los recursos naturales\u201d, afirm\u00f3.<\/strong><\/p>\n\n\n\n<p class=\"has-light-green-cyan-background-color has-background\">El funcionario bonaerense se\u00f1al\u00f3 que el esquema planteado no es novedoso y record\u00f3 experiencias previas con consecuencias negativas para el empleo y la producci\u00f3n nacional. \u201cLa f\u00f3rmula es vieja y ya se puso en pr\u00e1ctica. Cuando se aplic\u00f3, gener\u00f3 industricidio, millones de trabajadores despedidos y miles de familias por debajo de la l\u00ednea de pobreza\u201d, advirti\u00f3, al tiempo que alert\u00f3 sobre el riesgo de \u201cun nuevo 2001\u201d.<\/p>\n\n\n\n<p>En ese marco, Correa afirm\u00f3 que durante los primeros a\u00f1os de la actual gesti\u00f3n nacional se perdieron m\u00e1s de 200 mil puestos de trabajo formales. \u201cNo son n\u00fameros fr\u00edos: son padres y madres, hijas e hijos que se quedan sin trabajo o que ya no llegan a fin de mes\u201d, sostuvo.<\/p>\n\n\n\n<p>El ministro tambi\u00e9n se\u00f1al\u00f3 que la flexibilizaci\u00f3n laboral ya se expresa en la vida cotidiana. \u201cHoy muchos trabajadores no preguntan por la categor\u00eda o el salario; la prioridad es llevar un plato de comida a la casa\u201d, explic\u00f3.<\/p>\n\n\n\n<p>Al analizar el modelo de pa\u00eds que subyace a la reforma, Correa consider\u00f3 que Argentina atraviesa \u201cel mayor retroceso en derechos de los \u00faltimos 41 a\u00f1os de democracia\u201d y cuestion\u00f3 la noci\u00f3n oficial de modernizaci\u00f3n laboral. \u201cSe habla de modernizaci\u00f3n mientras se propone una jornada de hasta 13 horas. No hay nada moderno en eso\u201d, remarc\u00f3.<\/p>\n\n\n\n<p>Respecto del rol del peronismo, rechaz\u00f3 la idea de que sea necesario \u201cexplicar\u201d las consecuencias de la reforma a los trabajadores. \u201cEl pueblo trabajador lo entiende perfectamente. No hay que subestimarlo, hay que estar cerca\u201d, afirm\u00f3, y convoc\u00f3 a transformar al peronismo en \u201cel movimiento del pueblo trabajador\u201d.<\/p>\n\n\n\n<p>Como contrapunto, destac\u00f3 las pol\u00edticas laborales impulsadas por el gobierno de Axel Kicillof en la provincia de Buenos Aires. Entre ellas, mencion\u00f3 la creaci\u00f3n del ICLOP, un sistema de conciliaci\u00f3n laboral obligatoria prejudicial que busca agilizar acuerdos y reducir la judicializaci\u00f3n de los conflictos. \u201cEl objetivo es resolverlos sin perjudicar al trabajador\u201d, se\u00f1al\u00f3.<\/p>\n\n\n\n<p>Tambi\u00e9n resalt\u00f3 el proyecto provincial para regular el trabajo en plataformas digitales, elaborado en base a recomendaciones de la OIT. \u201cEs una modalidad que requiere intervenci\u00f3n estatal inmediata para garantizar salud, seguridad y registraci\u00f3n laboral\u201d, indic\u00f3, y subray\u00f3 que Buenos Aires es la primera provincia en avanzar en una iniciativa concreta.<\/p>\n\n\n\n<p>En materia de formaci\u00f3n, Correa destac\u00f3 el funcionamiento de los Centros de Formaci\u00f3n Laboral: actualmente hay 366 centros activos y en el \u00faltimo a\u00f1o egresaron m\u00e1s de 82.000 trabajadores y trabajadoras.<\/p>\n\n\n\n<p>Finalmente, el ministro sostuvo que el pa\u00eds necesita una reforma laboral, pero con un enfoque opuesto al del gobierno nacional. \u201cHace falta una reforma verdaderamente moderna, que discuta la reducci\u00f3n de la jornada, la formalizaci\u00f3n del empleo y la adaptaci\u00f3n a los cambios tecnol\u00f3gicos\u201d, afirm\u00f3. Y concluy\u00f3: \u201cUna verdadera reforma se construye con debate abierto y consensos, no se impone a puertas cerradas\u201d.<\/p>\n","protected":false},"excerpt":{"rendered":"<p>El ministro de Trabajo de la provincia de Buenos Aires, Walter Correa, cuestion&oacute; el proyecto de reforma laboral impulsado por el gobierno nacional y advirti&oacute; que su aplicaci&oacute;n profundizar&iacute;a la precarizaci&oacute;n del empleo y la p&eacute;rdida de derechos de los trabajadores. Frente a esa iniciativa, plante&oacute; la necesidad de debatir &ldquo;otra reforma posible&rdquo;, basada en &hellip; <\/p>\n","protected":false},"author":5,"featured_media":31130,"comment_status":"closed","ping_status":"closed","sticky":false,"template":"","format":"standard","meta":{"om_disable_all_campaigns":false,"_joinchat":[]},"categories":[7],"tags":[],"featured_image_urls":{"full":["https:\/\/infotep.com.ar\/wp-content\/uploads\/2026\/01\/correa-2.jpeg",1500,999,false],"thumbnail":["https:\/\/infotep.com.ar\/wp-content\/uploads\/2026\/01\/correa-2-150x150.jpeg",150,150,true],"medium":["https:\/\/infotep.com.ar\/wp-content\/uploads\/2026\/01\/correa-2-300x200.jpeg",300,200,true],"medium_large":["https:\/\/infotep.com.ar\/wp-content\/uploads\/2026\/01\/correa-2-768x511.jpeg",768,511,true],"large":["https:\/\/infotep.com.ar\/wp-content\/uploads\/2026\/01\/correa-2-1024x682.jpeg",1020,679,true],"1536x1536":["https:\/\/infotep.com.ar\/wp-content\/uploads\/2026\/01\/correa-2.jpeg",1500,999,false],"2048x2048":["https:\/\/infotep.com.ar\/wp-content\/uploads\/2026\/01\/correa-2.jpeg",1500,999,false],"blossom-feminine-slider":["https:\/\/infotep.com.ar\/wp-content\/uploads\/2026\/01\/correa-2-1500x649.jpeg",1500,649,true],"blossom-feminine-featured":["https:\/\/infotep.com.ar\/wp-content\/uploads\/2026\/01\/correa-2-1410x600.jpeg",1410,600,true],"blossom-feminine-with-sidebar":["https:\/\/infotep.com.ar\/wp-content\/uploads\/2026\/01\/correa-2-1020x600.jpeg",1020,600,true],"blossom-feminine-blog":["https:\/\/infotep.com.ar\/wp-content\/uploads\/2026\/01\/correa-2-435x435.jpeg",435,435,true],"blossom-feminine-cat":["https:\/\/infotep.com.ar\/wp-content\/uploads\/2026\/01\/correa-2-450x300.jpeg",450,300,true],"blossom-feminine-related":["https:\/\/infotep.com.ar\/wp-content\/uploads\/2026\/01\/correa-2-320x200.jpeg",320,200,true],"blossom-feminine-schema":["https:\/\/infotep.com.ar\/wp-content\/uploads\/2026\/01\/correa-2-90x60.jpeg",90,60,true],"blossom-mommy-blog-slider-big":["https:\/\/infotep.com.ar\/wp-content\/uploads\/2026\/01\/correa-2-920x650.jpeg",920,650,true],"blossom-mommy-blog-slider":["https:\/\/infotep.com.ar\/wp-content\/uploads\/2026\/01\/correa-2-460x310.jpeg",460,310,true],"blossom-mommy-blog-two":["https:\/\/infotep.com.ar\/wp-content\/uploads\/2026\/01\/correa-2-768x480.jpeg",768,480,true]},"author_info":{"info":["Angela Tobar"]},"category_info":"<a href=\"https:\/\/infotep.com.ar\/index.php\/category\/gremios\/\" rel=\"category tag\">Gremios<\/a>","tag_info":"Gremios","comment_count":"0","_links":{"self":[{"href":"https:\/\/infotep.com.ar\/index.php\/wp-json\/wp\/v2\/posts\/31129"}],"collection":[{"href":"https:\/\/infotep.com.ar\/index.php\/wp-json\/wp\/v2\/posts"}],"about":[{"href":"https:\/\/infotep.com.ar\/index.php\/wp-json\/wp\/v2\/types\/post"}],"author":[{"embeddable":true,"href":"https:\/\/infotep.com.ar\/index.php\/wp-json\/wp\/v2\/users\/5"}],"replies":[{"embeddable":true,"href":"https:\/\/infotep.com.ar\/index.php\/wp-json\/wp\/v2\/comments?post=31129"}],"version-history":[{"count":1,"href":"https:\/\/infotep.com.ar\/index.php\/wp-json\/wp\/v2\/posts\/31129\/revisions"}],"predecessor-version":[{"id":31131,"href":"https:\/\/infotep.com.ar\/index.php\/wp-json\/wp\/v2\/posts\/31129\/revisions\/31131"}],"wp:featuredmedia":[{"embeddable":true,"href":"https:\/\/infotep.com.ar\/index.php\/wp-json\/wp\/v2\/media\/31130"}],"wp:attachment":[{"href":"https:\/\/infotep.com.ar\/index.php\/wp-json\/wp\/v2\/media?parent=31129"}],"wp:term":[{"taxonomy":"category","embeddable":true,"href":"https:\/\/infotep.com.ar\/index.php\/wp-json\/wp\/v2\/categories?post=31129"},{"taxonomy":"post_tag","embeddable":true,"href":"https:\/\/infotep.com.ar\/index.php\/wp-json\/wp\/v2\/tags?post=31129"}],"curies":[{"name":"wp","href":"https:\/\/api.w.org\/{rel}","templated":true}]}}