{"id":31132,"date":"2026-01-24T13:03:37","date_gmt":"2026-01-24T16:03:37","guid":{"rendered":"https:\/\/infotep.com.ar\/?p=31132"},"modified":"2026-01-24T13:03:38","modified_gmt":"2026-01-24T16:03:38","slug":"con-milei-el-salario-docente-universitario-cayo-a-su-nivel-mas-bajo-en-dos-decadas","status":"publish","type":"post","link":"https:\/\/infotep.com.ar\/index.php\/2026\/01\/24\/con-milei-el-salario-docente-universitario-cayo-a-su-nivel-mas-bajo-en-dos-decadas\/","title":{"rendered":"Con Milei, el salario docente universitario cay\u00f3 a su nivel m\u00e1s bajo en dos d\u00e9cadas"},"content":{"rendered":"\n<p>Los salarios de los docentes universitarios alcanzaron en 2025 su nivel m\u00e1s bajo de los \u00faltimos 20 a\u00f1os. Seg\u00fan un informe del Instituto Argentino de An\u00e1lisis Fiscal (IARAF) y estimaciones de los gremios del sector, desde la asunci\u00f3n de Javier Milei el poder adquisitivo cay\u00f3 entre un 35% y un 40,5%, una p\u00e9rdida equivalente a siete sueldos.<\/p>\n\n\n\n<p>El deterioro impact\u00f3 de forma directa en los ingresos concretos. Un docente con dedicaci\u00f3n simple \u2014unas 10 horas semanales\u2014 perdi\u00f3 $1.622.047 desde fines de 2023, mientras que un titular de c\u00e1tedra dej\u00f3 de percibir $2.898.168 en el mismo per\u00edodo. La principal causa fue el retraso salarial frente a la inflaci\u00f3n y las paritarias por debajo de la suba de precios.<\/p>\n\n\n\n<p>El conflicto se profundiz\u00f3 tras el veto presidencial a la Ley de Financiamiento Universitario, aprobada por el Congreso en 2024, que contemplaba una recomposici\u00f3n salarial y actualizaciones bimestrales del presupuesto. El Gobierno argument\u00f3 que la norma atentaba contra el objetivo de \u201cd\u00e9ficit cero\u201d, dejando sin respuesta el reclamo docente y agravando el desfinanciamiento de las universidades nacionales.<\/p>\n\n\n\n<p>De acuerdo con IARAF, solo en 2025 los salarios universitarios perdieron un 12,7% real, que se suma a la ca\u00edda del 9,9% registrada en 2024. Los gremios Conadu, Conadu Hist\u00f3rica y Fedun coinciden en que el recorte acumulado ubica a los docentes universitarios entre los trabajadores estatales m\u00e1s afectados por el ajuste.<\/p>\n\n\n\n<p>Para recuperar el poder adquisitivo vigente a fines de 2023, los sindicatos estiman que ser\u00eda necesaria una suba salarial de entre el 50% y el 58%. Mientras tanto, el financiamiento universitario contin\u00faa en el centro del conflicto educativo y del debate p\u00fablico.<\/p>\n","protected":false},"excerpt":{"rendered":"<p>Los salarios de los docentes universitarios alcanzaron en 2025 su nivel m&aacute;s bajo de los &uacute;ltimos 20 a&ntilde;os. Seg&uacute;n un informe del Instituto Argentino de An&aacute;lisis Fiscal (IARAF) y estimaciones de los gremios del sector, desde la asunci&oacute;n de Javier Milei el poder adquisitivo cay&oacute; entre un 35% y un 40,5%, una p&eacute;rdida equivalente a &hellip; <\/p>\n","protected":false},"author":5,"featured_media":27735,"comment_status":"closed","ping_status":"closed","sticky":false,"template":"","format":"standard","meta":{"om_disable_all_campaigns":false,"_joinchat":[]},"categories":[7,6],"tags":[],"featured_image_urls":{"full":["https:\/\/infotep.com.ar\/wp-content\/uploads\/2025\/09\/MARCHA-UNIVERSITARIA-397.jpg",1200,800,false],"thumbnail":["https:\/\/infotep.com.ar\/wp-content\/uploads\/2025\/09\/MARCHA-UNIVERSITARIA-397-150x150.jpg",150,150,true],"medium":["https:\/\/infotep.com.ar\/wp-content\/uploads\/2025\/09\/MARCHA-UNIVERSITARIA-397-300x200.jpg",300,200,true],"medium_large":["https:\/\/infotep.com.ar\/wp-content\/uploads\/2025\/09\/MARCHA-UNIVERSITARIA-397-768x512.jpg",768,512,true],"large":["https:\/\/infotep.com.ar\/wp-content\/uploads\/2025\/09\/MARCHA-UNIVERSITARIA-397-1024x683.jpg",1020,680,true],"1536x1536":["https:\/\/infotep.com.ar\/wp-content\/uploads\/2025\/09\/MARCHA-UNIVERSITARIA-397.jpg",1200,800,false],"2048x2048":["https:\/\/infotep.com.ar\/wp-content\/uploads\/2025\/09\/MARCHA-UNIVERSITARIA-397.jpg",1200,800,false],"blossom-feminine-slider":["https:\/\/infotep.com.ar\/wp-content\/uploads\/2025\/09\/MARCHA-UNIVERSITARIA-397-1200x649.jpg",1200,649,true],"blossom-feminine-featured":["https:\/\/infotep.com.ar\/wp-content\/uploads\/2025\/09\/MARCHA-UNIVERSITARIA-397-1200x600.jpg",1200,600,true],"blossom-feminine-with-sidebar":["https:\/\/infotep.com.ar\/wp-content\/uploads\/2025\/09\/MARCHA-UNIVERSITARIA-397-1020x600.jpg",1020,600,true],"blossom-feminine-blog":["https:\/\/infotep.com.ar\/wp-content\/uploads\/2025\/09\/MARCHA-UNIVERSITARIA-397-435x435.jpg",435,435,true],"blossom-feminine-cat":["https:\/\/infotep.com.ar\/wp-content\/uploads\/2025\/09\/MARCHA-UNIVERSITARIA-397-450x300.jpg",450,300,true],"blossom-feminine-related":["https:\/\/infotep.com.ar\/wp-content\/uploads\/2025\/09\/MARCHA-UNIVERSITARIA-397-320x200.jpg",320,200,true],"blossom-feminine-schema":["https:\/\/infotep.com.ar\/wp-content\/uploads\/2025\/09\/MARCHA-UNIVERSITARIA-397-90x60.jpg",90,60,true],"blossom-mommy-blog-slider-big":["https:\/\/infotep.com.ar\/wp-content\/uploads\/2025\/09\/MARCHA-UNIVERSITARIA-397-920x650.jpg",920,650,true],"blossom-mommy-blog-slider":["https:\/\/infotep.com.ar\/wp-content\/uploads\/2025\/09\/MARCHA-UNIVERSITARIA-397-460x310.jpg",460,310,true],"blossom-mommy-blog-two":["https:\/\/infotep.com.ar\/wp-content\/uploads\/2025\/09\/MARCHA-UNIVERSITARIA-397-768x480.jpg",768,480,true]},"author_info":{"info":["Angela Tobar"]},"category_info":"<a href=\"https:\/\/infotep.com.ar\/index.php\/category\/gremios\/\" rel=\"category tag\">Gremios<\/a> <a href=\"https:\/\/infotep.com.ar\/index.php\/category\/universitarias\/\" rel=\"category tag\">Universitarias<\/a>","tag_info":"Universitarias","comment_count":"0","_links":{"self":[{"href":"https:\/\/infotep.com.ar\/index.php\/wp-json\/wp\/v2\/posts\/31132"}],"collection":[{"href":"https:\/\/infotep.com.ar\/index.php\/wp-json\/wp\/v2\/posts"}],"about":[{"href":"https:\/\/infotep.com.ar\/index.php\/wp-json\/wp\/v2\/types\/post"}],"author":[{"embeddable":true,"href":"https:\/\/infotep.com.ar\/index.php\/wp-json\/wp\/v2\/users\/5"}],"replies":[{"embeddable":true,"href":"https:\/\/infotep.com.ar\/index.php\/wp-json\/wp\/v2\/comments?post=31132"}],"version-history":[{"count":1,"href":"https:\/\/infotep.com.ar\/index.php\/wp-json\/wp\/v2\/posts\/31132\/revisions"}],"predecessor-version":[{"id":31133,"href":"https:\/\/infotep.com.ar\/index.php\/wp-json\/wp\/v2\/posts\/31132\/revisions\/31133"}],"wp:featuredmedia":[{"embeddable":true,"href":"https:\/\/infotep.com.ar\/index.php\/wp-json\/wp\/v2\/media\/27735"}],"wp:attachment":[{"href":"https:\/\/infotep.com.ar\/index.php\/wp-json\/wp\/v2\/media?parent=31132"}],"wp:term":[{"taxonomy":"category","embeddable":true,"href":"https:\/\/infotep.com.ar\/index.php\/wp-json\/wp\/v2\/categories?post=31132"},{"taxonomy":"post_tag","embeddable":true,"href":"https:\/\/infotep.com.ar\/index.php\/wp-json\/wp\/v2\/tags?post=31132"}],"curies":[{"name":"wp","href":"https:\/\/api.w.org\/{rel}","templated":true}]}}