{"id":31140,"date":"2026-01-25T13:54:11","date_gmt":"2026-01-25T16:54:11","guid":{"rendered":"https:\/\/infotep.com.ar\/?p=31140"},"modified":"2026-01-25T13:54:50","modified_gmt":"2026-01-25T16:54:50","slug":"trabajadores-de-cocot-y-dufour-alertan-por-importaciones-y-ajuste-en-la-planta-de-parque-chas","status":"publish","type":"post","link":"https:\/\/infotep.com.ar\/index.php\/2026\/01\/25\/trabajadores-de-cocot-y-dufour-alertan-por-importaciones-y-ajuste-en-la-planta-de-parque-chas\/","title":{"rendered":"Trabajadores de Cocot y Dufour en estado de alerta por importaciones y ajuste en la planta de Parque Chas"},"content":{"rendered":"\n<p>Trabajadores de una hist\u00f3rica empresa textil realizaron una protesta en el barrio porte\u00f1o de Parque Chas ante el riesgo que enfrenta la producci\u00f3n local de las marcas de lencer\u00eda Cocot y Dufour. Denuncian despidos, salarios fraccionados y el avance de importaciones en reemplazo de la fabricaci\u00f3n nacional.<\/p>\n\n\n\n<p>El conflicto se visibiliz\u00f3 este fin de semana frente a la planta ubicada en Parque Chas, donde empleados alertaron sobre el despido de al menos 140 trabajadores en los \u00faltimos dos meses y una creciente precarizaci\u00f3n laboral.<\/p>\n\n\n\n<p>Seg\u00fan indicaron los manifestantes, la empresa comenz\u00f3 a pagar los sueldos, el aguinaldo y las vacaciones en cuotas, argumentando falta de fondos, a pesar de que las l\u00edneas de producci\u00f3n contin\u00faan operando las 24 horas.<\/p>\n\n\n\n<p><strong>Salarios bajos y producci\u00f3n en riesgo<\/strong><\/p>\n\n\n\n<p>De acuerdo a lo informado por los trabajadores, los salarios rondan los $700.000 mensuales, con jornadas laborales de nueve horas. El reclamo no se limita \u00fanicamente a la regularizaci\u00f3n de los haberes, sino que tambi\u00e9n apunta a la defensa de la industria nacional.<\/p>\n\n\n\n<p>Durante la protesta \u2014que tuvo momentos de tensi\u00f3n por la presencia policial para evitar cortes de calle\u2014 los operarios denunciaron que la empresa estar\u00eda reemplazando la producci\u00f3n local por insumos importados desde China.<\/p>\n\n\n\n<p>\u201cEl patr\u00f3n dice que no hay plata, pero nosotros seguimos trabajando. Las cuentas no esperan y en marzo tenemos que afrontar los gastos de la escuela\u201d, expresaron los empleados.<\/p>\n\n\n\n<p><strong>Despidos, retiros voluntarios y ajuste<\/strong><\/p>\n\n\n\n<p>El conflicto en Cocot se da en un contexto de ca\u00edda del consumo y ajuste en el sector industrial. Seg\u00fan relataron los trabajadores, la firma impulsa retiros voluntarios como mecanismo para seguir reduciendo el plantel, que actualmente ronda los 500 operarios.<\/p>\n\n\n\n<p>Adem\u00e1s, denunciaron deudas en bonos y remuneraciones correspondientes a fin de a\u00f1o, lo que profundiza la incertidumbre sobre la continuidad laboral y el futuro de la producci\u00f3n nacional en la planta.<\/p>\n","protected":false},"excerpt":{"rendered":"<p>Trabajadores de una hist&oacute;rica empresa textil realizaron una protesta en el barrio porte&ntilde;o de Parque Chas ante el riesgo que enfrenta la producci&oacute;n local de las marcas de lencer&iacute;a Cocot y Dufour. Denuncian despidos, salarios fraccionados y el avance de importaciones en reemplazo de la fabricaci&oacute;n nacional. El conflicto se visibiliz&oacute; este fin de semana &hellip; <\/p>\n","protected":false},"author":5,"featured_media":31141,"comment_status":"closed","ping_status":"closed","sticky":false,"template":"","format":"standard","meta":{"om_disable_all_campaigns":false,"_joinchat":[]},"categories":[7,3],"tags":[],"featured_image_urls":{"full":["https:\/\/infotep.com.ar\/wp-content\/uploads\/2026\/01\/cocot.webp",610,343,false],"thumbnail":["https:\/\/infotep.com.ar\/wp-content\/uploads\/2026\/01\/cocot-150x150.webp",150,150,true],"medium":["https:\/\/infotep.com.ar\/wp-content\/uploads\/2026\/01\/cocot-300x169.webp",300,169,true],"medium_large":["https:\/\/infotep.com.ar\/wp-content\/uploads\/2026\/01\/cocot.webp",610,343,false],"large":["https:\/\/infotep.com.ar\/wp-content\/uploads\/2026\/01\/cocot.webp",610,343,false],"1536x1536":["https:\/\/infotep.com.ar\/wp-content\/uploads\/2026\/01\/cocot.webp",610,343,false],"2048x2048":["https:\/\/infotep.com.ar\/wp-content\/uploads\/2026\/01\/cocot.webp",610,343,false],"blossom-feminine-slider":["https:\/\/infotep.com.ar\/wp-content\/uploads\/2026\/01\/cocot.webp",610,343,false],"blossom-feminine-featured":["https:\/\/infotep.com.ar\/wp-content\/uploads\/2026\/01\/cocot.webp",610,343,false],"blossom-feminine-with-sidebar":["https:\/\/infotep.com.ar\/wp-content\/uploads\/2026\/01\/cocot.webp",610,343,false],"blossom-feminine-blog":["https:\/\/infotep.com.ar\/wp-content\/uploads\/2026\/01\/cocot-435x343.webp",435,343,true],"blossom-feminine-cat":["https:\/\/infotep.com.ar\/wp-content\/uploads\/2026\/01\/cocot-450x300.webp",450,300,true],"blossom-feminine-related":["https:\/\/infotep.com.ar\/wp-content\/uploads\/2026\/01\/cocot-320x200.webp",320,200,true],"blossom-feminine-schema":["https:\/\/infotep.com.ar\/wp-content\/uploads\/2026\/01\/cocot-107x60.webp",107,60,true],"blossom-mommy-blog-slider-big":["https:\/\/infotep.com.ar\/wp-content\/uploads\/2026\/01\/cocot.webp",610,343,false],"blossom-mommy-blog-slider":["https:\/\/infotep.com.ar\/wp-content\/uploads\/2026\/01\/cocot-460x310.webp",460,310,true],"blossom-mommy-blog-two":["https:\/\/infotep.com.ar\/wp-content\/uploads\/2026\/01\/cocot.webp",610,343,false]},"author_info":{"info":["Angela Tobar"]},"category_info":"<a href=\"https:\/\/infotep.com.ar\/index.php\/category\/gremios\/\" rel=\"category tag\">Gremios<\/a> <a href=\"https:\/\/infotep.com.ar\/index.php\/category\/nacionales\/\" rel=\"category tag\">Nacionales<\/a>","tag_info":"Nacionales","comment_count":"0","_links":{"self":[{"href":"https:\/\/infotep.com.ar\/index.php\/wp-json\/wp\/v2\/posts\/31140"}],"collection":[{"href":"https:\/\/infotep.com.ar\/index.php\/wp-json\/wp\/v2\/posts"}],"about":[{"href":"https:\/\/infotep.com.ar\/index.php\/wp-json\/wp\/v2\/types\/post"}],"author":[{"embeddable":true,"href":"https:\/\/infotep.com.ar\/index.php\/wp-json\/wp\/v2\/users\/5"}],"replies":[{"embeddable":true,"href":"https:\/\/infotep.com.ar\/index.php\/wp-json\/wp\/v2\/comments?post=31140"}],"version-history":[{"count":2,"href":"https:\/\/infotep.com.ar\/index.php\/wp-json\/wp\/v2\/posts\/31140\/revisions"}],"predecessor-version":[{"id":31143,"href":"https:\/\/infotep.com.ar\/index.php\/wp-json\/wp\/v2\/posts\/31140\/revisions\/31143"}],"wp:featuredmedia":[{"embeddable":true,"href":"https:\/\/infotep.com.ar\/index.php\/wp-json\/wp\/v2\/media\/31141"}],"wp:attachment":[{"href":"https:\/\/infotep.com.ar\/index.php\/wp-json\/wp\/v2\/media?parent=31140"}],"wp:term":[{"taxonomy":"category","embeddable":true,"href":"https:\/\/infotep.com.ar\/index.php\/wp-json\/wp\/v2\/categories?post=31140"},{"taxonomy":"post_tag","embeddable":true,"href":"https:\/\/infotep.com.ar\/index.php\/wp-json\/wp\/v2\/tags?post=31140"}],"curies":[{"name":"wp","href":"https:\/\/api.w.org\/{rel}","templated":true}]}}