{"id":31147,"date":"2026-01-26T18:46:26","date_gmt":"2026-01-26T21:46:26","guid":{"rendered":"https:\/\/infotep.com.ar\/?p=31147"},"modified":"2026-01-26T18:46:27","modified_gmt":"2026-01-26T21:46:27","slug":"opinion-donde-esta-milei","status":"publish","type":"post","link":"https:\/\/infotep.com.ar\/index.php\/2026\/01\/26\/opinion-donde-esta-milei\/","title":{"rendered":"Opini\u00f3n: \u00bfD\u00f3nde est\u00e1 Milei?"},"content":{"rendered":"\n<p><\/p>\n\n\n\n<p>El presidente Javier Milei habl\u00f3 frente al Foro Econ\u00f3mico Mundial en Davos, antes de ver la realidad del pa\u00eds prefiri\u00f3 autoelogiarse y describir un panorama inexistente, con datos y premisas falsas.<\/p>\n\n\n\n<p><strong>Por Rub\u00e9n Magliotti<\/strong><\/p>\n\n\n<div class=\"wp-block-image\">\n<figure class=\"alignleft size-full\"><img decoding=\"async\" src=\"https:\/\/infotep.com.ar\/wp-content\/uploads\/2026\/01\/image-16.png\" alt=\"\" class=\"wp-image-31162\"\/><\/figure><\/div>\n\n\n<p>Milei inici\u00f3 su discurso parafraseando a Friedrich Nietzsche cambiando su famosa frase de <strong><em>\u201cDios ha muerto\u201d a \u201cMaquiavelo a muerto\u201d,<\/em><\/strong> asegurando que el pol\u00edtico calculador y especulativo ya no ten\u00eda lugar porque ahora s\u00f3lo importan los hechos que hablan por si mismo.<\/p>\n\n\n\n<p>Para lograr la aceptaci\u00f3n inmediata de los asistentes, que ven\u00edan de escuchar a el presidente de Estados Unidos Donald Trump, <strong><em>Milei en la cumbre del capitalismo empez\u00f3 elogiando al mismo capitalismo, obviamente todos de acuerdo<\/em><\/strong>.<\/p>\n\n\n\n<p>En la primera parte de su discurso empez\u00f3 a citar a autores del liberalismo econ\u00f3mico intentando fundamentar las bondades del capitalismo basado en el marco te\u00f3rico de sus ide\u00f3logos fundadores como Jes\u00fas Huerta de Soto, Thomas Hobbes, Alberto Venegas Lynch, Adam Smith, John Locke, entre otros.<\/p>\n\n\n\n<p>Menos agresivo que en el Davos anterior <strong><em>que declar\u00f3 que la homosexualidad era un delito,<\/em><\/strong> no escatim\u00f3 sin embargo descalificaciones injuriosas hacia el mundo woke, socialismo, comunismo, populismo y esa ensalada rusa que al presidente le gusta enunciar.<\/p>\n\n\n\n<p>Pero lo m\u00e1s llamativo no es su pretencioso y no logrado discurso te\u00f3rico, <strong><em>sino sobre lo que cont\u00f3 de lo que est\u00e1 pasando en la Argentina,<\/em><\/strong> de all\u00ed el t\u00edtulo de esta nota.<\/p>\n\n\n\n<p><strong><em>Seg\u00fan Milei el capitalismo es el sistema que genera mayor tasa de crecimiento<\/em><\/strong>, extirp\u00f3 un d\u00e9ficit fiscal de 15 puntos del PBI, bajando la inflaci\u00f3n del 300 al 30 por ciento, reduciendo el riesgo pa\u00eds en 2500 puntos b\u00e1sicos, haciendo crecer la econom\u00eda, y bajar la pobreza del 57 al 27% llevando pol\u00edticas publicas \u00e9ticas y morales.<\/p>\n\n\n\n<p class=\"has-light-green-cyan-background-color has-background\">\u00cdndice de pobreza<\/p>\n\n\n\n<p>Todos estos n\u00fameros citados, hoy en d\u00eda est\u00e1n en otra situaci\u00f3n, sobre el \u00edndice de pobreza podemos decir que m\u00e1s all\u00e1 de lo controversial de c\u00f3mo se mide, con indicadores del a\u00f1o 2008 cuando las tarifas de los servicios p\u00fablicos estaban subsidiadas y su influencia en la canasta b\u00e1sica era mucho menor, a que en realidad el \u00edndice de pobreza en el \u00faltimo trimestre de Alberto Fern\u00e1ndez era del <strong>41% y para diciembre del 2025 el INDEC anunci\u00f3 un 31% con tendencia en aumento. <\/strong>Obviando que <strong><em>durante el primer semestre de su gesti\u00f3n y debido a las brutales medidas que \u00e9l tomo la pobreza lleg\u00f3 al 44%<\/em><\/strong>.<\/p>\n\n\n\n<figure class=\"wp-block-image size-full\"><img decoding=\"async\" loading=\"lazy\" width=\"589\" height=\"462\" src=\"https:\/\/infotep.com.ar\/wp-content\/uploads\/2026\/01\/image-12.png\" alt=\"\" class=\"wp-image-31158\" srcset=\"https:\/\/infotep.com.ar\/wp-content\/uploads\/2026\/01\/image-12.png 589w, https:\/\/infotep.com.ar\/wp-content\/uploads\/2026\/01\/image-12-300x235.png 300w, https:\/\/infotep.com.ar\/wp-content\/uploads\/2026\/01\/image-12-76x60.png 76w\" sizes=\"(max-width: 589px) 100vw, 589px\" \/><\/figure>\n\n\n\n<p><a href=\"https:\/\/www.blogger.com\/blog\/post\/edit\/1713314425882458797\/3874724045134672279\"><strong><em><\/em><\/strong><\/a><\/p>\n\n\n\n<p class=\"has-light-green-cyan-background-color has-background\">Inflaci\u00f3n<\/p>\n\n\n\n<p><strong><em>Milei miente y exagera cuando dice que la inflaci\u00f3n era del 300%,<\/em><\/strong> seg\u00fan el INDEC era del 211%, claro bajarla al 30% igual es un mont\u00f3n, \u00bfpero a qu\u00e9 costo? pues congelando el consumo, <strong><em>sin consumo siempre se reduce la inflaci\u00f3n<\/em><\/strong>, por eso la <strong><em>p\u00e9rdida del poder adquisitivo de los salarios, de las jubilaciones, el aumento de los despidos tanto en la administraci\u00f3n p\u00fablica como en el \u00e1mbito privado,<\/em><\/strong> <strong><em>endeudados como nunca antes<\/em><\/strong> para congelar la cotizaci\u00f3n del d\u00f3lar, que incluso de su propio palo le est\u00e1n advirtiendo que m\u00e1s temprano que tarde se va a disparar.<\/p>\n\n\n\n<p class=\"has-light-green-cyan-background-color has-background\">Crecimiento de la econom\u00eda<\/p>\n\n\n\n<p>Durante el 2025 <strong><em>el crecimiento de la econom\u00eda fue de apenas el 4%,<\/em><\/strong> comparado con el a\u00f1o anterior, <strong><em>basada en las exportaciones del agro, energ\u00eda y miner\u00eda<\/em><\/strong>, en <strong><em>cambio la industria se desplom\u00f3 entre el 8 y el 10%, con picos como la construcci\u00f3n que experiment\u00f3 una ca\u00edda del 21%,<\/em><\/strong> por eso por primera vez se registra un aumento de la econom\u00eda y una p\u00e9rdida significativa del empleo formal.<\/p>\n\n\n\n<p>La semana pasada el INDEC daba a conocer el indicador de la actividad econ\u00f3mica <strong><em>que retrocedi\u00f3 en noviembre contra octubre y viene de retroceder desde septiembre.<\/em><\/strong> Es decir la actividad econ\u00f3mica en el \u00faltimo trimestre viene de un estancamiento a un retroceso.<\/p>\n\n\n<div class=\"wp-block-image\">\n<figure class=\"alignleft size-full\"><img decoding=\"async\" loading=\"lazy\" width=\"399\" height=\"326\" src=\"https:\/\/infotep.com.ar\/wp-content\/uploads\/2026\/01\/image-15.png\" alt=\"\" class=\"wp-image-31161\" srcset=\"https:\/\/infotep.com.ar\/wp-content\/uploads\/2026\/01\/image-15.png 399w, https:\/\/infotep.com.ar\/wp-content\/uploads\/2026\/01\/image-15-300x245.png 300w, https:\/\/infotep.com.ar\/wp-content\/uploads\/2026\/01\/image-15-73x60.png 73w\" sizes=\"(max-width: 399px) 100vw, 399px\" \/><\/figure><\/div>\n\n\n<p><a href=\"https:\/\/blogger.googleusercontent.com\/img\/a\/AVvXsEhkoUiaAmRReVco6H1oEpyuzIo-4rVMzXuyjBVFRe9-hsp8JoKPBytmxtCLL4AQoXlJJjiZkEpipDFuq_0Hzs94Yi7qBX-pbusLAk9JTXyP-QPUjSQa9CWkcoEMCFU72yFncVvW1kE9EAbWbe2tfLJ8Q9LUrjWtJ4q01zPEgjF9puMsSLODIydaZbSlC2o\"><\/a><\/p>\n\n\n\n<p>Sobre las bondades del capitalismo<\/p>\n\n\n\n<p>En su discurso <strong><em>Javier Milei resalta al sistema capitalista como el \u00fanico viable que garantiza crecimiento<\/em><\/strong>, pero se olvida de China, un pa\u00eds comunista con control estatal de su econom\u00eda <strong><em>que se transform\u00f3 en el de mayor crecimiento<\/em><\/strong>.<\/p>\n\n\n\n<p>En la \u00faltima d\u00e9cada (aprox. 2015-2025<strong><em>), los pa\u00edses que han registrado el mayor crecimiento econ\u00f3mico<\/em><\/strong>, basado en el aumento de su PIB, <strong><em>son China<\/em><\/strong><em>,<\/em> como ya dijimos con econom\u00eda estatal, <strong><em>India <\/em><\/strong>con unaeconom\u00eda mixta estatal y privada, <strong><em>Indonesia<\/em><\/strong> tambi\u00e9n mixta, <strong><em>Vietnam<\/em><\/strong> (socialista) y <strong><em>Singapur<\/em><\/strong> con econom\u00eda de mercado mixta altamente desarrollada y pro-empresarial.<\/p>\n\n\n\n<p>Un informe de <strong><em>Oxfam internacional<\/em><\/strong> del 19 de enero de este a\u00f1o se\u00f1ala que, desde que Donald Trump fue elegido presidente en noviembre de 2024, <strong><em>la riqueza conjunta de los milmillonarios en todo el mundo ha crecido tres veces m\u00e1s r\u00e1pido que en los cinco a\u00f1os anteriores.<\/em><\/strong><\/p>\n\n\n<div class=\"wp-block-image\">\n<figure class=\"alignright size-full\"><img decoding=\"async\" loading=\"lazy\" width=\"530\" height=\"344\" src=\"https:\/\/infotep.com.ar\/wp-content\/uploads\/2026\/01\/image-13.png\" alt=\"\" class=\"wp-image-31159\" srcset=\"https:\/\/infotep.com.ar\/wp-content\/uploads\/2026\/01\/image-13.png 530w, https:\/\/infotep.com.ar\/wp-content\/uploads\/2026\/01\/image-13-300x195.png 300w, https:\/\/infotep.com.ar\/wp-content\/uploads\/2026\/01\/image-13-92x60.png 92w\" sizes=\"(max-width: 530px) 100vw, 530px\" \/><\/figure><\/div>\n\n\n<p>Por primera vez en la historia, el n\u00famero total de milmillonarios en el mundo ha superado las 3 000 personas, y su riqueza combinada ha alcanzado un valor sin precedentes. <strong><em>Mientras tanto, una de cada cuatro personas en todo el mundo pasa hambre<\/em><\/strong><em>, <\/em>dice el informe.<\/p>\n\n\n\n<p>Para un milmillonario resulta sencillo adquirir enormes yates o multitud de casas de lujo alrededor del mundo. Sin embargo, resulta m\u00e1s dif\u00edcil poner en duda el retroceso democr\u00e1tico o de los principios de equidad <strong><em>cuando los milmillonarios est\u00e1n utilizando su fortuna para influir sobre actores pol\u00edticos, para presionar a un Gobierno, para comprar un medio de comunicaci\u00f3n o una red social<\/em><\/strong>, <strong><em>o para procurarse los equipos jur\u00eddicos m\u00e1s caros frente a cualquier oposici\u00f3n que les garantice impunidad ante la justicia<\/em><\/strong>.<\/p>\n\n\n<div class=\"wp-block-image\">\n<figure class=\"alignleft size-full\"><img decoding=\"async\" loading=\"lazy\" width=\"589\" height=\"344\" src=\"https:\/\/infotep.com.ar\/wp-content\/uploads\/2026\/01\/image-14.png\" alt=\"\" class=\"wp-image-31160\" srcset=\"https:\/\/infotep.com.ar\/wp-content\/uploads\/2026\/01\/image-14.png 589w, https:\/\/infotep.com.ar\/wp-content\/uploads\/2026\/01\/image-14-300x175.png 300w, https:\/\/infotep.com.ar\/wp-content\/uploads\/2026\/01\/image-14-103x60.png 103w\" sizes=\"(max-width: 589px) 100vw, 589px\" \/><\/figure><\/div>\n\n\n<p>Con un poder as\u00ed, los milmillonarios tienen nuestro futuro en sus manos, debilitando las libertades pol\u00edticas y los derechos de las dem\u00e1s personas, concluye.<\/p>\n\n\n\n<p><\/p>\n\n\n\n<p><\/p>\n\n\n\n<p>El informe completo de Oxfam, Contra el poder de los ricos aqu\u00ed <a href=\"https:\/\/drive.google.com\/file\/d\/1DKUVUnRW8cF0uZufdQJpWCF-EybIQ7Tm\/view?usp=sharing\">https:\/\/drive.google.com\/file\/d\/1DKUVUnRW8cF0uZufdQJpWCF-EybIQ7Tm\/view?usp=sharing<\/a><\/p>\n","protected":false},"excerpt":{"rendered":"<p>El presidente Javier Milei habl&oacute; frente al Foro Econ&oacute;mico Mundial en Davos, antes de ver la realidad del pa&iacute;s prefiri&oacute; autoelogiarse y describir un panorama inexistente, con datos y premisas falsas. Por Rub&eacute;n Magliotti Milei inici&oacute; su discurso parafraseando a Friedrich Nietzsche cambiando su famosa frase de &ldquo;Dios ha muerto&rdquo; a &ldquo;Maquiavelo a muerto&rdquo;, asegurando &hellip; <\/p>\n","protected":false},"author":5,"featured_media":31162,"comment_status":"closed","ping_status":"closed","sticky":false,"template":"","format":"standard","meta":{"om_disable_all_campaigns":false,"_joinchat":[]},"categories":[31,3],"tags":[],"featured_image_urls":{"full":["https:\/\/infotep.com.ar\/wp-content\/uploads\/2026\/01\/image-16-e1769463980202.png",305,241,false],"thumbnail":["https:\/\/infotep.com.ar\/wp-content\/uploads\/2026\/01\/image-16-e1769463980202-150x150.png",150,150,true],"medium":["https:\/\/infotep.com.ar\/wp-content\/uploads\/2026\/01\/image-16-e1769463980202-300x237.png",300,237,true],"medium_large":["https:\/\/infotep.com.ar\/wp-content\/uploads\/2026\/01\/image-16-e1769463980202.png",305,241,false],"large":["https:\/\/infotep.com.ar\/wp-content\/uploads\/2026\/01\/image-16-e1769463980202.png",305,241,false],"1536x1536":["https:\/\/infotep.com.ar\/wp-content\/uploads\/2026\/01\/image-16-e1769463980202.png",305,241,false],"2048x2048":["https:\/\/infotep.com.ar\/wp-content\/uploads\/2026\/01\/image-16-e1769463980202.png",305,241,false],"blossom-feminine-slider":["https:\/\/infotep.com.ar\/wp-content\/uploads\/2026\/01\/image-16-e1769463980202.png",305,241,false],"blossom-feminine-featured":["https:\/\/infotep.com.ar\/wp-content\/uploads\/2026\/01\/image-16-e1769463980202.png",305,241,false],"blossom-feminine-with-sidebar":["https:\/\/infotep.com.ar\/wp-content\/uploads\/2026\/01\/image-16-e1769463980202.png",305,241,false],"blossom-feminine-blog":["https:\/\/infotep.com.ar\/wp-content\/uploads\/2026\/01\/image-16-306x435.png",306,435,true],"blossom-feminine-cat":["https:\/\/infotep.com.ar\/wp-content\/uploads\/2026\/01\/image-16-306x300.png",306,300,true],"blossom-feminine-related":["https:\/\/infotep.com.ar\/wp-content\/uploads\/2026\/01\/image-16-e1769463980202-305x200.png",305,200,true],"blossom-feminine-schema":["https:\/\/infotep.com.ar\/wp-content\/uploads\/2026\/01\/image-16-e1769463980202-76x60.png",76,60,true],"blossom-mommy-blog-slider-big":["https:\/\/infotep.com.ar\/wp-content\/uploads\/2026\/01\/image-16-e1769463980202.png",305,241,false],"blossom-mommy-blog-slider":["https:\/\/infotep.com.ar\/wp-content\/uploads\/2026\/01\/image-16-306x310.png",306,310,true],"blossom-mommy-blog-two":["https:\/\/infotep.com.ar\/wp-content\/uploads\/2026\/01\/image-16-306x480.png",306,480,true]},"author_info":{"info":["Angela Tobar"]},"category_info":"<a href=\"https:\/\/infotep.com.ar\/index.php\/category\/destacadas\/\" rel=\"category tag\">Destacadas<\/a> <a href=\"https:\/\/infotep.com.ar\/index.php\/category\/nacionales\/\" rel=\"category tag\">Nacionales<\/a>","tag_info":"Nacionales","comment_count":"0","_links":{"self":[{"href":"https:\/\/infotep.com.ar\/index.php\/wp-json\/wp\/v2\/posts\/31147"}],"collection":[{"href":"https:\/\/infotep.com.ar\/index.php\/wp-json\/wp\/v2\/posts"}],"about":[{"href":"https:\/\/infotep.com.ar\/index.php\/wp-json\/wp\/v2\/types\/post"}],"author":[{"embeddable":true,"href":"https:\/\/infotep.com.ar\/index.php\/wp-json\/wp\/v2\/users\/5"}],"replies":[{"embeddable":true,"href":"https:\/\/infotep.com.ar\/index.php\/wp-json\/wp\/v2\/comments?post=31147"}],"version-history":[{"count":1,"href":"https:\/\/infotep.com.ar\/index.php\/wp-json\/wp\/v2\/posts\/31147\/revisions"}],"predecessor-version":[{"id":31163,"href":"https:\/\/infotep.com.ar\/index.php\/wp-json\/wp\/v2\/posts\/31147\/revisions\/31163"}],"wp:featuredmedia":[{"embeddable":true,"href":"https:\/\/infotep.com.ar\/index.php\/wp-json\/wp\/v2\/media\/31162"}],"wp:attachment":[{"href":"https:\/\/infotep.com.ar\/index.php\/wp-json\/wp\/v2\/media?parent=31147"}],"wp:term":[{"taxonomy":"category","embeddable":true,"href":"https:\/\/infotep.com.ar\/index.php\/wp-json\/wp\/v2\/categories?post=31147"},{"taxonomy":"post_tag","embeddable":true,"href":"https:\/\/infotep.com.ar\/index.php\/wp-json\/wp\/v2\/tags?post=31147"}],"curies":[{"name":"wp","href":"https:\/\/api.w.org\/{rel}","templated":true}]}}