{"id":31164,"date":"2026-01-26T18:56:47","date_gmt":"2026-01-26T21:56:47","guid":{"rendered":"https:\/\/infotep.com.ar\/?p=31164"},"modified":"2026-01-27T01:32:44","modified_gmt":"2026-01-27T04:32:44","slug":"primer-caso-de-gripe-a-h3n2-en-tucuman-llaman-a-reforzar-la-prevencion","status":"publish","type":"post","link":"https:\/\/infotep.com.ar\/index.php\/2026\/01\/26\/primer-caso-de-gripe-a-h3n2-en-tucuman-llaman-a-reforzar-la-prevencion\/","title":{"rendered":"Primer caso de gripe A H3N2 en Tucum\u00e1n: llaman a reforzar la prevenci\u00f3n"},"content":{"rendered":"\n<p>El Ministerio de Salud P\u00fablica de Tucum\u00e1n confirm\u00f3 este lunes el primer caso de gripe A H3N2 subclado K en la provincia. Se trata de una mujer de 56 a\u00f1os, con domicilio en San Miguel de Tucum\u00e1n, cuya muestra fue analizada por el Instituto Malbr\u00e1n.<\/p>\n\n\n\n<p>Desde la cartera sanitaria informaron que la paciente evolucion\u00f3 favorablemente, fue dada de alta y se encuentra en buen estado general de salud. Adem\u00e1s, no se registraron contagios entre sus contactos familiares.<\/p>\n\n\n\n<p>El ministro de Salud, Luis Medina Ruiz, destac\u00f3 que la detecci\u00f3n temprana del caso permiti\u00f3 realizar un diagn\u00f3stico precoz y aplicar el tratamiento correspondiente, lo que contribuy\u00f3 a una evoluci\u00f3n cl\u00ednica positiva.<\/p>\n\n\n\n<p><strong>S\u00edntomas y recomendaci\u00f3n clave<\/strong><\/p>\n\n\n\n<p>Ante la aparici\u00f3n de fiebre alta, dolores corporales, cansancio generalizado u otros s\u00edntomas respiratorios, las autoridades sanitarias recomendaron consultar de manera inmediata en el centro de salud m\u00e1s cercano.<\/p>\n\n\n\n<p><strong>Medidas de prevenci\u00f3n<\/strong><\/p>\n\n\n\n<p>El Ministerio de Salud reiter\u00f3 una serie de recomendaciones para reducir el riesgo de transmisi\u00f3n de infecciones respiratorias:<\/p>\n\n\n\n<p>Mantener completos los esquemas de vacunaci\u00f3n contra influenza, COVID-19, neumococo, Haemophilus influenzae tipo B, tos convulsa y virus sincicial respiratorio.<\/p>\n\n\n\n<p>Lavarse las manos con frecuencia utilizando agua y jab\u00f3n.<\/p>\n\n\n\n<p>Cubrirse la boca y la nariz con el pliegue del codo al toser o estornudar.<\/p>\n\n\n\n<p>Evitar compartir objetos personales como vasos o cubiertos.<\/p>\n\n\n\n<p>Limpiar y desinfectar superficies de uso com\u00fan con alcohol al 70% o detergente.<\/p>\n\n\n\n<p>Ventilar los ambientes, especialmente los espacios cerrados.<\/p>\n\n\n\n<p>Las personas con s\u00edntomas deben evitar el contacto con otras personas hasta presentar mejor\u00eda y permanecer al menos 24 horas sin fiebre, sin uso de antit\u00e9rmicos.<\/p>\n\n\n\n<p><strong>Recomendaciones para quienes viajan<\/strong><\/p>\n\n\n\n<p>Las personas que viajen o regresen de pa\u00edses con circulaci\u00f3n de influenza deben mantener las medidas de prevenci\u00f3n durante el viaje y al regreso. En caso de s\u00edntomas respiratorios, se aconseja evitar el contacto con otras personas y consultar oportunamente al sistema de salud, especialmente quienes integran grupos de riesgo.<\/p>\n","protected":false},"excerpt":{"rendered":"<p>El Ministerio de Salud P&uacute;blica de Tucum&aacute;n confirm&oacute; este lunes el primer caso de gripe A H3N2 subclado K en la provincia. Se trata de una mujer de 56 a&ntilde;os, con domicilio en San Miguel de Tucum&aacute;n, cuya muestra fue analizada por el Instituto Malbr&aacute;n. Desde la cartera sanitaria informaron que la paciente evolucion&oacute; favorablemente, &hellip; <\/p>\n","protected":false},"author":5,"featured_media":2462,"comment_status":"closed","ping_status":"closed","sticky":false,"template":"","format":"standard","meta":{"om_disable_all_campaigns":false,"_joinchat":[]},"categories":[4],"tags":[],"featured_image_urls":{"full":["https:\/\/infotep.com.ar\/wp-content\/uploads\/2022\/12\/BARBIJO-TRANSPORTE.jpg",1200,675,false],"thumbnail":["https:\/\/infotep.com.ar\/wp-content\/uploads\/2022\/12\/BARBIJO-TRANSPORTE-150x150.jpg",150,150,true],"medium":["https:\/\/infotep.com.ar\/wp-content\/uploads\/2022\/12\/BARBIJO-TRANSPORTE-300x169.jpg",300,169,true],"medium_large":["https:\/\/infotep.com.ar\/wp-content\/uploads\/2022\/12\/BARBIJO-TRANSPORTE-768x432.jpg",768,432,true],"large":["https:\/\/infotep.com.ar\/wp-content\/uploads\/2022\/12\/BARBIJO-TRANSPORTE-1024x576.jpg",1020,574,true],"1536x1536":["https:\/\/infotep.com.ar\/wp-content\/uploads\/2022\/12\/BARBIJO-TRANSPORTE.jpg",1200,675,false],"2048x2048":["https:\/\/infotep.com.ar\/wp-content\/uploads\/2022\/12\/BARBIJO-TRANSPORTE.jpg",1200,675,false],"blossom-feminine-slider":["https:\/\/infotep.com.ar\/wp-content\/uploads\/2022\/12\/BARBIJO-TRANSPORTE-1200x649.jpg",1200,649,true],"blossom-feminine-featured":["https:\/\/infotep.com.ar\/wp-content\/uploads\/2022\/12\/BARBIJO-TRANSPORTE-1200x600.jpg",1200,600,true],"blossom-feminine-with-sidebar":["https:\/\/infotep.com.ar\/wp-content\/uploads\/2022\/12\/BARBIJO-TRANSPORTE-1020x600.jpg",1020,600,true],"blossom-feminine-blog":["https:\/\/infotep.com.ar\/wp-content\/uploads\/2022\/12\/BARBIJO-TRANSPORTE-435x435.jpg",435,435,true],"blossom-feminine-cat":["https:\/\/infotep.com.ar\/wp-content\/uploads\/2022\/12\/BARBIJO-TRANSPORTE-450x300.jpg",450,300,true],"blossom-feminine-related":["https:\/\/infotep.com.ar\/wp-content\/uploads\/2022\/12\/BARBIJO-TRANSPORTE-320x200.jpg",320,200,true],"blossom-feminine-schema":["https:\/\/infotep.com.ar\/wp-content\/uploads\/2022\/12\/BARBIJO-TRANSPORTE-107x60.jpg",107,60,true],"blossom-mommy-blog-slider-big":["https:\/\/infotep.com.ar\/wp-content\/uploads\/2022\/12\/BARBIJO-TRANSPORTE-920x650.jpg",920,650,true],"blossom-mommy-blog-slider":["https:\/\/infotep.com.ar\/wp-content\/uploads\/2022\/12\/BARBIJO-TRANSPORTE-460x310.jpg",460,310,true],"blossom-mommy-blog-two":["https:\/\/infotep.com.ar\/wp-content\/uploads\/2022\/12\/BARBIJO-TRANSPORTE-768x480.jpg",768,480,true]},"author_info":{"info":["Angela Tobar"]},"category_info":"<a href=\"https:\/\/infotep.com.ar\/index.php\/category\/provinciales\/\" rel=\"category tag\">Provinciales<\/a>","tag_info":"Provinciales","comment_count":"0","_links":{"self":[{"href":"https:\/\/infotep.com.ar\/index.php\/wp-json\/wp\/v2\/posts\/31164"}],"collection":[{"href":"https:\/\/infotep.com.ar\/index.php\/wp-json\/wp\/v2\/posts"}],"about":[{"href":"https:\/\/infotep.com.ar\/index.php\/wp-json\/wp\/v2\/types\/post"}],"author":[{"embeddable":true,"href":"https:\/\/infotep.com.ar\/index.php\/wp-json\/wp\/v2\/users\/5"}],"replies":[{"embeddable":true,"href":"https:\/\/infotep.com.ar\/index.php\/wp-json\/wp\/v2\/comments?post=31164"}],"version-history":[{"count":1,"href":"https:\/\/infotep.com.ar\/index.php\/wp-json\/wp\/v2\/posts\/31164\/revisions"}],"predecessor-version":[{"id":31165,"href":"https:\/\/infotep.com.ar\/index.php\/wp-json\/wp\/v2\/posts\/31164\/revisions\/31165"}],"wp:featuredmedia":[{"embeddable":true,"href":"https:\/\/infotep.com.ar\/index.php\/wp-json\/wp\/v2\/media\/2462"}],"wp:attachment":[{"href":"https:\/\/infotep.com.ar\/index.php\/wp-json\/wp\/v2\/media?parent=31164"}],"wp:term":[{"taxonomy":"category","embeddable":true,"href":"https:\/\/infotep.com.ar\/index.php\/wp-json\/wp\/v2\/categories?post=31164"},{"taxonomy":"post_tag","embeddable":true,"href":"https:\/\/infotep.com.ar\/index.php\/wp-json\/wp\/v2\/tags?post=31164"}],"curies":[{"name":"wp","href":"https:\/\/api.w.org\/{rel}","templated":true}]}}