{"id":31166,"date":"2026-01-26T06:58:00","date_gmt":"2026-01-26T09:58:00","guid":{"rendered":"https:\/\/infotep.com.ar\/?p=31166"},"modified":"2026-01-26T18:59:53","modified_gmt":"2026-01-26T21:59:53","slug":"taiana-participo-de-la-cumbre-nuestra-america-en-colombia-la-integracion-regional-es-indispensable","status":"publish","type":"post","link":"https:\/\/infotep.com.ar\/index.php\/2026\/01\/26\/taiana-participo-de-la-cumbre-nuestra-america-en-colombia-la-integracion-regional-es-indispensable\/","title":{"rendered":"Taiana particip\u00f3 de la cumbre Nuestra Am\u00e9rica en Colombia: \u201cLa integraci\u00f3n regional es indispensable&#8221;"},"content":{"rendered":"\n<p>El diputado de Uni\u00f3n por la Patria y ex canciller Jorge Taiana particip\u00f3 en Bogot\u00e1, Colombia, de la cumbre convocada de emergencia bajo el lema \u201cNuestra Am\u00e9rica\u201d y organizada por la Internacional Progresista, que reuni\u00f3 a l\u00edderes y referentes pol\u00edticos de Am\u00e9rica y Europa con el objetivo de trazar un plan de acci\u00f3n unificado en defensa de las democracias, y desde donde advirti\u00f3 que \u201cla integraci\u00f3n regional es indispensable\u201d.<\/p>\n\n\n\n<p><strong>La reuni\u00f3n concluy\u00f3 con la aprobaci\u00f3n de la Declaraci\u00f3n de San Carlos en la que se destacaron como principales puntos la defensa del derecho internacional y la soberan\u00eda, la denuncia sobre el nuevo intervencionismo estadounidense, la necesidad de la integraci\u00f3n como condici\u00f3n para resistir la coerci\u00f3n, y la puesta en valor de las experiencias de integraci\u00f3n como el UNASUR.<\/strong><\/p>\n\n\n\n<p>\u201cFue un encuentro muy productivo, donde nos encontramos dirigentes de varios pa\u00edses con el fin de elaborar un plan de acci\u00f3n que nos permita dar una respuesta colectiva a la coyuntura actual\u201d, sostuvo Taiana.<\/p>\n\n\n\n<p>\u201cEn un mundo caracterizado por la inestabilidad, la violaci\u00f3n del derecho internacional y el uso creciente de la fuerza, la integraci\u00f3n regional es una condici\u00f3n indispensable para el futuro de nuestros pa\u00edses y la felicidad de nuestros pueblos\u201d, agreg\u00f3.<\/p>\n\n\n\n<p>Adem\u00e1s de expresar especial preocupaci\u00f3n por la invasi\u00f3n militar en Venezuela \u201cmediante una campa\u00f1a de bombardeos\u201d en Caracas y \u201clos ataques a buques civiles en el Mar Caribe y el Pac\u00edfico\u201d por parte de Estados Unidos, la declaraci\u00f3n de San Carlos advirti\u00f3 por \u201cla intervenci\u00f3n financiera en Argentina con el objetivo de condicionar la pol\u00edtica econ\u00f3mica y limitar la elecci\u00f3n democr\u00e1tica\u201d.<\/p>\n\n\n\n<p><strong>Honduras y Groenlandia<br><\/strong>Otro eje de discusi\u00f3n fue \u201cla intervenci\u00f3n electoral en Honduras, incluido el indulto al narco-dictador condenado Juan Orlando Hern\u00e1ndez y la campa\u00f1a para nombrar al Partido Nacional para la presidencia\u201d.<\/p>\n\n\n\n<p>Tambi\u00e9n se analiz\u00f3 con suma preocupaci\u00f3n \u201cel recrudecimiento sin precedentes del bloqueo econ\u00f3mico, comercial y financiero y el incremento de las amenazas contra Cuba con el objetivo de derrocar la Revoluci\u00f3n\u201d.<\/p>\n\n\n\n<p>Asimismo, se condenaron \u201clos designios expansionistas sobre Groenlandia, donde las demandas de adquisici\u00f3n por parte de los Estados Unidos no tienen en cuenta la soberan\u00eda de su pueblo ni su derecho a la autodeterminaci\u00f3n\u201d.<\/p>\n\n\n\n<p>Otro punto de debate fueron \u201clas persistentes amenazas y ataques pol\u00edticos dirigidos contra el gobierno soberano y democr\u00e1tico de M\u00e9xico, encabezado por su primera mujer presidenta, Claudia Sheinbaum Pardo, encaminados a desacreditar un proyecto de transformaci\u00f3n social y socavar la dignidad y la autodeterminaci\u00f3n del pueblo mexicano\u201d.<\/p>\n\n\n\n<p>Se sum\u00f3 a la mesa de discusi\u00f3n \u201cla escalada a nivel internacional con las sanciones de la OFAC contra Gustavo Petro\u201d, el presidente de Colombia, quien hab\u00eda sido amenazado por el propio Donald Trump luego de la intervenci\u00f3n en Venezuela.<\/p>\n\n\n\n<p>Los firmantes del documento se comprometieron a \u201cmantener un proceso vivo de coordinaci\u00f3n entre gobiernos, movimientos, fuerzas pol\u00edticas, sindicatos y pueblos, profundizando este di\u00e1logo a trav\u00e9s de reuniones, iniciativas compartidas y canales de cooperaci\u00f3n permanentes buscando avanzar hacia una ciudadan\u00eda de las am\u00e9ricas con garant\u00eda de derechos\u201d.<\/p>\n\n\n\n<p>La pr\u00f3xima reuni\u00f3n del nuevo espacio \u201cNuestra Am\u00e9rica\u201d ser\u00e1 en La Habana, Cuba, \u201cllamando a todos los pueblos del mundo a solidarizarse con el pueblo cubano y su lucha permanente por la defensa de su soberan\u00eda y libre determinaci\u00f3n ante las pretensiones y amenazas estadounidenses\u201d<\/p>\n","protected":false},"excerpt":{"rendered":"<p>El diputado de Uni&oacute;n por la Patria y ex canciller Jorge Taiana particip&oacute; en Bogot&aacute;, Colombia, de la cumbre convocada de emergencia bajo el lema &ldquo;Nuestra Am&eacute;rica&rdquo; y organizada por la Internacional Progresista, que reuni&oacute; a l&iacute;deres y referentes pol&iacute;ticos de Am&eacute;rica y Europa con el objetivo de trazar un plan de acci&oacute;n unificado en &hellip; <\/p>\n","protected":false},"author":5,"featured_media":31167,"comment_status":"closed","ping_status":"closed","sticky":false,"template":"","format":"standard","meta":{"om_disable_all_campaigns":false,"_joinchat":[]},"categories":[3],"tags":[],"featured_image_urls":{"full":["https:\/\/infotep.com.ar\/wp-content\/uploads\/2026\/01\/taiana.webp",504,360,false],"thumbnail":["https:\/\/infotep.com.ar\/wp-content\/uploads\/2026\/01\/taiana-150x150.webp",150,150,true],"medium":["https:\/\/infotep.com.ar\/wp-content\/uploads\/2026\/01\/taiana-300x214.webp",300,214,true],"medium_large":["https:\/\/infotep.com.ar\/wp-content\/uploads\/2026\/01\/taiana.webp",504,360,false],"large":["https:\/\/infotep.com.ar\/wp-content\/uploads\/2026\/01\/taiana.webp",504,360,false],"1536x1536":["https:\/\/infotep.com.ar\/wp-content\/uploads\/2026\/01\/taiana.webp",504,360,false],"2048x2048":["https:\/\/infotep.com.ar\/wp-content\/uploads\/2026\/01\/taiana.webp",504,360,false],"blossom-feminine-slider":["https:\/\/infotep.com.ar\/wp-content\/uploads\/2026\/01\/taiana.webp",504,360,false],"blossom-feminine-featured":["https:\/\/infotep.com.ar\/wp-content\/uploads\/2026\/01\/taiana.webp",504,360,false],"blossom-feminine-with-sidebar":["https:\/\/infotep.com.ar\/wp-content\/uploads\/2026\/01\/taiana.webp",504,360,false],"blossom-feminine-blog":["https:\/\/infotep.com.ar\/wp-content\/uploads\/2026\/01\/taiana-435x360.webp",435,360,true],"blossom-feminine-cat":["https:\/\/infotep.com.ar\/wp-content\/uploads\/2026\/01\/taiana-450x300.webp",450,300,true],"blossom-feminine-related":["https:\/\/infotep.com.ar\/wp-content\/uploads\/2026\/01\/taiana-320x200.webp",320,200,true],"blossom-feminine-schema":["https:\/\/infotep.com.ar\/wp-content\/uploads\/2026\/01\/taiana-84x60.webp",84,60,true],"blossom-mommy-blog-slider-big":["https:\/\/infotep.com.ar\/wp-content\/uploads\/2026\/01\/taiana.webp",504,360,false],"blossom-mommy-blog-slider":["https:\/\/infotep.com.ar\/wp-content\/uploads\/2026\/01\/taiana-460x310.webp",460,310,true],"blossom-mommy-blog-two":["https:\/\/infotep.com.ar\/wp-content\/uploads\/2026\/01\/taiana.webp",504,360,false]},"author_info":{"info":["Angela Tobar"]},"category_info":"<a href=\"https:\/\/infotep.com.ar\/index.php\/category\/nacionales\/\" rel=\"category tag\">Nacionales<\/a>","tag_info":"Nacionales","comment_count":"0","_links":{"self":[{"href":"https:\/\/infotep.com.ar\/index.php\/wp-json\/wp\/v2\/posts\/31166"}],"collection":[{"href":"https:\/\/infotep.com.ar\/index.php\/wp-json\/wp\/v2\/posts"}],"about":[{"href":"https:\/\/infotep.com.ar\/index.php\/wp-json\/wp\/v2\/types\/post"}],"author":[{"embeddable":true,"href":"https:\/\/infotep.com.ar\/index.php\/wp-json\/wp\/v2\/users\/5"}],"replies":[{"embeddable":true,"href":"https:\/\/infotep.com.ar\/index.php\/wp-json\/wp\/v2\/comments?post=31166"}],"version-history":[{"count":1,"href":"https:\/\/infotep.com.ar\/index.php\/wp-json\/wp\/v2\/posts\/31166\/revisions"}],"predecessor-version":[{"id":31168,"href":"https:\/\/infotep.com.ar\/index.php\/wp-json\/wp\/v2\/posts\/31166\/revisions\/31168"}],"wp:featuredmedia":[{"embeddable":true,"href":"https:\/\/infotep.com.ar\/index.php\/wp-json\/wp\/v2\/media\/31167"}],"wp:attachment":[{"href":"https:\/\/infotep.com.ar\/index.php\/wp-json\/wp\/v2\/media?parent=31166"}],"wp:term":[{"taxonomy":"category","embeddable":true,"href":"https:\/\/infotep.com.ar\/index.php\/wp-json\/wp\/v2\/categories?post=31166"},{"taxonomy":"post_tag","embeddable":true,"href":"https:\/\/infotep.com.ar\/index.php\/wp-json\/wp\/v2\/tags?post=31166"}],"curies":[{"name":"wp","href":"https:\/\/api.w.org\/{rel}","templated":true}]}}