{"id":31169,"date":"2026-01-26T19:02:59","date_gmt":"2026-01-26T22:02:59","guid":{"rendered":"https:\/\/infotep.com.ar\/?p=31169"},"modified":"2026-01-26T19:02:59","modified_gmt":"2026-01-26T22:02:59","slug":"ley-penal-juvenil-el-gobierno-busca-avanzar-con-la-reforma-en-el-congreso","status":"publish","type":"post","link":"https:\/\/infotep.com.ar\/index.php\/2026\/01\/26\/ley-penal-juvenil-el-gobierno-busca-avanzar-con-la-reforma-en-el-congreso\/","title":{"rendered":"Ley Penal Juvenil: el Gobierno busca avanzar con la reforma en el Congreso"},"content":{"rendered":"\n<p>El jefe de Gabinete, Manuel Adorni, confirm\u00f3 que el Gobierno nacional impulsar\u00e1 el tratamiento de la Ley Penal Juvenil durante las sesiones extraordinarias del Congreso, junto con el proyecto de Modernizaci\u00f3n Laboral.<\/p>\n\n\n\n<p>La confirmaci\u00f3n fue realizada a trav\u00e9s de la red social X, luego de una reuni\u00f3n en Casa Rosada de la que participaron la secretaria general de la Presidencia, Karina Milei; el presidente de la C\u00e1mara de Diputados, Mart\u00edn Menem; el ministro de Econom\u00eda, Luis Caputo; el asesor presidencial, Santiago Caputo; y la ministra de Seguridad, Patricia Bullrich, entre otros funcionarios.<\/p>\n\n\n\n<p>\u201cLa Ley Penal Juvenil tambi\u00e9n formar\u00e1 parte del temario de las sesiones extraordinarias\u201d, se\u00f1al\u00f3 Adorni.<\/p>\n\n\n\n<p>D\u00edas atr\u00e1s, Bullrich sostuvo que la reforma busca evitar que menores imputados por delitos graves queden en libertad y remarc\u00f3 que \u201cquien elija delinquir, pagar\u00e1 las consecuencias\u201d. La funcionaria impulsa, adem\u00e1s, una reforma integral del C\u00f3digo Penal con un enfoque de endurecimiento de las penas y priorizaci\u00f3n de los derechos de las v\u00edctimas.<\/p>\n\n\n\n<p>Las sesiones extraordinarias comenzar\u00e1n el 2 de febrero, fecha a partir de la cual el oficialismo intentar\u00e1 avanzar con estas iniciativas en el Congreso.<\/p>\n","protected":false},"excerpt":{"rendered":"<p>El jefe de Gabinete, Manuel Adorni, confirm&oacute; que el Gobierno nacional impulsar&aacute; el tratamiento de la Ley Penal Juvenil durante las sesiones extraordinarias del Congreso, junto con el proyecto de Modernizaci&oacute;n Laboral. La confirmaci&oacute;n fue realizada a trav&eacute;s de la red social X, luego de una reuni&oacute;n en Casa Rosada de la que participaron la &hellip; <\/p>\n","protected":false},"author":5,"featured_media":31170,"comment_status":"closed","ping_status":"closed","sticky":false,"template":"","format":"standard","meta":{"om_disable_all_campaigns":false,"_joinchat":[]},"categories":[3],"tags":[],"featured_image_urls":{"full":["https:\/\/infotep.com.ar\/wp-content\/uploads\/2026\/01\/ley-penal-juvenil.jpeg",1024,640,false],"thumbnail":["https:\/\/infotep.com.ar\/wp-content\/uploads\/2026\/01\/ley-penal-juvenil-150x150.jpeg",150,150,true],"medium":["https:\/\/infotep.com.ar\/wp-content\/uploads\/2026\/01\/ley-penal-juvenil-300x188.jpeg",300,188,true],"medium_large":["https:\/\/infotep.com.ar\/wp-content\/uploads\/2026\/01\/ley-penal-juvenil-768x480.jpeg",768,480,true],"large":["https:\/\/infotep.com.ar\/wp-content\/uploads\/2026\/01\/ley-penal-juvenil.jpeg",1020,638,false],"1536x1536":["https:\/\/infotep.com.ar\/wp-content\/uploads\/2026\/01\/ley-penal-juvenil.jpeg",1024,640,false],"2048x2048":["https:\/\/infotep.com.ar\/wp-content\/uploads\/2026\/01\/ley-penal-juvenil.jpeg",1024,640,false],"blossom-feminine-slider":["https:\/\/infotep.com.ar\/wp-content\/uploads\/2026\/01\/ley-penal-juvenil.jpeg",1024,640,false],"blossom-feminine-featured":["https:\/\/infotep.com.ar\/wp-content\/uploads\/2026\/01\/ley-penal-juvenil-1024x600.jpeg",1024,600,true],"blossom-feminine-with-sidebar":["https:\/\/infotep.com.ar\/wp-content\/uploads\/2026\/01\/ley-penal-juvenil-1020x600.jpeg",1020,600,true],"blossom-feminine-blog":["https:\/\/infotep.com.ar\/wp-content\/uploads\/2026\/01\/ley-penal-juvenil-435x435.jpeg",435,435,true],"blossom-feminine-cat":["https:\/\/infotep.com.ar\/wp-content\/uploads\/2026\/01\/ley-penal-juvenil-450x300.jpeg",450,300,true],"blossom-feminine-related":["https:\/\/infotep.com.ar\/wp-content\/uploads\/2026\/01\/ley-penal-juvenil-320x200.jpeg",320,200,true],"blossom-feminine-schema":["https:\/\/infotep.com.ar\/wp-content\/uploads\/2026\/01\/ley-penal-juvenil-96x60.jpeg",96,60,true],"blossom-mommy-blog-slider-big":["https:\/\/infotep.com.ar\/wp-content\/uploads\/2026\/01\/ley-penal-juvenil-920x640.jpeg",920,640,true],"blossom-mommy-blog-slider":["https:\/\/infotep.com.ar\/wp-content\/uploads\/2026\/01\/ley-penal-juvenil-460x310.jpeg",460,310,true],"blossom-mommy-blog-two":["https:\/\/infotep.com.ar\/wp-content\/uploads\/2026\/01\/ley-penal-juvenil-768x480.jpeg",768,480,true]},"author_info":{"info":["Angela Tobar"]},"category_info":"<a href=\"https:\/\/infotep.com.ar\/index.php\/category\/nacionales\/\" rel=\"category tag\">Nacionales<\/a>","tag_info":"Nacionales","comment_count":"0","_links":{"self":[{"href":"https:\/\/infotep.com.ar\/index.php\/wp-json\/wp\/v2\/posts\/31169"}],"collection":[{"href":"https:\/\/infotep.com.ar\/index.php\/wp-json\/wp\/v2\/posts"}],"about":[{"href":"https:\/\/infotep.com.ar\/index.php\/wp-json\/wp\/v2\/types\/post"}],"author":[{"embeddable":true,"href":"https:\/\/infotep.com.ar\/index.php\/wp-json\/wp\/v2\/users\/5"}],"replies":[{"embeddable":true,"href":"https:\/\/infotep.com.ar\/index.php\/wp-json\/wp\/v2\/comments?post=31169"}],"version-history":[{"count":1,"href":"https:\/\/infotep.com.ar\/index.php\/wp-json\/wp\/v2\/posts\/31169\/revisions"}],"predecessor-version":[{"id":31171,"href":"https:\/\/infotep.com.ar\/index.php\/wp-json\/wp\/v2\/posts\/31169\/revisions\/31171"}],"wp:featuredmedia":[{"embeddable":true,"href":"https:\/\/infotep.com.ar\/index.php\/wp-json\/wp\/v2\/media\/31170"}],"wp:attachment":[{"href":"https:\/\/infotep.com.ar\/index.php\/wp-json\/wp\/v2\/media?parent=31169"}],"wp:term":[{"taxonomy":"category","embeddable":true,"href":"https:\/\/infotep.com.ar\/index.php\/wp-json\/wp\/v2\/categories?post=31169"},{"taxonomy":"post_tag","embeddable":true,"href":"https:\/\/infotep.com.ar\/index.php\/wp-json\/wp\/v2\/tags?post=31169"}],"curies":[{"name":"wp","href":"https:\/\/api.w.org\/{rel}","templated":true}]}}