{"id":31172,"date":"2026-01-26T19:09:13","date_gmt":"2026-01-26T22:09:13","guid":{"rendered":"https:\/\/infotep.com.ar\/?p=31172"},"modified":"2026-01-26T19:09:14","modified_gmt":"2026-01-26T22:09:14","slug":"reincorporaron-a-los-trabajadores-despedidos-de-secco","status":"publish","type":"post","link":"https:\/\/infotep.com.ar\/index.php\/2026\/01\/26\/reincorporaron-a-los-trabajadores-despedidos-de-secco\/","title":{"rendered":"Reincorporaron a los trabajadores despedidos de Secco"},"content":{"rendered":"\n<p>El conflicto en Industrias JF Secco comenz\u00f3 en junio con despidos en el \u00e1rea de \u201cemergencias\u201d, que inclu\u00eda a dos delegados. Despu\u00e9s de 8 meses de lucha, 11 despedidos fueron reincorporados a sus puestos de trabajo.<\/p>\n\n\n\n<p>Ariel Moreno, delegado de Secco, declar\u00f3: \u201cSon 11 los trabajadores reincorporados, incluyendo a los representantes gremiales con fueros que hab\u00edan sido despedidos ilegalmente. Como denunciamos en los meses de lucha contra los despidos, el conflicto de Secco era la antesala de la reforma laboral, como en la f\u00e1brica Georgalos o ahora en Lustramax. Por eso desde un primer momento decidimos enfrentar este ataque con distintas medidas de lucha: paros progresivos, cortes de la autopista del Buen Ayre, protestas en otras f\u00e1bricas de la empresa, concentraciones en la puerta del Ministerio de Trabajo frente a cada audiencia y resistiendo el desalojo en la planta de la empresa ubicada en el Ceamse de Jos\u00e9 Le\u00f3n Suarez, entre otras medidas. Pero todo esto fue gracias a la unidad con los jubilados, los estudiantes, el colectivo de discapacidad, el Hospital Garrahan y promoviendo la solidaridad y coordinaci\u00f3n con otros trabajadores en lucha. Tambi\u00e9n queremos agradecer a los trabajadores de prensa que ayudaron a que sea visible nuestro conflicto\u201d.<\/p>\n\n\n\n<p>Y concluy\u00f3: \u201cLa reincorporaci\u00f3n de los trabajadores de Secco es un importante paso adelante y un ejemplo que queremos poner a disposici\u00f3n de otras luchas, como en este momento en Lustramax, a quienes venimos acompa\u00f1ando. Pero tambi\u00e9n para fortalecer la organizaci\u00f3n de los trabajadores frente al tratamiento de la reforma laboral esclavista, para lo cual consideramos que hay que enfrentarla con un paro nacional activo y rodeando el Congreso cuando se trate. Nuestro ejemplo demuestra que con organizaci\u00f3n democr\u00e1tica, coordinaci\u00f3n y medidas de lucha se puede enfrentar a los grandes empresarios, el Gobierno nacional y sus c\u00f3mplices.\u201d.<\/p>\n","protected":false},"excerpt":{"rendered":"<p>El conflicto en Industrias JF Secco comenz&oacute; en junio con despidos en el &aacute;rea de &ldquo;emergencias&rdquo;, que inclu&iacute;a a dos delegados. Despu&eacute;s de 8 meses de lucha, 11 despedidos fueron reincorporados a sus puestos de trabajo. Ariel Moreno, delegado de Secco, declar&oacute;: &ldquo;Son 11 los trabajadores reincorporados, incluyendo a los representantes gremiales con fueros que &hellip; <\/p>\n","protected":false},"author":5,"featured_media":31173,"comment_status":"closed","ping_status":"closed","sticky":false,"template":"","format":"standard","meta":{"om_disable_all_campaigns":false,"_joinchat":[]},"categories":[7],"tags":[],"featured_image_urls":{"full":["https:\/\/infotep.com.ar\/wp-content\/uploads\/2026\/01\/secco.jpg",1280,571,false],"thumbnail":["https:\/\/infotep.com.ar\/wp-content\/uploads\/2026\/01\/secco-150x150.jpg",150,150,true],"medium":["https:\/\/infotep.com.ar\/wp-content\/uploads\/2026\/01\/secco-300x134.jpg",300,134,true],"medium_large":["https:\/\/infotep.com.ar\/wp-content\/uploads\/2026\/01\/secco-768x343.jpg",768,343,true],"large":["https:\/\/infotep.com.ar\/wp-content\/uploads\/2026\/01\/secco-1024x457.jpg",1020,455,true],"1536x1536":["https:\/\/infotep.com.ar\/wp-content\/uploads\/2026\/01\/secco.jpg",1280,571,false],"2048x2048":["https:\/\/infotep.com.ar\/wp-content\/uploads\/2026\/01\/secco.jpg",1280,571,false],"blossom-feminine-slider":["https:\/\/infotep.com.ar\/wp-content\/uploads\/2026\/01\/secco.jpg",1280,571,false],"blossom-feminine-featured":["https:\/\/infotep.com.ar\/wp-content\/uploads\/2026\/01\/secco.jpg",1280,571,false],"blossom-feminine-with-sidebar":["https:\/\/infotep.com.ar\/wp-content\/uploads\/2026\/01\/secco-1020x571.jpg",1020,571,true],"blossom-feminine-blog":["https:\/\/infotep.com.ar\/wp-content\/uploads\/2026\/01\/secco-435x435.jpg",435,435,true],"blossom-feminine-cat":["https:\/\/infotep.com.ar\/wp-content\/uploads\/2026\/01\/secco-450x300.jpg",450,300,true],"blossom-feminine-related":["https:\/\/infotep.com.ar\/wp-content\/uploads\/2026\/01\/secco-320x200.jpg",320,200,true],"blossom-feminine-schema":["https:\/\/infotep.com.ar\/wp-content\/uploads\/2026\/01\/secco-135x60.jpg",135,60,true],"blossom-mommy-blog-slider-big":["https:\/\/infotep.com.ar\/wp-content\/uploads\/2026\/01\/secco-920x571.jpg",920,571,true],"blossom-mommy-blog-slider":["https:\/\/infotep.com.ar\/wp-content\/uploads\/2026\/01\/secco-460x310.jpg",460,310,true],"blossom-mommy-blog-two":["https:\/\/infotep.com.ar\/wp-content\/uploads\/2026\/01\/secco-768x480.jpg",768,480,true]},"author_info":{"info":["Angela Tobar"]},"category_info":"<a href=\"https:\/\/infotep.com.ar\/index.php\/category\/gremios\/\" rel=\"category tag\">Gremios<\/a>","tag_info":"Gremios","comment_count":"0","_links":{"self":[{"href":"https:\/\/infotep.com.ar\/index.php\/wp-json\/wp\/v2\/posts\/31172"}],"collection":[{"href":"https:\/\/infotep.com.ar\/index.php\/wp-json\/wp\/v2\/posts"}],"about":[{"href":"https:\/\/infotep.com.ar\/index.php\/wp-json\/wp\/v2\/types\/post"}],"author":[{"embeddable":true,"href":"https:\/\/infotep.com.ar\/index.php\/wp-json\/wp\/v2\/users\/5"}],"replies":[{"embeddable":true,"href":"https:\/\/infotep.com.ar\/index.php\/wp-json\/wp\/v2\/comments?post=31172"}],"version-history":[{"count":1,"href":"https:\/\/infotep.com.ar\/index.php\/wp-json\/wp\/v2\/posts\/31172\/revisions"}],"predecessor-version":[{"id":31174,"href":"https:\/\/infotep.com.ar\/index.php\/wp-json\/wp\/v2\/posts\/31172\/revisions\/31174"}],"wp:featuredmedia":[{"embeddable":true,"href":"https:\/\/infotep.com.ar\/index.php\/wp-json\/wp\/v2\/media\/31173"}],"wp:attachment":[{"href":"https:\/\/infotep.com.ar\/index.php\/wp-json\/wp\/v2\/media?parent=31172"}],"wp:term":[{"taxonomy":"category","embeddable":true,"href":"https:\/\/infotep.com.ar\/index.php\/wp-json\/wp\/v2\/categories?post=31172"},{"taxonomy":"post_tag","embeddable":true,"href":"https:\/\/infotep.com.ar\/index.php\/wp-json\/wp\/v2\/tags?post=31172"}],"curies":[{"name":"wp","href":"https:\/\/api.w.org\/{rel}","templated":true}]}}