{"id":31188,"date":"2026-01-27T01:39:59","date_gmt":"2026-01-27T04:39:59","guid":{"rendered":"https:\/\/infotep.com.ar\/?p=31188"},"modified":"2026-01-27T01:40:00","modified_gmt":"2026-01-27T04:40:00","slug":"intendentes-en-alerta-buscan-cambiar-la-ley-que-limita-los-mandatos","status":"publish","type":"post","link":"https:\/\/infotep.com.ar\/index.php\/2026\/01\/27\/intendentes-en-alerta-buscan-cambiar-la-ley-que-limita-los-mandatos\/","title":{"rendered":"Intendentes en alerta: buscan cambiar la ley que limita los mandatos"},"content":{"rendered":"\n<p>La discusi\u00f3n por las reelecciones indefinidas vuelve a escena en la provincia de Buenos Aires. El oficialismo bonaerense empuja para este a\u00f1o un cambio en la ley que habilite a intendentes, concejales y legisladores a competir sin l\u00edmite de mandatos, aunque por ahora no hay proyecto presentado ni fecha para el debate.<\/p>\n\n\n\n<p>La idea circula en reuniones pol\u00edticas, plenarios de intendentes y charlas de verano, pero todav\u00eda no lleg\u00f3 formalmente a la Legislatura. Tampoco ayuda el calendario: no habr\u00e1 sesiones extraordinarias y el movimiento en Diputados y el Senado es m\u00ednimo, m\u00e1s enfocado en reordenamientos internos que en nuevos proyectos.<\/p>\n\n\n\n<p>En el Senado, de hecho, la \u00fanica actividad prevista es la sesi\u00f3n preparatoria para definir autoridades, postergada desde diciembre por la interna del PJ. Ah\u00ed se cruzan nombres, cargos clave y una pulseada de fondo entre distintos sectores del peronismo, con La C\u00e1mpora buscando retener espacios de poder y el kicillofismo intentando ampliar su margen de maniobra.<\/p>\n\n\n\n<p class=\"has-light-green-cyan-background-color has-background\">En ese contexto, la reelecci\u00f3n indefinida aparece como una herramienta pol\u00edtica central. Hoy, si no se cambia la ley vigente desde 2016, alrededor del 80% de los intendentes bonaerenses no podr\u00eda volver a postularse en 2027. Son m\u00e1s de 80 jefes comunales de distintos partidos los alcanzados por la restricci\u00f3n.<\/p>\n\n\n\n<p>El reclamo tiene respaldo expl\u00edcito de un grupo numeroso de intendentes que vienen presionando para modificar la norma. Desde el Gobierno provincial ya dejaron clara la postura: consideran que prohibir la reelecci\u00f3n es \u201cproscriptivo\u201d y aseguran que seguir\u00e1n insistiendo con el tema.<\/p>\n\n\n\n<p>Sin embargo, las resistencias no son menores. Dentro del propio oficialismo hay sectores que no acompa\u00f1an la iniciativa, mientras que en la oposici\u00f3n el rechazo es abierto. Algunos bloques plantean que, si se va a discutir el sistema electoral, debe ser parte de una reforma m\u00e1s amplia que incluya cambios como la Boleta \u00danica Papel.<\/p>\n\n\n\n<p>Incluso circula una hip\u00f3tesis de negociaci\u00f3n cruzada: boleta \u00fanica a cambio de habilitar las reelecciones. Pero por ahora, todo eso est\u00e1 en pausa. En el PJ admiten que antes de avanzar con cualquier ley, la prioridad es ordenar la conducci\u00f3n del partido. Reci\u00e9n despu\u00e9s, dicen, vendr\u00e1n las batallas legislativas.<\/p>\n","protected":false},"excerpt":{"rendered":"<p>La discusi&oacute;n por las reelecciones indefinidas vuelve a escena en la provincia de Buenos Aires. El oficialismo bonaerense empuja para este a&ntilde;o un cambio en la ley que habilite a intendentes, concejales y legisladores a competir sin l&iacute;mite de mandatos, aunque por ahora no hay proyecto presentado ni fecha para el debate. La idea circula &hellip; <\/p>\n","protected":false},"author":5,"featured_media":31189,"comment_status":"closed","ping_status":"closed","sticky":false,"template":"","format":"standard","meta":{"om_disable_all_campaigns":false,"_joinchat":[]},"categories":[31,4],"tags":[],"featured_image_urls":{"full":["https:\/\/infotep.com.ar\/wp-content\/uploads\/2026\/01\/congreso-bonarense.jpeg",1500,995,false],"thumbnail":["https:\/\/infotep.com.ar\/wp-content\/uploads\/2026\/01\/congreso-bonarense-150x150.jpeg",150,150,true],"medium":["https:\/\/infotep.com.ar\/wp-content\/uploads\/2026\/01\/congreso-bonarense-300x199.jpeg",300,199,true],"medium_large":["https:\/\/infotep.com.ar\/wp-content\/uploads\/2026\/01\/congreso-bonarense-768x509.jpeg",768,509,true],"large":["https:\/\/infotep.com.ar\/wp-content\/uploads\/2026\/01\/congreso-bonarense-1024x679.jpeg",1020,676,true],"1536x1536":["https:\/\/infotep.com.ar\/wp-content\/uploads\/2026\/01\/congreso-bonarense.jpeg",1500,995,false],"2048x2048":["https:\/\/infotep.com.ar\/wp-content\/uploads\/2026\/01\/congreso-bonarense.jpeg",1500,995,false],"blossom-feminine-slider":["https:\/\/infotep.com.ar\/wp-content\/uploads\/2026\/01\/congreso-bonarense-1500x649.jpeg",1500,649,true],"blossom-feminine-featured":["https:\/\/infotep.com.ar\/wp-content\/uploads\/2026\/01\/congreso-bonarense-1410x600.jpeg",1410,600,true],"blossom-feminine-with-sidebar":["https:\/\/infotep.com.ar\/wp-content\/uploads\/2026\/01\/congreso-bonarense-1020x600.jpeg",1020,600,true],"blossom-feminine-blog":["https:\/\/infotep.com.ar\/wp-content\/uploads\/2026\/01\/congreso-bonarense-435x435.jpeg",435,435,true],"blossom-feminine-cat":["https:\/\/infotep.com.ar\/wp-content\/uploads\/2026\/01\/congreso-bonarense-450x300.jpeg",450,300,true],"blossom-feminine-related":["https:\/\/infotep.com.ar\/wp-content\/uploads\/2026\/01\/congreso-bonarense-320x200.jpeg",320,200,true],"blossom-feminine-schema":["https:\/\/infotep.com.ar\/wp-content\/uploads\/2026\/01\/congreso-bonarense-90x60.jpeg",90,60,true],"blossom-mommy-blog-slider-big":["https:\/\/infotep.com.ar\/wp-content\/uploads\/2026\/01\/congreso-bonarense-920x650.jpeg",920,650,true],"blossom-mommy-blog-slider":["https:\/\/infotep.com.ar\/wp-content\/uploads\/2026\/01\/congreso-bonarense-460x310.jpeg",460,310,true],"blossom-mommy-blog-two":["https:\/\/infotep.com.ar\/wp-content\/uploads\/2026\/01\/congreso-bonarense-768x480.jpeg",768,480,true]},"author_info":{"info":["Angela Tobar"]},"category_info":"<a href=\"https:\/\/infotep.com.ar\/index.php\/category\/destacadas\/\" rel=\"category tag\">Destacadas<\/a> <a href=\"https:\/\/infotep.com.ar\/index.php\/category\/provinciales\/\" rel=\"category tag\">Provinciales<\/a>","tag_info":"Provinciales","comment_count":"0","_links":{"self":[{"href":"https:\/\/infotep.com.ar\/index.php\/wp-json\/wp\/v2\/posts\/31188"}],"collection":[{"href":"https:\/\/infotep.com.ar\/index.php\/wp-json\/wp\/v2\/posts"}],"about":[{"href":"https:\/\/infotep.com.ar\/index.php\/wp-json\/wp\/v2\/types\/post"}],"author":[{"embeddable":true,"href":"https:\/\/infotep.com.ar\/index.php\/wp-json\/wp\/v2\/users\/5"}],"replies":[{"embeddable":true,"href":"https:\/\/infotep.com.ar\/index.php\/wp-json\/wp\/v2\/comments?post=31188"}],"version-history":[{"count":1,"href":"https:\/\/infotep.com.ar\/index.php\/wp-json\/wp\/v2\/posts\/31188\/revisions"}],"predecessor-version":[{"id":31190,"href":"https:\/\/infotep.com.ar\/index.php\/wp-json\/wp\/v2\/posts\/31188\/revisions\/31190"}],"wp:featuredmedia":[{"embeddable":true,"href":"https:\/\/infotep.com.ar\/index.php\/wp-json\/wp\/v2\/media\/31189"}],"wp:attachment":[{"href":"https:\/\/infotep.com.ar\/index.php\/wp-json\/wp\/v2\/media?parent=31188"}],"wp:term":[{"taxonomy":"category","embeddable":true,"href":"https:\/\/infotep.com.ar\/index.php\/wp-json\/wp\/v2\/categories?post=31188"},{"taxonomy":"post_tag","embeddable":true,"href":"https:\/\/infotep.com.ar\/index.php\/wp-json\/wp\/v2\/tags?post=31188"}],"curies":[{"name":"wp","href":"https:\/\/api.w.org\/{rel}","templated":true}]}}