{"id":31210,"date":"2026-01-27T16:46:55","date_gmt":"2026-01-27T19:46:55","guid":{"rendered":"https:\/\/infotep.com.ar\/?p=31210"},"modified":"2026-01-27T16:46:56","modified_gmt":"2026-01-27T19:46:56","slug":"reunion-clave-para-definir-el-futuro-del-transporte-de-colectivos-en-el-amba","status":"publish","type":"post","link":"https:\/\/infotep.com.ar\/index.php\/2026\/01\/27\/reunion-clave-para-definir-el-futuro-del-transporte-de-colectivos-en-el-amba\/","title":{"rendered":"Reuni\u00f3n clave para definir el futuro del transporte de colectivos en el AMBA"},"content":{"rendered":"\n<p><\/p>\n\n\n\n<p>El Gobierno, la Uni\u00f3n Tranviarios Automotor (UTA) y las c\u00e1maras empresarias del transporte mantendr\u00e1n este martes, a las 15, una audiencia virtual decisiva para intentar destrabar el conflicto salarial que pone en riesgo la normal prestaci\u00f3n del servicio de colectivos en el \u00c1rea Metropolitana de Buenos Aires (AMBA).<\/p>\n\n\n\n<p>El encuentro, mediado por el Ministerio de Capital Humano, se realiza en un contexto de fuerte tensi\u00f3n y ante la posibilidad del primer paro del a\u00f1o, luego de dos reuniones fallidas el 13 y 20 de enero. La principal diferencia radica en la propuesta empresaria de un aumento salarial del 1%, rechazada por la UTA por considerarla insuficiente frente a la suba del costo de vida y del boleto.<\/p>\n\n\n\n<p>De no alcanzarse un acuerdo, el Gobierno nacional podr\u00eda dictar la conciliaci\u00f3n obligatoria, lo que suspender\u00eda eventuales medidas de fuerza y obligar\u00eda a las partes a continuar negociando.<\/p>\n\n\n\n<p>La reuni\u00f3n marcar\u00e1 adem\u00e1s el debut formal de Fernando Herrmann como secretario de Transporte de la Naci\u00f3n, junto al secretario general de la UTA, Roberto Fern\u00e1ndez, y representantes de las principales c\u00e1maras del sector.<\/p>\n\n\n\n<p>En paralelo, el Ejecutivo mantuvo este lunes un encuentro con las c\u00e1maras empresarias, donde anunci\u00f3 el inicio de una auditor\u00eda integral de los subsidios al transporte y la intenci\u00f3n de avanzar hacia un esquema de subsidio directo al pasajero, adem\u00e1s de simplificar el cuadro tarifario. Las empresas expresaron su respaldo a esas medidas y acordaron continuar con reuniones peri\u00f3dicas.<\/p>\n","protected":false},"excerpt":{"rendered":"<p>El Gobierno, la Uni&oacute;n Tranviarios Automotor (UTA) y las c&aacute;maras empresarias del transporte mantendr&aacute;n este martes, a las 15, una audiencia virtual decisiva para intentar destrabar el conflicto salarial que pone en riesgo la normal prestaci&oacute;n del servicio de colectivos en el &Aacute;rea Metropolitana de Buenos Aires (AMBA). El encuentro, mediado por el Ministerio de &hellip; <\/p>\n","protected":false},"author":5,"featured_media":12595,"comment_status":"closed","ping_status":"closed","sticky":false,"template":"","format":"standard","meta":{"om_disable_all_campaigns":false,"_joinchat":[]},"categories":[4],"tags":[],"featured_image_urls":{"full":["https:\/\/infotep.com.ar\/wp-content\/uploads\/2024\/04\/colectivo-1.webp",1037,720,false],"thumbnail":["https:\/\/infotep.com.ar\/wp-content\/uploads\/2024\/04\/colectivo-1-150x150.webp",150,150,true],"medium":["https:\/\/infotep.com.ar\/wp-content\/uploads\/2024\/04\/colectivo-1-300x208.webp",300,208,true],"medium_large":["https:\/\/infotep.com.ar\/wp-content\/uploads\/2024\/04\/colectivo-1-768x533.webp",768,533,true],"large":["https:\/\/infotep.com.ar\/wp-content\/uploads\/2024\/04\/colectivo-1-1024x711.webp",1020,708,true],"1536x1536":["https:\/\/infotep.com.ar\/wp-content\/uploads\/2024\/04\/colectivo-1.webp",1037,720,false],"2048x2048":["https:\/\/infotep.com.ar\/wp-content\/uploads\/2024\/04\/colectivo-1.webp",1037,720,false],"blossom-feminine-slider":["https:\/\/infotep.com.ar\/wp-content\/uploads\/2024\/04\/colectivo-1-1037x649.webp",1037,649,true],"blossom-feminine-featured":["https:\/\/infotep.com.ar\/wp-content\/uploads\/2024\/04\/colectivo-1-1037x600.webp",1037,600,true],"blossom-feminine-with-sidebar":["https:\/\/infotep.com.ar\/wp-content\/uploads\/2024\/04\/colectivo-1-1020x600.webp",1020,600,true],"blossom-feminine-blog":["https:\/\/infotep.com.ar\/wp-content\/uploads\/2024\/04\/colectivo-1-435x435.webp",435,435,true],"blossom-feminine-cat":["https:\/\/infotep.com.ar\/wp-content\/uploads\/2024\/04\/colectivo-1-450x300.webp",450,300,true],"blossom-feminine-related":["https:\/\/infotep.com.ar\/wp-content\/uploads\/2024\/04\/colectivo-1-320x200.webp",320,200,true],"blossom-feminine-schema":["https:\/\/infotep.com.ar\/wp-content\/uploads\/2024\/04\/colectivo-1-86x60.webp",86,60,true],"blossom-mommy-blog-slider-big":["https:\/\/infotep.com.ar\/wp-content\/uploads\/2024\/04\/colectivo-1-920x650.webp",920,650,true],"blossom-mommy-blog-slider":["https:\/\/infotep.com.ar\/wp-content\/uploads\/2024\/04\/colectivo-1-460x310.webp",460,310,true],"blossom-mommy-blog-two":["https:\/\/infotep.com.ar\/wp-content\/uploads\/2024\/04\/colectivo-1-768x480.webp",768,480,true]},"author_info":{"info":["Angela Tobar"]},"category_info":"<a href=\"https:\/\/infotep.com.ar\/index.php\/category\/provinciales\/\" rel=\"category tag\">Provinciales<\/a>","tag_info":"Provinciales","comment_count":"0","_links":{"self":[{"href":"https:\/\/infotep.com.ar\/index.php\/wp-json\/wp\/v2\/posts\/31210"}],"collection":[{"href":"https:\/\/infotep.com.ar\/index.php\/wp-json\/wp\/v2\/posts"}],"about":[{"href":"https:\/\/infotep.com.ar\/index.php\/wp-json\/wp\/v2\/types\/post"}],"author":[{"embeddable":true,"href":"https:\/\/infotep.com.ar\/index.php\/wp-json\/wp\/v2\/users\/5"}],"replies":[{"embeddable":true,"href":"https:\/\/infotep.com.ar\/index.php\/wp-json\/wp\/v2\/comments?post=31210"}],"version-history":[{"count":1,"href":"https:\/\/infotep.com.ar\/index.php\/wp-json\/wp\/v2\/posts\/31210\/revisions"}],"predecessor-version":[{"id":31211,"href":"https:\/\/infotep.com.ar\/index.php\/wp-json\/wp\/v2\/posts\/31210\/revisions\/31211"}],"wp:featuredmedia":[{"embeddable":true,"href":"https:\/\/infotep.com.ar\/index.php\/wp-json\/wp\/v2\/media\/12595"}],"wp:attachment":[{"href":"https:\/\/infotep.com.ar\/index.php\/wp-json\/wp\/v2\/media?parent=31210"}],"wp:term":[{"taxonomy":"category","embeddable":true,"href":"https:\/\/infotep.com.ar\/index.php\/wp-json\/wp\/v2\/categories?post=31210"},{"taxonomy":"post_tag","embeddable":true,"href":"https:\/\/infotep.com.ar\/index.php\/wp-json\/wp\/v2\/tags?post=31210"}],"curies":[{"name":"wp","href":"https:\/\/api.w.org\/{rel}","templated":true}]}}