{"id":31212,"date":"2026-01-27T16:49:10","date_gmt":"2026-01-27T19:49:10","guid":{"rendered":"https:\/\/infotep.com.ar\/?p=31212"},"modified":"2026-01-27T16:49:11","modified_gmt":"2026-01-27T19:49:11","slug":"por-falta-de-agua-y-sobrepoblacion-suspenden-nuevos-ingresos-a-la-unidad-43-de-gonzalez-catan","status":"publish","type":"post","link":"https:\/\/infotep.com.ar\/index.php\/2026\/01\/27\/por-falta-de-agua-y-sobrepoblacion-suspenden-nuevos-ingresos-a-la-unidad-43-de-gonzalez-catan\/","title":{"rendered":"Por falta de agua y sobrepoblaci\u00f3n, suspenden nuevos ingresos a la Unidad 43 de Gonz\u00e1lez Cat\u00e1n"},"content":{"rendered":"\n<p><\/p>\n\n\n\n<p>El Juzgado de Garant\u00edas N\u00b02 de La Matanza orden\u00f3 la suspensi\u00f3n de nuevos ingresos a la Unidad Penitenciaria N\u00b043 de Gonz\u00e1lez Cat\u00e1n por un plazo de 30 d\u00edas, tras una denuncia presentada por la Comisi\u00f3n Provincial por la Memoria (CPM).<\/p>\n\n\n\n<p><strong>La medida fue dispuesta luego de un h\u00e1beas corpus colectivo que alert\u00f3 sobre la falta de agua potable, graves deficiencias en el sistema hidr\u00e1ulico y una situaci\u00f3n cr\u00edtica de sobrepoblaci\u00f3n. Seg\u00fan lo informado, la unidad aloja actualmente a 1.300 personas, pese a tener una capacidad habilitada para 478 internos.<\/strong><\/p>\n\n\n\n<p>De acuerdo con la investigaci\u00f3n judicial, los problemas de suministro de agua comenzaron en abril de 2024 por fallas en una de las bombas. Si bien fue reparada en 2025, esa intervenci\u00f3n afect\u00f3 el funcionamiento de la otra, que contin\u00faa sin soluci\u00f3n.<\/p>\n\n\n\n<p>Ante este escenario, el juez Ricardo Tripaldi hizo lugar al h\u00e1beas corpus correctivo y orden\u00f3 al Servicio Penitenciario Bonaerense realizar de forma urgente las obras necesarias para garantizar el suministro de agua y mejorar las condiciones de detenci\u00f3n.<\/p>\n\n\n\n<p>Desde la CPM indicaron que realizan inspecciones sorpresivas semanales en unidades penitenciarias de la provincia para constatar irregularidades edilicias y sanitarias.<\/p>\n","protected":false},"excerpt":{"rendered":"<p>El Juzgado de Garant&iacute;as N&deg;2 de La Matanza orden&oacute; la suspensi&oacute;n de nuevos ingresos a la Unidad Penitenciaria N&deg;43 de Gonz&aacute;lez Cat&aacute;n por un plazo de 30 d&iacute;as, tras una denuncia presentada por la Comisi&oacute;n Provincial por la Memoria (CPM). La medida fue dispuesta luego de un h&aacute;beas corpus colectivo que alert&oacute; sobre la falta &hellip; <\/p>\n","protected":false},"author":5,"featured_media":31213,"comment_status":"closed","ping_status":"closed","sticky":false,"template":"","format":"standard","meta":{"om_disable_all_campaigns":false,"_joinchat":[]},"categories":[26,4],"tags":[],"featured_image_urls":{"full":["https:\/\/infotep.com.ar\/wp-content\/uploads\/2026\/01\/penal-gonzalez-catan.webp",1280,585,false],"thumbnail":["https:\/\/infotep.com.ar\/wp-content\/uploads\/2026\/01\/penal-gonzalez-catan-150x150.webp",150,150,true],"medium":["https:\/\/infotep.com.ar\/wp-content\/uploads\/2026\/01\/penal-gonzalez-catan-300x137.webp",300,137,true],"medium_large":["https:\/\/infotep.com.ar\/wp-content\/uploads\/2026\/01\/penal-gonzalez-catan-768x351.webp",768,351,true],"large":["https:\/\/infotep.com.ar\/wp-content\/uploads\/2026\/01\/penal-gonzalez-catan-1024x468.webp",1020,466,true],"1536x1536":["https:\/\/infotep.com.ar\/wp-content\/uploads\/2026\/01\/penal-gonzalez-catan.webp",1280,585,false],"2048x2048":["https:\/\/infotep.com.ar\/wp-content\/uploads\/2026\/01\/penal-gonzalez-catan.webp",1280,585,false],"blossom-feminine-slider":["https:\/\/infotep.com.ar\/wp-content\/uploads\/2026\/01\/penal-gonzalez-catan.webp",1280,585,false],"blossom-feminine-featured":["https:\/\/infotep.com.ar\/wp-content\/uploads\/2026\/01\/penal-gonzalez-catan.webp",1280,585,false],"blossom-feminine-with-sidebar":["https:\/\/infotep.com.ar\/wp-content\/uploads\/2026\/01\/penal-gonzalez-catan-1020x585.webp",1020,585,true],"blossom-feminine-blog":["https:\/\/infotep.com.ar\/wp-content\/uploads\/2026\/01\/penal-gonzalez-catan-435x435.webp",435,435,true],"blossom-feminine-cat":["https:\/\/infotep.com.ar\/wp-content\/uploads\/2026\/01\/penal-gonzalez-catan-450x300.webp",450,300,true],"blossom-feminine-related":["https:\/\/infotep.com.ar\/wp-content\/uploads\/2026\/01\/penal-gonzalez-catan-320x200.webp",320,200,true],"blossom-feminine-schema":["https:\/\/infotep.com.ar\/wp-content\/uploads\/2026\/01\/penal-gonzalez-catan-131x60.webp",131,60,true],"blossom-mommy-blog-slider-big":["https:\/\/infotep.com.ar\/wp-content\/uploads\/2026\/01\/penal-gonzalez-catan-920x585.webp",920,585,true],"blossom-mommy-blog-slider":["https:\/\/infotep.com.ar\/wp-content\/uploads\/2026\/01\/penal-gonzalez-catan-460x310.webp",460,310,true],"blossom-mommy-blog-two":["https:\/\/infotep.com.ar\/wp-content\/uploads\/2026\/01\/penal-gonzalez-catan-768x480.webp",768,480,true]},"author_info":{"info":["Angela Tobar"]},"category_info":"<a href=\"https:\/\/infotep.com.ar\/index.php\/category\/municipales\/la-matanza\/\" rel=\"category tag\">La Matanza<\/a> <a href=\"https:\/\/infotep.com.ar\/index.php\/category\/provinciales\/\" rel=\"category tag\">Provinciales<\/a>","tag_info":"Provinciales","comment_count":"0","_links":{"self":[{"href":"https:\/\/infotep.com.ar\/index.php\/wp-json\/wp\/v2\/posts\/31212"}],"collection":[{"href":"https:\/\/infotep.com.ar\/index.php\/wp-json\/wp\/v2\/posts"}],"about":[{"href":"https:\/\/infotep.com.ar\/index.php\/wp-json\/wp\/v2\/types\/post"}],"author":[{"embeddable":true,"href":"https:\/\/infotep.com.ar\/index.php\/wp-json\/wp\/v2\/users\/5"}],"replies":[{"embeddable":true,"href":"https:\/\/infotep.com.ar\/index.php\/wp-json\/wp\/v2\/comments?post=31212"}],"version-history":[{"count":1,"href":"https:\/\/infotep.com.ar\/index.php\/wp-json\/wp\/v2\/posts\/31212\/revisions"}],"predecessor-version":[{"id":31214,"href":"https:\/\/infotep.com.ar\/index.php\/wp-json\/wp\/v2\/posts\/31212\/revisions\/31214"}],"wp:featuredmedia":[{"embeddable":true,"href":"https:\/\/infotep.com.ar\/index.php\/wp-json\/wp\/v2\/media\/31213"}],"wp:attachment":[{"href":"https:\/\/infotep.com.ar\/index.php\/wp-json\/wp\/v2\/media?parent=31212"}],"wp:term":[{"taxonomy":"category","embeddable":true,"href":"https:\/\/infotep.com.ar\/index.php\/wp-json\/wp\/v2\/categories?post=31212"},{"taxonomy":"post_tag","embeddable":true,"href":"https:\/\/infotep.com.ar\/index.php\/wp-json\/wp\/v2\/tags?post=31212"}],"curies":[{"name":"wp","href":"https:\/\/api.w.org\/{rel}","templated":true}]}}