{"id":31230,"date":"2026-01-28T16:04:11","date_gmt":"2026-01-28T19:04:11","guid":{"rendered":"https:\/\/infotep.com.ar\/?p=31230"},"modified":"2026-01-28T16:04:39","modified_gmt":"2026-01-28T19:04:39","slug":"alerta-en-la-industria-textil-por-importaciones-y-caida-del-consumo","status":"publish","type":"post","link":"https:\/\/infotep.com.ar\/index.php\/2026\/01\/28\/alerta-en-la-industria-textil-por-importaciones-y-caida-del-consumo\/","title":{"rendered":"Alerta en la industria textil por importaciones y ca\u00edda del consumo"},"content":{"rendered":"\n<p>El asesor econ\u00f3mico de la C\u00e1mara Argentina de la Indumentaria, Gustavo Ludmer, advirti\u00f3 que el sector atraviesa una \u201ctormenta perfecta\u201d debido a la ca\u00edda del consumo y a la creciente competencia de productos importados.<\/p>\n\n\n\n<p>Seg\u00fan explic\u00f3, la baja en las ventas responde al deterioro del poder adquisitivo, ya que los salarios vienen ajustando por debajo de la inflaci\u00f3n, lo que impacta no solo en la indumentaria sino tambi\u00e9n en otros rubros como muebles, autos y electrodom\u00e9sticos.<\/p>\n\n\n\n<p>Adem\u00e1s, se\u00f1al\u00f3 un cambio en los h\u00e1bitos de consumo hacia el sistema \u201cpuerta a puerta\u201d a trav\u00e9s de megaplataformas internacionales, especialmente de origen chino, fen\u00f3meno que defini\u00f3 como global y vinculado a la innovaci\u00f3n tecnol\u00f3gica y al menor costo del transporte.<\/p>\n\n\n\n<p>Ludmer denunci\u00f3 que esta situaci\u00f3n genera una competencia desleal, ya que los consumidores que importan prendas no pagan impuestos, mientras que los productores nacionales s\u00ed deben tributar al importar insumos para fabricar localmente. Tambi\u00e9n afirm\u00f3 que, hasta el momento, no hubo respuesta del Gobierno, aunque destac\u00f3 avances en el plano legislativo.<\/p>\n","protected":false},"excerpt":{"rendered":"<p>El asesor econ&oacute;mico de la C&aacute;mara Argentina de la Indumentaria, Gustavo Ludmer, advirti&oacute; que el sector atraviesa una &ldquo;tormenta perfecta&rdquo; debido a la ca&iacute;da del consumo y a la creciente competencia de productos importados. Seg&uacute;n explic&oacute;, la baja en las ventas responde al deterioro del poder adquisitivo, ya que los salarios vienen ajustando por debajo &hellip; <\/p>\n","protected":false},"author":5,"featured_media":14937,"comment_status":"closed","ping_status":"closed","sticky":false,"template":"","format":"standard","meta":{"om_disable_all_campaigns":false,"_joinchat":[]},"categories":[3],"tags":[],"featured_image_urls":{"full":["https:\/\/infotep.com.ar\/wp-content\/uploads\/2024\/07\/compras-ropa-textil.jpg",1024,684,false],"thumbnail":["https:\/\/infotep.com.ar\/wp-content\/uploads\/2024\/07\/compras-ropa-textil-150x150.jpg",150,150,true],"medium":["https:\/\/infotep.com.ar\/wp-content\/uploads\/2024\/07\/compras-ropa-textil-300x200.jpg",300,200,true],"medium_large":["https:\/\/infotep.com.ar\/wp-content\/uploads\/2024\/07\/compras-ropa-textil-768x513.jpg",768,513,true],"large":["https:\/\/infotep.com.ar\/wp-content\/uploads\/2024\/07\/compras-ropa-textil.jpg",1020,681,false],"1536x1536":["https:\/\/infotep.com.ar\/wp-content\/uploads\/2024\/07\/compras-ropa-textil.jpg",1024,684,false],"2048x2048":["https:\/\/infotep.com.ar\/wp-content\/uploads\/2024\/07\/compras-ropa-textil.jpg",1024,684,false],"blossom-feminine-slider":["https:\/\/infotep.com.ar\/wp-content\/uploads\/2024\/07\/compras-ropa-textil-1024x649.jpg",1024,649,true],"blossom-feminine-featured":["https:\/\/infotep.com.ar\/wp-content\/uploads\/2024\/07\/compras-ropa-textil-1024x600.jpg",1024,600,true],"blossom-feminine-with-sidebar":["https:\/\/infotep.com.ar\/wp-content\/uploads\/2024\/07\/compras-ropa-textil-1020x600.jpg",1020,600,true],"blossom-feminine-blog":["https:\/\/infotep.com.ar\/wp-content\/uploads\/2024\/07\/compras-ropa-textil-435x435.jpg",435,435,true],"blossom-feminine-cat":["https:\/\/infotep.com.ar\/wp-content\/uploads\/2024\/07\/compras-ropa-textil-450x300.jpg",450,300,true],"blossom-feminine-related":["https:\/\/infotep.com.ar\/wp-content\/uploads\/2024\/07\/compras-ropa-textil-320x200.jpg",320,200,true],"blossom-feminine-schema":["https:\/\/infotep.com.ar\/wp-content\/uploads\/2024\/07\/compras-ropa-textil-90x60.jpg",90,60,true],"blossom-mommy-blog-slider-big":["https:\/\/infotep.com.ar\/wp-content\/uploads\/2024\/07\/compras-ropa-textil-920x650.jpg",920,650,true],"blossom-mommy-blog-slider":["https:\/\/infotep.com.ar\/wp-content\/uploads\/2024\/07\/compras-ropa-textil-460x310.jpg",460,310,true],"blossom-mommy-blog-two":["https:\/\/infotep.com.ar\/wp-content\/uploads\/2024\/07\/compras-ropa-textil-768x480.jpg",768,480,true]},"author_info":{"info":["Angela Tobar"]},"category_info":"<a href=\"https:\/\/infotep.com.ar\/index.php\/category\/nacionales\/\" rel=\"category tag\">Nacionales<\/a>","tag_info":"Nacionales","comment_count":"0","_links":{"self":[{"href":"https:\/\/infotep.com.ar\/index.php\/wp-json\/wp\/v2\/posts\/31230"}],"collection":[{"href":"https:\/\/infotep.com.ar\/index.php\/wp-json\/wp\/v2\/posts"}],"about":[{"href":"https:\/\/infotep.com.ar\/index.php\/wp-json\/wp\/v2\/types\/post"}],"author":[{"embeddable":true,"href":"https:\/\/infotep.com.ar\/index.php\/wp-json\/wp\/v2\/users\/5"}],"replies":[{"embeddable":true,"href":"https:\/\/infotep.com.ar\/index.php\/wp-json\/wp\/v2\/comments?post=31230"}],"version-history":[{"count":1,"href":"https:\/\/infotep.com.ar\/index.php\/wp-json\/wp\/v2\/posts\/31230\/revisions"}],"predecessor-version":[{"id":31231,"href":"https:\/\/infotep.com.ar\/index.php\/wp-json\/wp\/v2\/posts\/31230\/revisions\/31231"}],"wp:featuredmedia":[{"embeddable":true,"href":"https:\/\/infotep.com.ar\/index.php\/wp-json\/wp\/v2\/media\/14937"}],"wp:attachment":[{"href":"https:\/\/infotep.com.ar\/index.php\/wp-json\/wp\/v2\/media?parent=31230"}],"wp:term":[{"taxonomy":"category","embeddable":true,"href":"https:\/\/infotep.com.ar\/index.php\/wp-json\/wp\/v2\/categories?post=31230"},{"taxonomy":"post_tag","embeddable":true,"href":"https:\/\/infotep.com.ar\/index.php\/wp-json\/wp\/v2\/tags?post=31230"}],"curies":[{"name":"wp","href":"https:\/\/api.w.org\/{rel}","templated":true}]}}