{"id":31248,"date":"2026-01-28T04:31:00","date_gmt":"2026-01-28T07:31:00","guid":{"rendered":"https:\/\/infotep.com.ar\/?p=31248"},"modified":"2026-01-28T16:33:50","modified_gmt":"2026-01-28T19:33:50","slug":"las-colonias-de-la-matanza-se-sumaron-a-educar-en-el-cuidado-del-ambiente","status":"publish","type":"post","link":"https:\/\/infotep.com.ar\/index.php\/2026\/01\/28\/las-colonias-de-la-matanza-se-sumaron-a-educar-en-el-cuidado-del-ambiente\/","title":{"rendered":"Las Colonias de La Matanza se sumaron a educar en el cuidado del ambiente"},"content":{"rendered":"\n<p><\/p>\n\n\n\n<p>Celebrando el D\u00eda Mundial de la Educaci\u00f3n Ambiental, el Gobierno local llev\u00f3 adelante talleres pr\u00e1cticos de sustentabilidad y energ\u00edas renovables para las miles de chicas, chicos y adolescentes que asisten a la Colonia de Verano 2026.<\/p>\n\n\n\n<p>El Municipio de La Matanza llev\u00f3 al Polideportivo Balestrini el programa Coraz\u00f3n Ecol\u00f3gico, con una gran jornada de concientizaci\u00f3n ambiental para que chicas y chicos aprendan a cuidar el entorno, nuestra \u201ccasa com\u00fan\u201d, a trav\u00e9s de la experiencia directa y el contacto con la naturaleza.<\/p>\n\n\n\n<p>Durante las actividades, coordinadas por la Subsecretar\u00eda de Ambiente local, a cargo de Mauro Chellillo, las y los participantes se involucraron en procesos de compostaje, clasificaci\u00f3n de residuos reciclables y germinaci\u00f3n de especies nativas, conectando de forma directa con los ciclos de la naturaleza.<\/p>\n\n\n\n<p>Uno de los puntos destacados de la actividad fue la experimentaci\u00f3n con energ\u00edas alternativas; es decir que, a trav\u00e9s de dispositivos espec\u00edficos, pudieron observar c\u00f3mo el sol genera energ\u00eda t\u00e9rmica para calentar agua, energ\u00eda fotovoltaica para electricidad e incluso el funcionamiento de un horno solar para cocinar. Estas propuestas buscan desmitificar la tecnolog\u00eda sustentable y mostrarla como una herramienta accesible y cotidiana.<\/p>\n\n\n\n<p>Esta iniciativa del Gobierno local impulsa la protecci\u00f3n del ambiente con la educaci\u00f3n como motor, convirtiendo el conocimiento te\u00f3rico en una herramienta real que las chicas y chicos pueden llevar a sus casas y compartir con sus familias; y transforma las colonias municipales en un espacio de aprendizaje y valores para toda la comunidad.<\/p>\n","protected":false},"excerpt":{"rendered":"<p>Celebrando el D&iacute;a Mundial de la Educaci&oacute;n Ambiental, el Gobierno local llev&oacute; adelante talleres pr&aacute;cticos de sustentabilidad y energ&iacute;as renovables para las miles de chicas, chicos y adolescentes que asisten a la Colonia de Verano 2026. El Municipio de La Matanza llev&oacute; al Polideportivo Balestrini el programa Coraz&oacute;n Ecol&oacute;gico, con una gran jornada de concientizaci&oacute;n &hellip; <\/p>\n","protected":false},"author":5,"featured_media":31249,"comment_status":"closed","ping_status":"closed","sticky":false,"template":"","format":"standard","meta":{"om_disable_all_campaigns":false,"_joinchat":[]},"categories":[26],"tags":[],"featured_image_urls":{"full":["https:\/\/infotep.com.ar\/wp-content\/uploads\/2026\/01\/WhatsApp-Image-2026-01-27-at-2.48.18-PM.jpeg",1560,1040,false],"thumbnail":["https:\/\/infotep.com.ar\/wp-content\/uploads\/2026\/01\/WhatsApp-Image-2026-01-27-at-2.48.18-PM-150x150.jpeg",150,150,true],"medium":["https:\/\/infotep.com.ar\/wp-content\/uploads\/2026\/01\/WhatsApp-Image-2026-01-27-at-2.48.18-PM-300x200.jpeg",300,200,true],"medium_large":["https:\/\/infotep.com.ar\/wp-content\/uploads\/2026\/01\/WhatsApp-Image-2026-01-27-at-2.48.18-PM-768x512.jpeg",768,512,true],"large":["https:\/\/infotep.com.ar\/wp-content\/uploads\/2026\/01\/WhatsApp-Image-2026-01-27-at-2.48.18-PM-1024x683.jpeg",1020,680,true],"1536x1536":["https:\/\/infotep.com.ar\/wp-content\/uploads\/2026\/01\/WhatsApp-Image-2026-01-27-at-2.48.18-PM-1536x1024.jpeg",1536,1024,true],"2048x2048":["https:\/\/infotep.com.ar\/wp-content\/uploads\/2026\/01\/WhatsApp-Image-2026-01-27-at-2.48.18-PM.jpeg",1560,1040,false],"blossom-feminine-slider":["https:\/\/infotep.com.ar\/wp-content\/uploads\/2026\/01\/WhatsApp-Image-2026-01-27-at-2.48.18-PM-1560x649.jpeg",1560,649,true],"blossom-feminine-featured":["https:\/\/infotep.com.ar\/wp-content\/uploads\/2026\/01\/WhatsApp-Image-2026-01-27-at-2.48.18-PM-1410x600.jpeg",1410,600,true],"blossom-feminine-with-sidebar":["https:\/\/infotep.com.ar\/wp-content\/uploads\/2026\/01\/WhatsApp-Image-2026-01-27-at-2.48.18-PM-1020x600.jpeg",1020,600,true],"blossom-feminine-blog":["https:\/\/infotep.com.ar\/wp-content\/uploads\/2026\/01\/WhatsApp-Image-2026-01-27-at-2.48.18-PM-435x435.jpeg",435,435,true],"blossom-feminine-cat":["https:\/\/infotep.com.ar\/wp-content\/uploads\/2026\/01\/WhatsApp-Image-2026-01-27-at-2.48.18-PM-450x300.jpeg",450,300,true],"blossom-feminine-related":["https:\/\/infotep.com.ar\/wp-content\/uploads\/2026\/01\/WhatsApp-Image-2026-01-27-at-2.48.18-PM-320x200.jpeg",320,200,true],"blossom-feminine-schema":["https:\/\/infotep.com.ar\/wp-content\/uploads\/2026\/01\/WhatsApp-Image-2026-01-27-at-2.48.18-PM-90x60.jpeg",90,60,true],"blossom-mommy-blog-slider-big":["https:\/\/infotep.com.ar\/wp-content\/uploads\/2026\/01\/WhatsApp-Image-2026-01-27-at-2.48.18-PM-920x650.jpeg",920,650,true],"blossom-mommy-blog-slider":["https:\/\/infotep.com.ar\/wp-content\/uploads\/2026\/01\/WhatsApp-Image-2026-01-27-at-2.48.18-PM-460x310.jpeg",460,310,true],"blossom-mommy-blog-two":["https:\/\/infotep.com.ar\/wp-content\/uploads\/2026\/01\/WhatsApp-Image-2026-01-27-at-2.48.18-PM-768x480.jpeg",768,480,true]},"author_info":{"info":["Angela Tobar"]},"category_info":"<a href=\"https:\/\/infotep.com.ar\/index.php\/category\/municipales\/la-matanza\/\" rel=\"category tag\">La Matanza<\/a>","tag_info":"La Matanza","comment_count":"0","_links":{"self":[{"href":"https:\/\/infotep.com.ar\/index.php\/wp-json\/wp\/v2\/posts\/31248"}],"collection":[{"href":"https:\/\/infotep.com.ar\/index.php\/wp-json\/wp\/v2\/posts"}],"about":[{"href":"https:\/\/infotep.com.ar\/index.php\/wp-json\/wp\/v2\/types\/post"}],"author":[{"embeddable":true,"href":"https:\/\/infotep.com.ar\/index.php\/wp-json\/wp\/v2\/users\/5"}],"replies":[{"embeddable":true,"href":"https:\/\/infotep.com.ar\/index.php\/wp-json\/wp\/v2\/comments?post=31248"}],"version-history":[{"count":1,"href":"https:\/\/infotep.com.ar\/index.php\/wp-json\/wp\/v2\/posts\/31248\/revisions"}],"predecessor-version":[{"id":31250,"href":"https:\/\/infotep.com.ar\/index.php\/wp-json\/wp\/v2\/posts\/31248\/revisions\/31250"}],"wp:featuredmedia":[{"embeddable":true,"href":"https:\/\/infotep.com.ar\/index.php\/wp-json\/wp\/v2\/media\/31249"}],"wp:attachment":[{"href":"https:\/\/infotep.com.ar\/index.php\/wp-json\/wp\/v2\/media?parent=31248"}],"wp:term":[{"taxonomy":"category","embeddable":true,"href":"https:\/\/infotep.com.ar\/index.php\/wp-json\/wp\/v2\/categories?post=31248"},{"taxonomy":"post_tag","embeddable":true,"href":"https:\/\/infotep.com.ar\/index.php\/wp-json\/wp\/v2\/tags?post=31248"}],"curies":[{"name":"wp","href":"https:\/\/api.w.org\/{rel}","templated":true}]}}