{"id":31251,"date":"2026-01-28T04:35:00","date_gmt":"2026-01-28T07:35:00","guid":{"rendered":"https:\/\/infotep.com.ar\/?p=31251"},"modified":"2026-01-28T16:36:33","modified_gmt":"2026-01-28T19:36:33","slug":"mas-de-900-estudiantes-beneficiados-por-mejoras-en-colegios-de-moreno","status":"publish","type":"post","link":"https:\/\/infotep.com.ar\/index.php\/2026\/01\/28\/mas-de-900-estudiantes-beneficiados-por-mejoras-en-colegios-de-moreno\/","title":{"rendered":"M\u00e1s de 900 estudiantes beneficiados por mejoras en colegios de Moreno"},"content":{"rendered":"\n<p>Moreno impulsa una serie de acciones orientadas a la mejora, ampliaci\u00f3n y recuperaci\u00f3n de establecimientos escolares de diferentes niveles de ense\u00f1anza, que impactar\u00e1n de manera directa en m\u00e1s de 900 estudiantes del distrito, con el prop\u00f3sito de optimizar la infraestructura y consolidar el derecho a la educaci\u00f3n p\u00fablica.<\/p>\n\n\n\n<p>Dentro de las iniciativas en marcha se encuentra la reconstrucci\u00f3n del Jard\u00edn de Infantes N\u00b0953, un proyecto que abarca una superficie aproximada de mil metros cuadrados e incluye seis salas, Sal\u00f3n de Usos M\u00faltiples, espacio destinado a actividades musicales, patios recreativos, \u00e1reas administrativas, sanitarios, preceptor\u00eda y sector de cocina. El proyecto, que hab\u00eda quedado inconcluso por la gesti\u00f3n nacional, fue retomado por el Gobierno local mediante el Programa de Infraestructura Escolar (P.I.E.).<\/p>\n\n\n\n<p>En Moreno Sur, progresa la renovaci\u00f3n integral del Jard\u00edn de Infantes N\u00b0922, donde se ejecutan tareas estructurales vinculadas a la elevaci\u00f3n de muros y la conformaci\u00f3n de vigas del nuevo edificio, con financiamiento del mismo programa provincial. Adem\u00e1s, la Escuela Secundaria N\u00b014 es objeto de mejoras en sus sanitarios, con reemplazo de revestimientos, artefactos y mesadas, trabajos solventados a trav\u00e9s del Fondo de Financiamiento Educativo.<\/p>\n\n\n\n<p>Por su parte, en La Reja contin\u00faa el desarrollo del nuevo inmueble del Jard\u00edn de Infantes N\u00b0932, una iniciativa retomada tras haber sido paralizada por el Estado nacional. En esa localidad, tanto la Escuela Primaria N\u00b029 como la Escuela Secundaria N\u00b035 suman tres espacios \u00e1ulicos, la extensi\u00f3n de galer\u00edas y circulaciones, lo que totaliza una superficie cubierta cercana a los 115 metros cuadrados y un sector semicubierto de 30 metros cuadrados.<\/p>\n\n\n\n<p>En Moreno Norte, se llevan adelante tareas en la Escuela Secundaria N\u00b07, donde se concreta la culminaci\u00f3n y reacondicionamiento de la planta baja, se incorporan siete aulas, una sala t\u00e9cnica y una cocina ampliada, con fondos espec\u00edficos destinados a fortalecer el sistema educativo.<\/p>\n\n\n\n<p>Asimismo, en Trujui, la Escuela Secundaria N\u00b028 incorpora nuevos espacios pedag\u00f3gicos, sanitarios y un play\u00f3n para actividades deportivas. En tanto, se concluyen trabajos en la Escuela Secundaria N\u00b052, que contemplan sectores \u00e1ulicos, instalaciones sanitarias y un patio exterior de hormig\u00f3n con una superficie aproximada de 439 metros cuadrados, financiados tambi\u00e9n con recursos educativos.<\/p>\n\n\n\n<p><\/p>\n","protected":false},"excerpt":{"rendered":"<p>Moreno impulsa una serie de acciones orientadas a la mejora, ampliaci&oacute;n y recuperaci&oacute;n de establecimientos escolares de diferentes niveles de ense&ntilde;anza, que impactar&aacute;n de manera directa en m&aacute;s de 900 estudiantes del distrito, con el prop&oacute;sito de optimizar la infraestructura y consolidar el derecho a la educaci&oacute;n p&uacute;blica. Dentro de las iniciativas en marcha se &hellip; <\/p>\n","protected":false},"author":5,"featured_media":31252,"comment_status":"closed","ping_status":"closed","sticky":false,"template":"","format":"standard","meta":{"om_disable_all_campaigns":false,"_joinchat":[]},"categories":[31,85],"tags":[],"featured_image_urls":{"full":["https:\/\/infotep.com.ar\/wp-content\/uploads\/2026\/01\/3-1.jpg",1920,1080,false],"thumbnail":["https:\/\/infotep.com.ar\/wp-content\/uploads\/2026\/01\/3-1-150x150.jpg",150,150,true],"medium":["https:\/\/infotep.com.ar\/wp-content\/uploads\/2026\/01\/3-1-300x169.jpg",300,169,true],"medium_large":["https:\/\/infotep.com.ar\/wp-content\/uploads\/2026\/01\/3-1-768x432.jpg",768,432,true],"large":["https:\/\/infotep.com.ar\/wp-content\/uploads\/2026\/01\/3-1-1024x576.jpg",1020,574,true],"1536x1536":["https:\/\/infotep.com.ar\/wp-content\/uploads\/2026\/01\/3-1-1536x864.jpg",1536,864,true],"2048x2048":["https:\/\/infotep.com.ar\/wp-content\/uploads\/2026\/01\/3-1.jpg",1920,1080,false],"blossom-feminine-slider":["https:\/\/infotep.com.ar\/wp-content\/uploads\/2026\/01\/3-1-1920x649.jpg",1920,649,true],"blossom-feminine-featured":["https:\/\/infotep.com.ar\/wp-content\/uploads\/2026\/01\/3-1-1410x600.jpg",1410,600,true],"blossom-feminine-with-sidebar":["https:\/\/infotep.com.ar\/wp-content\/uploads\/2026\/01\/3-1-1020x600.jpg",1020,600,true],"blossom-feminine-blog":["https:\/\/infotep.com.ar\/wp-content\/uploads\/2026\/01\/3-1-435x435.jpg",435,435,true],"blossom-feminine-cat":["https:\/\/infotep.com.ar\/wp-content\/uploads\/2026\/01\/3-1-450x300.jpg",450,300,true],"blossom-feminine-related":["https:\/\/infotep.com.ar\/wp-content\/uploads\/2026\/01\/3-1-320x200.jpg",320,200,true],"blossom-feminine-schema":["https:\/\/infotep.com.ar\/wp-content\/uploads\/2026\/01\/3-1-107x60.jpg",107,60,true],"blossom-mommy-blog-slider-big":["https:\/\/infotep.com.ar\/wp-content\/uploads\/2026\/01\/3-1-920x650.jpg",920,650,true],"blossom-mommy-blog-slider":["https:\/\/infotep.com.ar\/wp-content\/uploads\/2026\/01\/3-1-460x310.jpg",460,310,true],"blossom-mommy-blog-two":["https:\/\/infotep.com.ar\/wp-content\/uploads\/2026\/01\/3-1-768x480.jpg",768,480,true]},"author_info":{"info":["Angela Tobar"]},"category_info":"<a href=\"https:\/\/infotep.com.ar\/index.php\/category\/destacadas\/\" rel=\"category tag\">Destacadas<\/a> <a href=\"https:\/\/infotep.com.ar\/index.php\/category\/municipales\/moreno\/\" rel=\"category tag\">Moreno<\/a>","tag_info":"Moreno","comment_count":"0","_links":{"self":[{"href":"https:\/\/infotep.com.ar\/index.php\/wp-json\/wp\/v2\/posts\/31251"}],"collection":[{"href":"https:\/\/infotep.com.ar\/index.php\/wp-json\/wp\/v2\/posts"}],"about":[{"href":"https:\/\/infotep.com.ar\/index.php\/wp-json\/wp\/v2\/types\/post"}],"author":[{"embeddable":true,"href":"https:\/\/infotep.com.ar\/index.php\/wp-json\/wp\/v2\/users\/5"}],"replies":[{"embeddable":true,"href":"https:\/\/infotep.com.ar\/index.php\/wp-json\/wp\/v2\/comments?post=31251"}],"version-history":[{"count":1,"href":"https:\/\/infotep.com.ar\/index.php\/wp-json\/wp\/v2\/posts\/31251\/revisions"}],"predecessor-version":[{"id":31253,"href":"https:\/\/infotep.com.ar\/index.php\/wp-json\/wp\/v2\/posts\/31251\/revisions\/31253"}],"wp:featuredmedia":[{"embeddable":true,"href":"https:\/\/infotep.com.ar\/index.php\/wp-json\/wp\/v2\/media\/31252"}],"wp:attachment":[{"href":"https:\/\/infotep.com.ar\/index.php\/wp-json\/wp\/v2\/media?parent=31251"}],"wp:term":[{"taxonomy":"category","embeddable":true,"href":"https:\/\/infotep.com.ar\/index.php\/wp-json\/wp\/v2\/categories?post=31251"},{"taxonomy":"post_tag","embeddable":true,"href":"https:\/\/infotep.com.ar\/index.php\/wp-json\/wp\/v2\/tags?post=31251"}],"curies":[{"name":"wp","href":"https:\/\/api.w.org\/{rel}","templated":true}]}}