{"id":31257,"date":"2026-01-28T16:43:09","date_gmt":"2026-01-28T19:43:09","guid":{"rendered":"https:\/\/infotep.com.ar\/?p=31257"},"modified":"2026-01-28T16:43:10","modified_gmt":"2026-01-28T19:43:10","slug":"senadora-macha-rechaza-proyecto-de-ley-penal-juvenil-y-repudia-ataques-a-abogada-cesaroni","status":"publish","type":"post","link":"https:\/\/infotep.com.ar\/index.php\/2026\/01\/28\/senadora-macha-rechaza-proyecto-de-ley-penal-juvenil-y-repudia-ataques-a-abogada-cesaroni\/","title":{"rendered":"Senadora Macha rechaza proyecto de Ley Penal Juvenil y repudia ataques a abogada Cesaroni"},"content":{"rendered":"\n<p><\/p>\n\n\n\n<p>La senadora bonaerense de Unidad Popular, M\u00f3nica Macha, manifest\u00f3 su rechazo al proyecto de Ley Penal Juvenil impulsado por el Gobierno de Javier Milei y repudi\u00f3 los ataques en redes sociales contra la abogada y exfuncionaria Claudia Cesaroni.<\/p>\n\n\n\n<p>Macha calific\u00f3 los ataques como un reflejo de la &#8220;bajeza de sus agresores&#8221; y destac\u00f3 la trayectoria profesional de Cesaroni, quien ha aportado &#8220;argumentos serios y responsables contra la baja de la edad de punibilidad&#8221;. El repudio fue respaldado por el Centro de Estudios Legales y Sociales (CELS).<\/p>\n\n\n\n<p>En las \u00faltimas 24 horas, cuentas vinculadas a militantes de LLA difundieron en redes la consigna \u201cClaudia Cesaroni ha muerto\u201d, lo que motiv\u00f3 que la abogada anunciara que iniciar\u00e1 acciones legales, ante consideraciones de riesgo a su seguridad e integridad.<\/p>\n\n\n\n<p>Cesaroni denunci\u00f3 que el proyecto es &#8220;peor que el r\u00e9gimen penal vigente sancionado bajo la dictadura de Videla&#8221; y que reinstaura normas anteriores a la Convenci\u00f3n sobre los Derechos del Ni\u00f1o de 1989. Seg\u00fan la abogada, el 90% de los expertos en audiencia de comisiones se opusieron al proyecto, que busca resolver un problema cuya magnitud considera &#8220;inventada&#8221; respecto de menores de 14 a\u00f1os involucrados en delitos graves.<\/p>\n\n\n\n<p>El tratamiento del proyecto en el Congreso se iniciar\u00e1 durante las sesiones extraordinarias a partir del 2 de febrero.<\/p>\n","protected":false},"excerpt":{"rendered":"<p>La senadora bonaerense de Unidad Popular, M&oacute;nica Macha, manifest&oacute; su rechazo al proyecto de Ley Penal Juvenil impulsado por el Gobierno de Javier Milei y repudi&oacute; los ataques en redes sociales contra la abogada y exfuncionaria Claudia Cesaroni. Macha calific&oacute; los ataques como un reflejo de la &ldquo;bajeza de sus agresores&rdquo; y destac&oacute; la trayectoria &hellip; <\/p>\n","protected":false},"author":5,"featured_media":17560,"comment_status":"closed","ping_status":"closed","sticky":false,"template":"","format":"standard","meta":{"om_disable_all_campaigns":false,"_joinchat":[]},"categories":[4],"tags":[],"featured_image_urls":{"full":["https:\/\/infotep.com.ar\/wp-content\/uploads\/2024\/10\/macha.webp",1080,720,false],"thumbnail":["https:\/\/infotep.com.ar\/wp-content\/uploads\/2024\/10\/macha-150x150.webp",150,150,true],"medium":["https:\/\/infotep.com.ar\/wp-content\/uploads\/2024\/10\/macha-300x200.webp",300,200,true],"medium_large":["https:\/\/infotep.com.ar\/wp-content\/uploads\/2024\/10\/macha-768x512.webp",768,512,true],"large":["https:\/\/infotep.com.ar\/wp-content\/uploads\/2024\/10\/macha-1024x683.webp",1020,680,true],"1536x1536":["https:\/\/infotep.com.ar\/wp-content\/uploads\/2024\/10\/macha.webp",1080,720,false],"2048x2048":["https:\/\/infotep.com.ar\/wp-content\/uploads\/2024\/10\/macha.webp",1080,720,false],"blossom-feminine-slider":["https:\/\/infotep.com.ar\/wp-content\/uploads\/2024\/10\/macha-1080x649.webp",1080,649,true],"blossom-feminine-featured":["https:\/\/infotep.com.ar\/wp-content\/uploads\/2024\/10\/macha-1080x600.webp",1080,600,true],"blossom-feminine-with-sidebar":["https:\/\/infotep.com.ar\/wp-content\/uploads\/2024\/10\/macha-1020x600.webp",1020,600,true],"blossom-feminine-blog":["https:\/\/infotep.com.ar\/wp-content\/uploads\/2024\/10\/macha-435x435.webp",435,435,true],"blossom-feminine-cat":["https:\/\/infotep.com.ar\/wp-content\/uploads\/2024\/10\/macha-450x300.webp",450,300,true],"blossom-feminine-related":["https:\/\/infotep.com.ar\/wp-content\/uploads\/2024\/10\/macha-320x200.webp",320,200,true],"blossom-feminine-schema":["https:\/\/infotep.com.ar\/wp-content\/uploads\/2024\/10\/macha-90x60.webp",90,60,true],"blossom-mommy-blog-slider-big":["https:\/\/infotep.com.ar\/wp-content\/uploads\/2024\/10\/macha-920x650.webp",920,650,true],"blossom-mommy-blog-slider":["https:\/\/infotep.com.ar\/wp-content\/uploads\/2024\/10\/macha-460x310.webp",460,310,true],"blossom-mommy-blog-two":["https:\/\/infotep.com.ar\/wp-content\/uploads\/2024\/10\/macha-768x480.webp",768,480,true]},"author_info":{"info":["Angela Tobar"]},"category_info":"<a href=\"https:\/\/infotep.com.ar\/index.php\/category\/provinciales\/\" rel=\"category tag\">Provinciales<\/a>","tag_info":"Provinciales","comment_count":"0","_links":{"self":[{"href":"https:\/\/infotep.com.ar\/index.php\/wp-json\/wp\/v2\/posts\/31257"}],"collection":[{"href":"https:\/\/infotep.com.ar\/index.php\/wp-json\/wp\/v2\/posts"}],"about":[{"href":"https:\/\/infotep.com.ar\/index.php\/wp-json\/wp\/v2\/types\/post"}],"author":[{"embeddable":true,"href":"https:\/\/infotep.com.ar\/index.php\/wp-json\/wp\/v2\/users\/5"}],"replies":[{"embeddable":true,"href":"https:\/\/infotep.com.ar\/index.php\/wp-json\/wp\/v2\/comments?post=31257"}],"version-history":[{"count":1,"href":"https:\/\/infotep.com.ar\/index.php\/wp-json\/wp\/v2\/posts\/31257\/revisions"}],"predecessor-version":[{"id":31258,"href":"https:\/\/infotep.com.ar\/index.php\/wp-json\/wp\/v2\/posts\/31257\/revisions\/31258"}],"wp:featuredmedia":[{"embeddable":true,"href":"https:\/\/infotep.com.ar\/index.php\/wp-json\/wp\/v2\/media\/17560"}],"wp:attachment":[{"href":"https:\/\/infotep.com.ar\/index.php\/wp-json\/wp\/v2\/media?parent=31257"}],"wp:term":[{"taxonomy":"category","embeddable":true,"href":"https:\/\/infotep.com.ar\/index.php\/wp-json\/wp\/v2\/categories?post=31257"},{"taxonomy":"post_tag","embeddable":true,"href":"https:\/\/infotep.com.ar\/index.php\/wp-json\/wp\/v2\/tags?post=31257"}],"curies":[{"name":"wp","href":"https:\/\/api.w.org\/{rel}","templated":true}]}}