{"id":31266,"date":"2026-01-29T16:08:31","date_gmt":"2026-01-29T19:08:31","guid":{"rendered":"https:\/\/infotep.com.ar\/?p=31266"},"modified":"2026-01-29T16:08:32","modified_gmt":"2026-01-29T19:08:32","slug":"el-hospital-de-mariano-acosta-entra-en-una-nueva-etapa-de-desarrollo","status":"publish","type":"post","link":"https:\/\/infotep.com.ar\/index.php\/2026\/01\/29\/el-hospital-de-mariano-acosta-entra-en-una-nueva-etapa-de-desarrollo\/","title":{"rendered":"El Hospital de Mariano Acosta entra en una nueva etapa de desarrollo"},"content":{"rendered":"\n<p>El intendente de Merlo, Gustavo Men\u00e9ndez, recorri\u00f3 el avance de la obra del Hospital de Mariano Acosta, acompa\u00f1ado por el secretario de Salud P\u00fablica, Walter Videtta, y el secretario de Delegaciones, Mauricio Canosa.<\/p>\n\n\n\n<p>El nuevo hospital, ubicado en la intersecci\u00f3n de Virgen de Copacabana y Artigas, representa un avance fundamental para los vecinos y vecinas de la localidad, ya que permitir\u00e1 mejorar el acceso a los servicios de salud y brindar una atenci\u00f3n m\u00e1s r\u00e1pida y eficiente.<\/p>\n\n\n\n<p>Durante la recorrida, Men\u00e9ndez destac\u00f3 la continuidad de la obra a pesar del contexto econ\u00f3mico y la paralizaci\u00f3n de obras p\u00fablicas a nivel nacional, y remarc\u00f3 la importancia del hospital como un proyecto largamente esperado por la comunidad de Mariano Acosta.<\/p>\n\n\n<div class=\"wp-block-image\">\n<figure class=\"alignleft size-large is-resized\"><img decoding=\"async\" loading=\"lazy\" src=\"https:\/\/infotep.com.ar\/wp-content\/uploads\/2026\/01\/Gacetilla-Gustavo-Menendez-superviso-el-avance-del-Hospital-de-Mariano-Acosta-5-1-1024x576.jpg\" alt=\"\" class=\"wp-image-31269\" width=\"-305\" height=\"-171\" srcset=\"https:\/\/infotep.com.ar\/wp-content\/uploads\/2026\/01\/Gacetilla-Gustavo-Menendez-superviso-el-avance-del-Hospital-de-Mariano-Acosta-5-1-1024x576.jpg 1024w, https:\/\/infotep.com.ar\/wp-content\/uploads\/2026\/01\/Gacetilla-Gustavo-Menendez-superviso-el-avance-del-Hospital-de-Mariano-Acosta-5-1-300x169.jpg 300w, https:\/\/infotep.com.ar\/wp-content\/uploads\/2026\/01\/Gacetilla-Gustavo-Menendez-superviso-el-avance-del-Hospital-de-Mariano-Acosta-5-1-768x432.jpg 768w, https:\/\/infotep.com.ar\/wp-content\/uploads\/2026\/01\/Gacetilla-Gustavo-Menendez-superviso-el-avance-del-Hospital-de-Mariano-Acosta-5-1-1536x864.jpg 1536w, https:\/\/infotep.com.ar\/wp-content\/uploads\/2026\/01\/Gacetilla-Gustavo-Menendez-superviso-el-avance-del-Hospital-de-Mariano-Acosta-5-1-2048x1152.jpg 2048w, https:\/\/infotep.com.ar\/wp-content\/uploads\/2026\/01\/Gacetilla-Gustavo-Menendez-superviso-el-avance-del-Hospital-de-Mariano-Acosta-5-1-107x60.jpg 107w\" sizes=\"(max-width: 1024px) 100vw, 1024px\" \/><\/figure><\/div>\n\n\n<p>Por su parte, Videtta se\u00f1al\u00f3 que el establecimiento permitir\u00e1 optimizar los circuitos de atenci\u00f3n y ofrecer una respuesta adecuada ante situaciones de emergencia y trauma, especialmente en la zona de la ruta. En tanto, Canosa afirm\u00f3 que \u201cmuy pronto Mariano Acosta contar\u00e1 con un hospital digno, pensado para la gente\u201d.<\/p>\n\n\n\n<p>La construcci\u00f3n del Hospital de Mariano Acosta, realizada con recursos municipales propios, contribuir\u00e1 a mejorar la calidad de vida y el acceso a la salud de toda la comunidad.<\/p>\n","protected":false},"excerpt":{"rendered":"<p>El intendente de Merlo, Gustavo Men&eacute;ndez, recorri&oacute; el avance de la obra del Hospital de Mariano Acosta, acompa&ntilde;ado por el secretario de Salud P&uacute;blica, Walter Videtta, y el secretario de Delegaciones, Mauricio Canosa. El nuevo hospital, ubicado en la intersecci&oacute;n de Virgen de Copacabana y Artigas, representa un avance fundamental para los vecinos y vecinas &hellip; <\/p>\n","protected":false},"author":5,"featured_media":31268,"comment_status":"closed","ping_status":"closed","sticky":false,"template":"","format":"standard","meta":{"om_disable_all_campaigns":false,"_joinchat":[]},"categories":[31,10],"tags":[],"featured_image_urls":{"full":["https:\/\/infotep.com.ar\/wp-content\/uploads\/2026\/01\/Gacetilla-Gustavo-Menendez-superviso-el-avance-del-Hospital-de-Mariano-Acosta-7-scaled.jpg",2560,1440,false],"thumbnail":["https:\/\/infotep.com.ar\/wp-content\/uploads\/2026\/01\/Gacetilla-Gustavo-Menendez-superviso-el-avance-del-Hospital-de-Mariano-Acosta-7-150x150.jpg",150,150,true],"medium":["https:\/\/infotep.com.ar\/wp-content\/uploads\/2026\/01\/Gacetilla-Gustavo-Menendez-superviso-el-avance-del-Hospital-de-Mariano-Acosta-7-300x169.jpg",300,169,true],"medium_large":["https:\/\/infotep.com.ar\/wp-content\/uploads\/2026\/01\/Gacetilla-Gustavo-Menendez-superviso-el-avance-del-Hospital-de-Mariano-Acosta-7-768x432.jpg",768,432,true],"large":["https:\/\/infotep.com.ar\/wp-content\/uploads\/2026\/01\/Gacetilla-Gustavo-Menendez-superviso-el-avance-del-Hospital-de-Mariano-Acosta-7-1024x576.jpg",1020,574,true],"1536x1536":["https:\/\/infotep.com.ar\/wp-content\/uploads\/2026\/01\/Gacetilla-Gustavo-Menendez-superviso-el-avance-del-Hospital-de-Mariano-Acosta-7-1536x864.jpg",1536,864,true],"2048x2048":["https:\/\/infotep.com.ar\/wp-content\/uploads\/2026\/01\/Gacetilla-Gustavo-Menendez-superviso-el-avance-del-Hospital-de-Mariano-Acosta-7-2048x1152.jpg",2048,1152,true],"blossom-feminine-slider":["https:\/\/infotep.com.ar\/wp-content\/uploads\/2026\/01\/Gacetilla-Gustavo-Menendez-superviso-el-avance-del-Hospital-de-Mariano-Acosta-7-1920x649.jpg",1920,649,true],"blossom-feminine-featured":["https:\/\/infotep.com.ar\/wp-content\/uploads\/2026\/01\/Gacetilla-Gustavo-Menendez-superviso-el-avance-del-Hospital-de-Mariano-Acosta-7-1410x600.jpg",1410,600,true],"blossom-feminine-with-sidebar":["https:\/\/infotep.com.ar\/wp-content\/uploads\/2026\/01\/Gacetilla-Gustavo-Menendez-superviso-el-avance-del-Hospital-de-Mariano-Acosta-7-1020x600.jpg",1020,600,true],"blossom-feminine-blog":["https:\/\/infotep.com.ar\/wp-content\/uploads\/2026\/01\/Gacetilla-Gustavo-Menendez-superviso-el-avance-del-Hospital-de-Mariano-Acosta-7-435x435.jpg",435,435,true],"blossom-feminine-cat":["https:\/\/infotep.com.ar\/wp-content\/uploads\/2026\/01\/Gacetilla-Gustavo-Menendez-superviso-el-avance-del-Hospital-de-Mariano-Acosta-7-450x300.jpg",450,300,true],"blossom-feminine-related":["https:\/\/infotep.com.ar\/wp-content\/uploads\/2026\/01\/Gacetilla-Gustavo-Menendez-superviso-el-avance-del-Hospital-de-Mariano-Acosta-7-320x200.jpg",320,200,true],"blossom-feminine-schema":["https:\/\/infotep.com.ar\/wp-content\/uploads\/2026\/01\/Gacetilla-Gustavo-Menendez-superviso-el-avance-del-Hospital-de-Mariano-Acosta-7-107x60.jpg",107,60,true],"blossom-mommy-blog-slider-big":["https:\/\/infotep.com.ar\/wp-content\/uploads\/2026\/01\/Gacetilla-Gustavo-Menendez-superviso-el-avance-del-Hospital-de-Mariano-Acosta-7-920x650.jpg",920,650,true],"blossom-mommy-blog-slider":["https:\/\/infotep.com.ar\/wp-content\/uploads\/2026\/01\/Gacetilla-Gustavo-Menendez-superviso-el-avance-del-Hospital-de-Mariano-Acosta-7-460x310.jpg",460,310,true],"blossom-mommy-blog-two":["https:\/\/infotep.com.ar\/wp-content\/uploads\/2026\/01\/Gacetilla-Gustavo-Menendez-superviso-el-avance-del-Hospital-de-Mariano-Acosta-7-768x480.jpg",768,480,true]},"author_info":{"info":["Angela Tobar"]},"category_info":"<a href=\"https:\/\/infotep.com.ar\/index.php\/category\/destacadas\/\" rel=\"category tag\">Destacadas<\/a> <a href=\"https:\/\/infotep.com.ar\/index.php\/category\/municipales\/merlo\/\" rel=\"category tag\">Merlo<\/a>","tag_info":"Merlo","comment_count":"0","_links":{"self":[{"href":"https:\/\/infotep.com.ar\/index.php\/wp-json\/wp\/v2\/posts\/31266"}],"collection":[{"href":"https:\/\/infotep.com.ar\/index.php\/wp-json\/wp\/v2\/posts"}],"about":[{"href":"https:\/\/infotep.com.ar\/index.php\/wp-json\/wp\/v2\/types\/post"}],"author":[{"embeddable":true,"href":"https:\/\/infotep.com.ar\/index.php\/wp-json\/wp\/v2\/users\/5"}],"replies":[{"embeddable":true,"href":"https:\/\/infotep.com.ar\/index.php\/wp-json\/wp\/v2\/comments?post=31266"}],"version-history":[{"count":1,"href":"https:\/\/infotep.com.ar\/index.php\/wp-json\/wp\/v2\/posts\/31266\/revisions"}],"predecessor-version":[{"id":31270,"href":"https:\/\/infotep.com.ar\/index.php\/wp-json\/wp\/v2\/posts\/31266\/revisions\/31270"}],"wp:featuredmedia":[{"embeddable":true,"href":"https:\/\/infotep.com.ar\/index.php\/wp-json\/wp\/v2\/media\/31268"}],"wp:attachment":[{"href":"https:\/\/infotep.com.ar\/index.php\/wp-json\/wp\/v2\/media?parent=31266"}],"wp:term":[{"taxonomy":"category","embeddable":true,"href":"https:\/\/infotep.com.ar\/index.php\/wp-json\/wp\/v2\/categories?post=31266"},{"taxonomy":"post_tag","embeddable":true,"href":"https:\/\/infotep.com.ar\/index.php\/wp-json\/wp\/v2\/tags?post=31266"}],"curies":[{"name":"wp","href":"https:\/\/api.w.org\/{rel}","templated":true}]}}