{"id":31271,"date":"2026-01-29T16:44:03","date_gmt":"2026-01-29T19:44:03","guid":{"rendered":"https:\/\/infotep.com.ar\/?p=31271"},"modified":"2026-01-29T16:44:04","modified_gmt":"2026-01-29T19:44:04","slug":"kicillof-la-caida-del-consumo-es-consecuencia-de-politicas-que-benefician-a-pocos-hay-que-volver-a-promover-el-turismo","status":"publish","type":"post","link":"https:\/\/infotep.com.ar\/index.php\/2026\/01\/29\/kicillof-la-caida-del-consumo-es-consecuencia-de-politicas-que-benefician-a-pocos-hay-que-volver-a-promover-el-turismo\/","title":{"rendered":"Kicillof: &#8220;La ca\u00edda del consumo es consecuencia de pol\u00edticas que benefician a pocos: hay que volver a promover el turismo&#8221;"},"content":{"rendered":"\n<p>El Gobernador encabez\u00f3 la segunda Conferencia de Verano 2026, donde anunci\u00f3 la construcci\u00f3n de una nueva Estaci\u00f3n Transformadora que duplicar\u00e1 la capacidad energ\u00e9tica local.<\/p>\n\n\n\n<p><br>\u201cTodos los indicadores de la temporada muestran exactamente lo mismo: estamos atravesando una crisis muy fuerte en la provincia y en todo el pa\u00eds como consecuencia de las pol\u00edticas econ\u00f3micas del Gobierno nacional\u201d, afirm\u00f3 este mi\u00e9rcoles el gobernador Axel Kicillof al encabezar la segunda Conferencia de Verano de 2026 en San Pedro. Fue junto al ministro de Producci\u00f3n, Ciencia e Innovaci\u00f3n Tecnol\u00f3gica, Augusto Costa; y el intendente local, Cecilio Salazar.<\/p>\n\n\n\n<p>En ese marco, Kicillof destac\u00f3 que \u201chablamos con representantes de todos los sectores y el diagn\u00f3stico es un\u00e1nime: hay un desplome de la actividad que afecta a las ventas y al consumo\u201d. \u201cLa ca\u00edda en las visitas, las estad\u00edas y las compras de los turistas son el resultado de pol\u00edticas que benefician a una peque\u00f1a minor\u00eda: necesitamos volver a promover el trabajo y el turismo local\u201d, a\u00f1adi\u00f3.<\/p>\n\n\n\n<p>Desde el 1\u00b0 de diciembre visitaron la provincia 5,2 millones de turistas, lo que representa una ca\u00edda del 3,1% respecto al a\u00f1o anterior. Esta tendencia se acentu\u00f3 durante el mes de enero, registrando un descenso del 5,2% en comparaci\u00f3n con la temporada pasada.<\/p>\n\n\n\n<p>Por \u00faltimo, Kicillof resalt\u00f3 que \u201cvamos a seguir generando los instrumentos que nos permitan atravesar este momento complicado y tener la mejor temporada posible\u201d. \u201cEn la Provincia contamos con los mejores lugares y la hospitalidad de las y los bonaerenses que reciben a todos y todas con los brazos abiertos\u201d, concluy\u00f3.<\/p>\n\n\n\n<p>En tanto, Costa remarc\u00f3: \u201cSe est\u00e1 consolidando una ecuaci\u00f3n que es muy perjudicial para el sector tur\u00edstico, que significa una p\u00e9rdida de derecho al descanso: menos turistas, con menos d\u00edas de vacaciones y con menos consumo, eso es la que est\u00e1 ocurriendo en el turismo en la provincia de Buenos Aires\u201d . \u201cVemos hoteles que cierran, comercios con ingresos en ca\u00edda y crisis de empleo en el sector: si el turismo sigue en pie, es gracias al esfuerzo del Gobierno provincial y del sector privado para sostener la actividad\u201d, a\u00f1adi\u00f3.<\/p>\n\n\n\n<p>Asimismo, Costa destac\u00f3 que se observa una estad\u00eda promedio m\u00e1s corta y un aumento de viajes a destinos de cercan\u00eda (menos a 80 kil\u00f3metros). En tanto, los registros del Banco Provincia tambi\u00e9n dan cuenta de un desplome del consumo en torno al 24,6% en relaci\u00f3n al 2024, mientras que la retracci\u00f3n a trav\u00e9s de las operaciones con Cuenta DNI alcanza el 40,1%.<\/p>\n\n\n\n<p>\u201cEn un contexto tan dif\u00edcil es fundamental el apoyo y el acompa\u00f1amiento que nos brinda a los municipios el Gobierno provincial con sus pol\u00edticas: hace m\u00e1s de dos a\u00f1os que 17 millones de bonaerenses se encuentran totalmente abandonados por el Gobierno nacional\u201d, subray\u00f3 Salazar.<\/p>\n\n\n\n<p><strong>Anuncio de inversiones y recorrida por obras de infraestructura en San Pedro<\/strong><\/p>\n\n\n\n<p>Durante la jornada, Kicillof anunci\u00f3 obras para expandir la generaci\u00f3n el\u00e9ctrica del municipio con la construcci\u00f3n de una nueva Estaci\u00f3n Transformadora que permitir\u00e1 duplicar la capacidad energ\u00e9tica local. La obra implica una inversi\u00f3n de m\u00e1s de 28.000 millones de pesos; e impulsar\u00e1 la instalaci\u00f3n de nuevas empresas en el Parque Agroindustrial.<\/p>\n\n\n\n<p><strong>Adem\u00e1s, el Gobernador recorri\u00f3 la obra de 55 nuevas viviendas en el barrio G\u00fcemes, que se encuentran con un avance f\u00edsico de 90%: las mismas poseen redes de agua potable, cloacas y desag\u00fces pluviales. Adem\u00e1s, visit\u00f3 la obra de repavimentaci\u00f3n de la RP N\u00ba 1001, entre la RN N\u00ba 9 y el acceso al corral\u00f3n municipal.<\/strong><\/p>\n\n\n\n<p>Asimismo, Kicillof estuvo presente en el predio municipal Tiro Federal, donde alumnos del Programa Envi\u00f3n que asisten a Escuelas Abiertas en Verano realizaron una muestra de arte y cultura. Finalmente, el Gobernador se acerc\u00f3 hasta el Complejo Tur\u00edstico municipal, en el que personas mayores realizan actividades de recreaci\u00f3n y socializaci\u00f3n.<\/p>\n\n\n\n<p>Participaron de las actividades los ministros de Infraestructura y Servicios P\u00fablicos, Gabriel Katopodis; y de Trabajo, Walter Correa; el presidente del Banco Provincia, Juan Cuattromo; la presidenta del Instituto Cultural, Florencia Saintout; las subsecretarias de Promoci\u00f3n Sociocultural, Lorena Riesgo; de Industria y Pymes, Mariela Bembi; y de Turismo, Soledad Mart\u00ednez; sus pares de Asuntos Portuarios, Juan Cruz Lucero; de Desarrollo Comercial y Promoci\u00f3n de Inversiones, Ariel Aguilar; de T\u00e9cnico, Administrativo y Legal del Instituto Cultural, Tom\u00e1s Viviani; y de Desarrollo Agrario y Calidad Agroalimentaria, Cristian Amarilla.<\/p>\n\n\n\n<p>Tambi\u00e9n asistieron el administrador general de Vialidad, Roberto Caggiano; su par del Instituto de la Vivienda, Diego Men\u00e9ndez; la directora provincial de Juventudes, Ayel\u00e9n L\u00f3pez; el director de Educaci\u00f3n F\u00edsica, Leonardo Troncoso; y los intendentes de Arrecifes, Juan Fernando Bouvier; de Baradero, Esteban Sanzio; de Chivilcoy, Guillermo Britos; de Navarro, Facundo Diz; y de Ramallo, Mauro Poletti.<\/p>\n","protected":false},"excerpt":{"rendered":"<p>El Gobernador encabez&oacute; la segunda Conferencia de Verano 2026, donde anunci&oacute; la construcci&oacute;n de una nueva Estaci&oacute;n Transformadora que duplicar&aacute; la capacidad energ&eacute;tica local. &ldquo;Todos los indicadores de la temporada muestran exactamente lo mismo: estamos atravesando una crisis muy fuerte en la provincia y en todo el pa&iacute;s como consecuencia de las pol&iacute;ticas econ&oacute;micas del &hellip; <\/p>\n","protected":false},"author":5,"featured_media":31272,"comment_status":"closed","ping_status":"closed","sticky":false,"template":"","format":"standard","meta":{"om_disable_all_campaigns":false,"_joinchat":[]},"categories":[4],"tags":[],"featured_image_urls":{"full":["https:\/\/infotep.com.ar\/wp-content\/uploads\/2026\/01\/kici.jpg",743,530,false],"thumbnail":["https:\/\/infotep.com.ar\/wp-content\/uploads\/2026\/01\/kici-150x150.jpg",150,150,true],"medium":["https:\/\/infotep.com.ar\/wp-content\/uploads\/2026\/01\/kici-300x214.jpg",300,214,true],"medium_large":["https:\/\/infotep.com.ar\/wp-content\/uploads\/2026\/01\/kici.jpg",743,530,false],"large":["https:\/\/infotep.com.ar\/wp-content\/uploads\/2026\/01\/kici.jpg",743,530,false],"1536x1536":["https:\/\/infotep.com.ar\/wp-content\/uploads\/2026\/01\/kici.jpg",743,530,false],"2048x2048":["https:\/\/infotep.com.ar\/wp-content\/uploads\/2026\/01\/kici.jpg",743,530,false],"blossom-feminine-slider":["https:\/\/infotep.com.ar\/wp-content\/uploads\/2026\/01\/kici.jpg",743,530,false],"blossom-feminine-featured":["https:\/\/infotep.com.ar\/wp-content\/uploads\/2026\/01\/kici.jpg",743,530,false],"blossom-feminine-with-sidebar":["https:\/\/infotep.com.ar\/wp-content\/uploads\/2026\/01\/kici.jpg",743,530,false],"blossom-feminine-blog":["https:\/\/infotep.com.ar\/wp-content\/uploads\/2026\/01\/kici-435x435.jpg",435,435,true],"blossom-feminine-cat":["https:\/\/infotep.com.ar\/wp-content\/uploads\/2026\/01\/kici-450x300.jpg",450,300,true],"blossom-feminine-related":["https:\/\/infotep.com.ar\/wp-content\/uploads\/2026\/01\/kici-320x200.jpg",320,200,true],"blossom-feminine-schema":["https:\/\/infotep.com.ar\/wp-content\/uploads\/2026\/01\/kici-84x60.jpg",84,60,true],"blossom-mommy-blog-slider-big":["https:\/\/infotep.com.ar\/wp-content\/uploads\/2026\/01\/kici.jpg",743,530,false],"blossom-mommy-blog-slider":["https:\/\/infotep.com.ar\/wp-content\/uploads\/2026\/01\/kici-460x310.jpg",460,310,true],"blossom-mommy-blog-two":["https:\/\/infotep.com.ar\/wp-content\/uploads\/2026\/01\/kici-743x480.jpg",743,480,true]},"author_info":{"info":["Angela Tobar"]},"category_info":"<a href=\"https:\/\/infotep.com.ar\/index.php\/category\/provinciales\/\" rel=\"category tag\">Provinciales<\/a>","tag_info":"Provinciales","comment_count":"0","_links":{"self":[{"href":"https:\/\/infotep.com.ar\/index.php\/wp-json\/wp\/v2\/posts\/31271"}],"collection":[{"href":"https:\/\/infotep.com.ar\/index.php\/wp-json\/wp\/v2\/posts"}],"about":[{"href":"https:\/\/infotep.com.ar\/index.php\/wp-json\/wp\/v2\/types\/post"}],"author":[{"embeddable":true,"href":"https:\/\/infotep.com.ar\/index.php\/wp-json\/wp\/v2\/users\/5"}],"replies":[{"embeddable":true,"href":"https:\/\/infotep.com.ar\/index.php\/wp-json\/wp\/v2\/comments?post=31271"}],"version-history":[{"count":1,"href":"https:\/\/infotep.com.ar\/index.php\/wp-json\/wp\/v2\/posts\/31271\/revisions"}],"predecessor-version":[{"id":31273,"href":"https:\/\/infotep.com.ar\/index.php\/wp-json\/wp\/v2\/posts\/31271\/revisions\/31273"}],"wp:featuredmedia":[{"embeddable":true,"href":"https:\/\/infotep.com.ar\/index.php\/wp-json\/wp\/v2\/media\/31272"}],"wp:attachment":[{"href":"https:\/\/infotep.com.ar\/index.php\/wp-json\/wp\/v2\/media?parent=31271"}],"wp:term":[{"taxonomy":"category","embeddable":true,"href":"https:\/\/infotep.com.ar\/index.php\/wp-json\/wp\/v2\/categories?post=31271"},{"taxonomy":"post_tag","embeddable":true,"href":"https:\/\/infotep.com.ar\/index.php\/wp-json\/wp\/v2\/tags?post=31271"}],"curies":[{"name":"wp","href":"https:\/\/api.w.org\/{rel}","templated":true}]}}