{"id":31279,"date":"2026-01-29T16:55:31","date_gmt":"2026-01-29T19:55:31","guid":{"rendered":"https:\/\/infotep.com.ar\/?p=31279"},"modified":"2026-01-29T16:55:32","modified_gmt":"2026-01-29T19:55:32","slug":"las-centrales-sindicales-ratificaron-el-rechazo-a-la-reforma-laboral-y-anunciaron-paro-y-movilizaciones","status":"publish","type":"post","link":"https:\/\/infotep.com.ar\/index.php\/2026\/01\/29\/las-centrales-sindicales-ratificaron-el-rechazo-a-la-reforma-laboral-y-anunciaron-paro-y-movilizaciones\/","title":{"rendered":"Las centrales sindicales ratificaron el rechazo a la reforma laboral y anunciaron paro y movilizaciones"},"content":{"rendered":"\n<p>En la antesala del debate por la Ley de Modernizaci\u00f3n Laboral, representantes de las tres centrales sindicales se reunieron en la sede de la UOM para reafirmar su rechazo al proyecto impulsado por el Gobierno nacional y ratificar la realizaci\u00f3n de un paro general y movilizaciones cuando la iniciativa sea tratada en el Senado, el pr\u00f3ximo 10 de febrero.<\/p>\n\n\n\n<p>Del encuentro participaron el diputado nacional Hugo Yasky (Uni\u00f3n por la Patria); el secretario general de la UOM, Abel Furl\u00e1n; dirigentes de la CTA Aut\u00f3noma, entre ellos Mariana Mandacovic y Alejandra Angriman; el secretario general de ATE, Rodolfo Aguiar; y la presidenta de FESPROSA, Mar\u00eda Fernanda Boriotti, entre otros referentes gremiales.<\/p>\n\n\n\n<p>Durante la reuni\u00f3n, las organizaciones sindicales resolvieron adem\u00e1s convocar a una movilizaci\u00f3n el jueves 5 de febrero en C\u00f3rdoba y otra el martes 10 en Rosario. En ese marco, advirtieron que \u201clos derechos conquistados por el movimiento obrero no pueden ser moneda de cambio en acuerdos entre gobernadores y el Gobierno nacional\u201d.<\/p>\n\n\n\n<p>Los gremios cuestionaron el tratamiento legislativo que La Libertad Avanza prev\u00e9 impulsar durante el per\u00edodo de sesiones extraordinarias, y se\u00f1alaron que el proyecto no surge de un debate democr\u00e1tico, sino de negociaciones realizadas \u201ca espaldas de los trabajadores\u201d.<\/p>\n\n\n\n<p>Finalmente, alertaron que la iniciativa implica \u201cgraves retrocesos\u201d, al debilitar la negociaci\u00f3n colectiva, restringir el derecho de huelga, facilitar despidos y promover la precarizaci\u00f3n laboral. Seg\u00fan expresaron, la reforma \u201cno busca generar empleo ni mejorar las condiciones de trabajo, sino consolidar un modelo de salarios bajos y p\u00e9rdida de derechos\u201d.<\/p>\n","protected":false},"excerpt":{"rendered":"<p>En la antesala del debate por la Ley de Modernizaci&oacute;n Laboral, representantes de las tres centrales sindicales se reunieron en la sede de la UOM para reafirmar su rechazo al proyecto impulsado por el Gobierno nacional y ratificar la realizaci&oacute;n de un paro general y movilizaciones cuando la iniciativa sea tratada en el Senado, el &hellip; <\/p>\n","protected":false},"author":5,"featured_media":31280,"comment_status":"closed","ping_status":"closed","sticky":false,"template":"","format":"standard","meta":{"om_disable_all_campaigns":false,"_joinchat":[]},"categories":[7,3],"tags":[],"featured_image_urls":{"full":["https:\/\/infotep.com.ar\/wp-content\/uploads\/2026\/01\/cgt-reforma-laboral.webp",750,500,false],"thumbnail":["https:\/\/infotep.com.ar\/wp-content\/uploads\/2026\/01\/cgt-reforma-laboral-150x150.webp",150,150,true],"medium":["https:\/\/infotep.com.ar\/wp-content\/uploads\/2026\/01\/cgt-reforma-laboral-300x200.webp",300,200,true],"medium_large":["https:\/\/infotep.com.ar\/wp-content\/uploads\/2026\/01\/cgt-reforma-laboral.webp",750,500,false],"large":["https:\/\/infotep.com.ar\/wp-content\/uploads\/2026\/01\/cgt-reforma-laboral.webp",750,500,false],"1536x1536":["https:\/\/infotep.com.ar\/wp-content\/uploads\/2026\/01\/cgt-reforma-laboral.webp",750,500,false],"2048x2048":["https:\/\/infotep.com.ar\/wp-content\/uploads\/2026\/01\/cgt-reforma-laboral.webp",750,500,false],"blossom-feminine-slider":["https:\/\/infotep.com.ar\/wp-content\/uploads\/2026\/01\/cgt-reforma-laboral.webp",750,500,false],"blossom-feminine-featured":["https:\/\/infotep.com.ar\/wp-content\/uploads\/2026\/01\/cgt-reforma-laboral.webp",750,500,false],"blossom-feminine-with-sidebar":["https:\/\/infotep.com.ar\/wp-content\/uploads\/2026\/01\/cgt-reforma-laboral.webp",750,500,false],"blossom-feminine-blog":["https:\/\/infotep.com.ar\/wp-content\/uploads\/2026\/01\/cgt-reforma-laboral-435x435.webp",435,435,true],"blossom-feminine-cat":["https:\/\/infotep.com.ar\/wp-content\/uploads\/2026\/01\/cgt-reforma-laboral-450x300.webp",450,300,true],"blossom-feminine-related":["https:\/\/infotep.com.ar\/wp-content\/uploads\/2026\/01\/cgt-reforma-laboral-320x200.webp",320,200,true],"blossom-feminine-schema":["https:\/\/infotep.com.ar\/wp-content\/uploads\/2026\/01\/cgt-reforma-laboral-90x60.webp",90,60,true],"blossom-mommy-blog-slider-big":["https:\/\/infotep.com.ar\/wp-content\/uploads\/2026\/01\/cgt-reforma-laboral.webp",750,500,false],"blossom-mommy-blog-slider":["https:\/\/infotep.com.ar\/wp-content\/uploads\/2026\/01\/cgt-reforma-laboral-460x310.webp",460,310,true],"blossom-mommy-blog-two":["https:\/\/infotep.com.ar\/wp-content\/uploads\/2026\/01\/cgt-reforma-laboral-750x480.webp",750,480,true]},"author_info":{"info":["Angela Tobar"]},"category_info":"<a href=\"https:\/\/infotep.com.ar\/index.php\/category\/gremios\/\" rel=\"category tag\">Gremios<\/a> <a href=\"https:\/\/infotep.com.ar\/index.php\/category\/nacionales\/\" rel=\"category tag\">Nacionales<\/a>","tag_info":"Nacionales","comment_count":"0","_links":{"self":[{"href":"https:\/\/infotep.com.ar\/index.php\/wp-json\/wp\/v2\/posts\/31279"}],"collection":[{"href":"https:\/\/infotep.com.ar\/index.php\/wp-json\/wp\/v2\/posts"}],"about":[{"href":"https:\/\/infotep.com.ar\/index.php\/wp-json\/wp\/v2\/types\/post"}],"author":[{"embeddable":true,"href":"https:\/\/infotep.com.ar\/index.php\/wp-json\/wp\/v2\/users\/5"}],"replies":[{"embeddable":true,"href":"https:\/\/infotep.com.ar\/index.php\/wp-json\/wp\/v2\/comments?post=31279"}],"version-history":[{"count":1,"href":"https:\/\/infotep.com.ar\/index.php\/wp-json\/wp\/v2\/posts\/31279\/revisions"}],"predecessor-version":[{"id":31281,"href":"https:\/\/infotep.com.ar\/index.php\/wp-json\/wp\/v2\/posts\/31279\/revisions\/31281"}],"wp:featuredmedia":[{"embeddable":true,"href":"https:\/\/infotep.com.ar\/index.php\/wp-json\/wp\/v2\/media\/31280"}],"wp:attachment":[{"href":"https:\/\/infotep.com.ar\/index.php\/wp-json\/wp\/v2\/media?parent=31279"}],"wp:term":[{"taxonomy":"category","embeddable":true,"href":"https:\/\/infotep.com.ar\/index.php\/wp-json\/wp\/v2\/categories?post=31279"},{"taxonomy":"post_tag","embeddable":true,"href":"https:\/\/infotep.com.ar\/index.php\/wp-json\/wp\/v2\/tags?post=31279"}],"curies":[{"name":"wp","href":"https:\/\/api.w.org\/{rel}","templated":true}]}}