{"id":31298,"date":"2026-01-30T11:06:37","date_gmt":"2026-01-30T14:06:37","guid":{"rendered":"https:\/\/infotep.com.ar\/?p=31298"},"modified":"2026-01-30T11:06:37","modified_gmt":"2026-01-30T14:06:37","slug":"sindicatos-denuncian-ajuste-educativo-bajo-la-excusa-de-la-baja-natalidad-en-caba","status":"publish","type":"post","link":"https:\/\/infotep.com.ar\/index.php\/2026\/01\/30\/sindicatos-denuncian-ajuste-educativo-bajo-la-excusa-de-la-baja-natalidad-en-caba\/","title":{"rendered":"Sindicatos denuncian ajuste educativo bajo la excusa de la baja natalidad en CABA"},"content":{"rendered":"\n<p>La ca\u00edda de la natalidad y los cambios sociales est\u00e1n provocando un envejecimiento poblacional que ya impacta de lleno en el sistema educativo, especialmente en la educaci\u00f3n inicial de la Ciudad de Buenos Aires.<\/p>\n\n\n\n<p>En jardines privados, el promedio de alumnos por sala cay\u00f3 de 23 en 2011 a 18,8 en la actualidad, mientras que proyecciones oficiales anticipan una reducci\u00f3n de m\u00e1s del 25% en la demanda escolar entre 2023 y 2027 en CABA.<\/p>\n\n\n\n<p>Sindicatos docentes advierten que este escenario derivar\u00e1 en el cierre de cientos de grados. La secretaria general de Ademys, Soledad Mosquera, se\u00f1al\u00f3 que la baja natalidad es un fen\u00f3meno global, pero acus\u00f3 al Gobierno nacional de usarla como justificaci\u00f3n para aplicar ajustes. Seg\u00fan estimaciones gremiales, unos 400 grados podr\u00edan cerrarse a partir de 2026.<\/p>\n\n\n\n<p>La tasa de natalidad cay\u00f3 m\u00e1s del 36% desde 2014, con menos de 500.000 nacimientos anuales y solo 10 nacimientos cada 1.000 habitantes. En CABA, el retroceso es a\u00fan m\u00e1s marcado: los nacimientos bajaron 44% en menos de una d\u00e9cada y la tasa de fecundidad cay\u00f3 a 0,9, una de las m\u00e1s bajas del pa\u00eds.<\/p>\n\n\n\n<p>El impacto ya se siente con fuerza en el nivel inicial, donde se registran hasta 35% menos inscriptos, y comienza a trasladarse a la primaria. Ante este panorama, el Ministerio de Educaci\u00f3n porte\u00f1o avanza en una reorganizaci\u00f3n, que incluye reducir de 15 a 10 alumnos el m\u00ednimo para abrir un curso y evitar cierres masivos.<\/p>\n","protected":false},"excerpt":{"rendered":"<p>La ca&iacute;da de la natalidad y los cambios sociales est&aacute;n provocando un envejecimiento poblacional que ya impacta de lleno en el sistema educativo, especialmente en la educaci&oacute;n inicial de la Ciudad de Buenos Aires. En jardines privados, el promedio de alumnos por sala cay&oacute; de 23 en 2011 a 18,8 en la actualidad, mientras que &hellip; <\/p>\n","protected":false},"author":5,"featured_media":16936,"comment_status":"closed","ping_status":"closed","sticky":false,"template":"","format":"standard","meta":{"om_disable_all_campaigns":false,"_joinchat":[]},"categories":[4],"tags":[],"featured_image_urls":{"full":["https:\/\/infotep.com.ar\/wp-content\/uploads\/2024\/10\/jardin-maternal.webp",720,479,false],"thumbnail":["https:\/\/infotep.com.ar\/wp-content\/uploads\/2024\/10\/jardin-maternal-150x150.webp",150,150,true],"medium":["https:\/\/infotep.com.ar\/wp-content\/uploads\/2024\/10\/jardin-maternal-300x200.webp",300,200,true],"medium_large":["https:\/\/infotep.com.ar\/wp-content\/uploads\/2024\/10\/jardin-maternal.webp",720,479,false],"large":["https:\/\/infotep.com.ar\/wp-content\/uploads\/2024\/10\/jardin-maternal.webp",720,479,false],"1536x1536":["https:\/\/infotep.com.ar\/wp-content\/uploads\/2024\/10\/jardin-maternal.webp",720,479,false],"2048x2048":["https:\/\/infotep.com.ar\/wp-content\/uploads\/2024\/10\/jardin-maternal.webp",720,479,false],"blossom-feminine-slider":["https:\/\/infotep.com.ar\/wp-content\/uploads\/2024\/10\/jardin-maternal.webp",720,479,false],"blossom-feminine-featured":["https:\/\/infotep.com.ar\/wp-content\/uploads\/2024\/10\/jardin-maternal.webp",720,479,false],"blossom-feminine-with-sidebar":["https:\/\/infotep.com.ar\/wp-content\/uploads\/2024\/10\/jardin-maternal.webp",720,479,false],"blossom-feminine-blog":["https:\/\/infotep.com.ar\/wp-content\/uploads\/2024\/10\/jardin-maternal-435x435.webp",435,435,true],"blossom-feminine-cat":["https:\/\/infotep.com.ar\/wp-content\/uploads\/2024\/10\/jardin-maternal-450x300.webp",450,300,true],"blossom-feminine-related":["https:\/\/infotep.com.ar\/wp-content\/uploads\/2024\/10\/jardin-maternal-320x200.webp",320,200,true],"blossom-feminine-schema":["https:\/\/infotep.com.ar\/wp-content\/uploads\/2024\/10\/jardin-maternal-90x60.webp",90,60,true],"blossom-mommy-blog-slider-big":["https:\/\/infotep.com.ar\/wp-content\/uploads\/2024\/10\/jardin-maternal.webp",720,479,false],"blossom-mommy-blog-slider":["https:\/\/infotep.com.ar\/wp-content\/uploads\/2024\/10\/jardin-maternal-460x310.webp",460,310,true],"blossom-mommy-blog-two":["https:\/\/infotep.com.ar\/wp-content\/uploads\/2024\/10\/jardin-maternal.webp",720,479,false]},"author_info":{"info":["Angela Tobar"]},"category_info":"<a href=\"https:\/\/infotep.com.ar\/index.php\/category\/provinciales\/\" rel=\"category tag\">Provinciales<\/a>","tag_info":"Provinciales","comment_count":"0","_links":{"self":[{"href":"https:\/\/infotep.com.ar\/index.php\/wp-json\/wp\/v2\/posts\/31298"}],"collection":[{"href":"https:\/\/infotep.com.ar\/index.php\/wp-json\/wp\/v2\/posts"}],"about":[{"href":"https:\/\/infotep.com.ar\/index.php\/wp-json\/wp\/v2\/types\/post"}],"author":[{"embeddable":true,"href":"https:\/\/infotep.com.ar\/index.php\/wp-json\/wp\/v2\/users\/5"}],"replies":[{"embeddable":true,"href":"https:\/\/infotep.com.ar\/index.php\/wp-json\/wp\/v2\/comments?post=31298"}],"version-history":[{"count":1,"href":"https:\/\/infotep.com.ar\/index.php\/wp-json\/wp\/v2\/posts\/31298\/revisions"}],"predecessor-version":[{"id":31299,"href":"https:\/\/infotep.com.ar\/index.php\/wp-json\/wp\/v2\/posts\/31298\/revisions\/31299"}],"wp:featuredmedia":[{"embeddable":true,"href":"https:\/\/infotep.com.ar\/index.php\/wp-json\/wp\/v2\/media\/16936"}],"wp:attachment":[{"href":"https:\/\/infotep.com.ar\/index.php\/wp-json\/wp\/v2\/media?parent=31298"}],"wp:term":[{"taxonomy":"category","embeddable":true,"href":"https:\/\/infotep.com.ar\/index.php\/wp-json\/wp\/v2\/categories?post=31298"},{"taxonomy":"post_tag","embeddable":true,"href":"https:\/\/infotep.com.ar\/index.php\/wp-json\/wp\/v2\/tags?post=31298"}],"curies":[{"name":"wp","href":"https:\/\/api.w.org\/{rel}","templated":true}]}}