{"id":31336,"date":"2026-01-31T14:16:40","date_gmt":"2026-01-31T17:16:40","guid":{"rendered":"https:\/\/infotep.com.ar\/?p=31336"},"modified":"2026-01-31T14:16:41","modified_gmt":"2026-01-31T17:16:41","slug":"el-ajuste-se-siente-en-el-estado-72-menos-empleados-publicos","status":"publish","type":"post","link":"https:\/\/infotep.com.ar\/index.php\/2026\/01\/31\/el-ajuste-se-siente-en-el-estado-72-menos-empleados-publicos\/","title":{"rendered":"El ajuste se siente en el Estado: 7,2% menos empleados p\u00fablicos"},"content":{"rendered":"\n<p>La dotaci\u00f3n de personal del sector p\u00fablico nacional cerr\u00f3 diciembre de 2025 con 280.120 trabajadores, lo que representa una ca\u00edda interanual del 7,2% y una baja mensual del 0,6%, seg\u00fan inform\u00f3 el Instituto Nacional de Estad\u00edstica y Censos (INDEC) en su reporte oficial.<\/p>\n\n\n\n<p>El recorte alcanz\u00f3 tanto a la Administraci\u00f3n P\u00fablica Nacional como a las empresas y sociedades del Estado, en l\u00ednea con la pol\u00edtica de ajuste impulsada por el Gobierno nacional.<\/p>\n\n\n\n<p><strong>D\u00f3nde se concentraron los recortes<\/strong><\/p>\n\n\n\n<p>De acuerdo al informe, la Administraci\u00f3n P\u00fablica Nacional concentr\u00f3 190.936 empleados, con una disminuci\u00f3n del 7,1% interanual.<\/p>\n\n\n\n<p>Por su parte, las empresas y sociedades del Estado registraron 89.184 trabajadores, lo que implica una ca\u00edda a\u00fan mayor, del 7,4% respecto de diciembre de 2024.<\/p>\n\n\n\n<p>Dentro del esquema administrativo, la mayor contracci\u00f3n se produjo en la administraci\u00f3n centralizada, que sufri\u00f3 un recorte del 10,5% interanual y cerr\u00f3 el mes con 38.940 agentes.<\/p>\n\n\n\n<p><strong>En tanto:<\/strong><\/p>\n\n\n\n<p>Administraci\u00f3n descentralizada: 116.222 empleados (-6,4%)<\/p>\n\n\n\n<p>Administraci\u00f3n desconcentrada: 21.733 empleados (-6,0%)<\/p>\n\n\n\n<p>Otros entes: 14.041 empleados (-4,4%)<\/p>\n\n\n\n<p><strong>Datos imputados<\/strong><\/p>\n\n\n\n<p>El INDEC aclar\u00f3 que nueve entidades no informaron su dotaci\u00f3n correspondiente a diciembre, por lo que se imputaron 1.407 puestos de trabajo, equivalentes al 0,5% del total de empleados del sector p\u00fablico nacional.<\/p>\n\n\n\n<p>El dato confirma el impacto directo del ajuste sobre el empleo estatal y marca uno de los niveles m\u00e1s bajos de dotaci\u00f3n de los \u00faltimos a\u00f1os.<\/p>\n","protected":false},"excerpt":{"rendered":"<p>La dotaci&oacute;n de personal del sector p&uacute;blico nacional cerr&oacute; diciembre de 2025 con 280.120 trabajadores, lo que representa una ca&iacute;da interanual del 7,2% y una baja mensual del 0,6%, seg&uacute;n inform&oacute; el Instituto Nacional de Estad&iacute;stica y Censos (INDEC) en su reporte oficial. El recorte alcanz&oacute; tanto a la Administraci&oacute;n P&uacute;blica Nacional como a las &hellip; <\/p>\n","protected":false},"author":5,"featured_media":9280,"comment_status":"closed","ping_status":"closed","sticky":false,"template":"","format":"standard","meta":{"om_disable_all_campaigns":false,"_joinchat":[]},"categories":[7,3],"tags":[],"featured_image_urls":{"full":["https:\/\/infotep.com.ar\/wp-content\/uploads\/2023\/11\/ate.jpg",1920,1080,false],"thumbnail":["https:\/\/infotep.com.ar\/wp-content\/uploads\/2023\/11\/ate-150x150.jpg",150,150,true],"medium":["https:\/\/infotep.com.ar\/wp-content\/uploads\/2023\/11\/ate-300x169.jpg",300,169,true],"medium_large":["https:\/\/infotep.com.ar\/wp-content\/uploads\/2023\/11\/ate-768x432.jpg",768,432,true],"large":["https:\/\/infotep.com.ar\/wp-content\/uploads\/2023\/11\/ate-1024x576.jpg",1020,574,true],"1536x1536":["https:\/\/infotep.com.ar\/wp-content\/uploads\/2023\/11\/ate-1536x864.jpg",1536,864,true],"2048x2048":["https:\/\/infotep.com.ar\/wp-content\/uploads\/2023\/11\/ate.jpg",1920,1080,false],"blossom-feminine-slider":["https:\/\/infotep.com.ar\/wp-content\/uploads\/2023\/11\/ate-1920x649.jpg",1920,649,true],"blossom-feminine-featured":["https:\/\/infotep.com.ar\/wp-content\/uploads\/2023\/11\/ate-1410x600.jpg",1410,600,true],"blossom-feminine-with-sidebar":["https:\/\/infotep.com.ar\/wp-content\/uploads\/2023\/11\/ate-1020x600.jpg",1020,600,true],"blossom-feminine-blog":["https:\/\/infotep.com.ar\/wp-content\/uploads\/2023\/11\/ate-435x435.jpg",435,435,true],"blossom-feminine-cat":["https:\/\/infotep.com.ar\/wp-content\/uploads\/2023\/11\/ate-450x300.jpg",450,300,true],"blossom-feminine-related":["https:\/\/infotep.com.ar\/wp-content\/uploads\/2023\/11\/ate-320x200.jpg",320,200,true],"blossom-feminine-schema":["https:\/\/infotep.com.ar\/wp-content\/uploads\/2023\/11\/ate-107x60.jpg",107,60,true],"blossom-mommy-blog-slider-big":["https:\/\/infotep.com.ar\/wp-content\/uploads\/2023\/11\/ate-920x650.jpg",920,650,true],"blossom-mommy-blog-slider":["https:\/\/infotep.com.ar\/wp-content\/uploads\/2023\/11\/ate-460x310.jpg",460,310,true],"blossom-mommy-blog-two":["https:\/\/infotep.com.ar\/wp-content\/uploads\/2023\/11\/ate-768x480.jpg",768,480,true]},"author_info":{"info":["Angela Tobar"]},"category_info":"<a href=\"https:\/\/infotep.com.ar\/index.php\/category\/gremios\/\" rel=\"category tag\">Gremios<\/a> <a href=\"https:\/\/infotep.com.ar\/index.php\/category\/nacionales\/\" rel=\"category tag\">Nacionales<\/a>","tag_info":"Nacionales","comment_count":"0","_links":{"self":[{"href":"https:\/\/infotep.com.ar\/index.php\/wp-json\/wp\/v2\/posts\/31336"}],"collection":[{"href":"https:\/\/infotep.com.ar\/index.php\/wp-json\/wp\/v2\/posts"}],"about":[{"href":"https:\/\/infotep.com.ar\/index.php\/wp-json\/wp\/v2\/types\/post"}],"author":[{"embeddable":true,"href":"https:\/\/infotep.com.ar\/index.php\/wp-json\/wp\/v2\/users\/5"}],"replies":[{"embeddable":true,"href":"https:\/\/infotep.com.ar\/index.php\/wp-json\/wp\/v2\/comments?post=31336"}],"version-history":[{"count":1,"href":"https:\/\/infotep.com.ar\/index.php\/wp-json\/wp\/v2\/posts\/31336\/revisions"}],"predecessor-version":[{"id":31337,"href":"https:\/\/infotep.com.ar\/index.php\/wp-json\/wp\/v2\/posts\/31336\/revisions\/31337"}],"wp:featuredmedia":[{"embeddable":true,"href":"https:\/\/infotep.com.ar\/index.php\/wp-json\/wp\/v2\/media\/9280"}],"wp:attachment":[{"href":"https:\/\/infotep.com.ar\/index.php\/wp-json\/wp\/v2\/media?parent=31336"}],"wp:term":[{"taxonomy":"category","embeddable":true,"href":"https:\/\/infotep.com.ar\/index.php\/wp-json\/wp\/v2\/categories?post=31336"},{"taxonomy":"post_tag","embeddable":true,"href":"https:\/\/infotep.com.ar\/index.php\/wp-json\/wp\/v2\/tags?post=31336"}],"curies":[{"name":"wp","href":"https:\/\/api.w.org\/{rel}","templated":true}]}}