{"id":31340,"date":"2026-01-31T14:22:28","date_gmt":"2026-01-31T17:22:28","guid":{"rendered":"https:\/\/infotep.com.ar\/?p=31340"},"modified":"2026-01-31T14:22:29","modified_gmt":"2026-01-31T17:22:29","slug":"conflicto-aereo-el-ajuste-salarial-lleva-a-un-paro-nacional-en-aeropuertos","status":"publish","type":"post","link":"https:\/\/infotep.com.ar\/index.php\/2026\/01\/31\/conflicto-aereo-el-ajuste-salarial-lleva-a-un-paro-nacional-en-aeropuertos\/","title":{"rendered":"Conflicto a\u00e9reo: el ajuste salarial lleva a un paro nacional en aeropuertos"},"content":{"rendered":"\n<p>La Asociaci\u00f3n de Trabajadores del Estado (ATE) anunci\u00f3 un paro nacional en todos los aeropuertos del pa\u00eds para el pr\u00f3ximo lunes 2 de febrero, una medida de fuerza que amenaza con paralizar la actividad a\u00e9rea en m\u00e1s de 27 terminales y provocar demoras y cancelaciones masivas de vuelos.<\/p>\n\n\n\n<p>El conflicto se desat\u00f3 tras la denuncia del sindicato por el incumplimiento de un aumento salarial ya acordado y la falta de pago de haberes a trabajadores de la Administraci\u00f3n Nacional de Aviaci\u00f3n Civil (ANAC).<\/p>\n\n\n\n<p>Reclamo salarial y acusaciones al Gobierno<\/p>\n\n\n\n<p>Desde ATE sostienen que la huelga es consecuencia directa de la decisi\u00f3n del Poder Ejecutivo de retrotraer las actualizaciones paritarias, lo que dej\u00f3 al personal del sector en una situaci\u00f3n de incertidumbre financiera.<\/p>\n\n\n\n<p>El secretario general del gremio, Rodolfo Aguiar, acus\u00f3 al Gobierno de haber dado marcha atr\u00e1s con compromisos asumidos.<br>\u201cEl Gobierno decidi\u00f3 retroceder con un incremento salarial ya acordado, reliquidar los haberes y dejar a los trabajadores sin salarios\u201d, afirm\u00f3 el dirigente.<\/p>\n\n\n\n<p>En ese sentido, fue categ\u00f3rico al advertir que \u201cla demora y cancelaci\u00f3n de vuelos ser\u00e1 exclusiva responsabilidad del Gobierno\u201d.<\/p>\n\n\n\n<p>Servicios afectados y alcance de la protesta<\/p>\n\n\n\n<p>Fuentes sindicales indicaron a la Agencia Noticias Argentinas que la medida de fuerza comenzar\u00e1 a regir desde las 00:00 horas del lunes e involucrar\u00e1 a sectores operativos cr\u00edticos, entre ellos:<\/p>\n\n\n\n<p>Control terrestre<\/p>\n\n\n\n<p>Bomberos aeroportuarios<\/p>\n\n\n\n<p>Sanidad<\/p>\n\n\n\n<p>Inspectores<\/p>\n\n\n\n<p>Personal administrativo<\/p>\n\n\n\n<p>La protesta impactar\u00e1 en m\u00e1s de 27 aeropuertos de todo el pa\u00eds, lo que pone en riesgo el normal funcionamiento del sistema aeron\u00e1utico nacional.<\/p>\n\n\n\n<p>Servicios m\u00ednimos garantizados<\/p>\n\n\n\n<p>ATE aclar\u00f3 que, durante la jornada de paro, solo se garantizar\u00e1n los vuelos de Estado, sanitarios, humanitarios y traslados de \u00f3rganos.<\/p>\n\n\n\n<p>Adem\u00e1s, el gremio se mantiene en estado de asamblea permanente y no descarta medidas previas, como quites de colaboraci\u00f3n, antes del inicio formal del paro.<\/p>\n\n\n\n<p>Interna sindical y mayor tensi\u00f3n<\/p>\n\n\n\n<p>Desde la organizaci\u00f3n sindical se\u00f1alaron que la impugnaci\u00f3n del acuerdo salarial provino de un sindicato ajeno al convenio espec\u00edfico, lo que profundiz\u00f3 el conflicto.<\/p>\n\n\n\n<p>\u201cDesde ATE no vamos a permitir que la incapacidad e impericia de alg\u00fan dirigente sindical y las presiones pol\u00edticas del Gobierno dejen a los trabajadores sin salarios y sin aumento\u201d, sostuvo Aguiar.<\/p>\n\n\n\n<p>Finalmente, el gremio responsabiliz\u00f3 de manera directa a la ANAC y a las \u00e1reas de Transporte y Empleo P\u00fablico por las consecuencias del conflicto, y advirti\u00f3 que estos incumplimientos \u201cgeneran m\u00e1s inseguridad y precarizaci\u00f3n en el sistema aeron\u00e1utico\u201d.<\/p>\n","protected":false},"excerpt":{"rendered":"<p>La Asociaci&oacute;n de Trabajadores del Estado (ATE) anunci&oacute; un paro nacional en todos los aeropuertos del pa&iacute;s para el pr&oacute;ximo lunes 2 de febrero, una medida de fuerza que amenaza con paralizar la actividad a&eacute;rea en m&aacute;s de 27 terminales y provocar demoras y cancelaciones masivas de vuelos. El conflicto se desat&oacute; tras la denuncia &hellip; <\/p>\n","protected":false},"author":5,"featured_media":16228,"comment_status":"closed","ping_status":"closed","sticky":false,"template":"","format":"standard","meta":{"om_disable_all_campaigns":false,"_joinchat":[]},"categories":[7],"tags":[],"featured_image_urls":{"full":["https:\/\/infotep.com.ar\/wp-content\/uploads\/2024\/09\/aerolineas.webp",1054,720,false],"thumbnail":["https:\/\/infotep.com.ar\/wp-content\/uploads\/2024\/09\/aerolineas-150x150.webp",150,150,true],"medium":["https:\/\/infotep.com.ar\/wp-content\/uploads\/2024\/09\/aerolineas-300x205.webp",300,205,true],"medium_large":["https:\/\/infotep.com.ar\/wp-content\/uploads\/2024\/09\/aerolineas-768x525.webp",768,525,true],"large":["https:\/\/infotep.com.ar\/wp-content\/uploads\/2024\/09\/aerolineas-1024x700.webp",1020,697,true],"1536x1536":["https:\/\/infotep.com.ar\/wp-content\/uploads\/2024\/09\/aerolineas.webp",1054,720,false],"2048x2048":["https:\/\/infotep.com.ar\/wp-content\/uploads\/2024\/09\/aerolineas.webp",1054,720,false],"blossom-feminine-slider":["https:\/\/infotep.com.ar\/wp-content\/uploads\/2024\/09\/aerolineas-1054x649.webp",1054,649,true],"blossom-feminine-featured":["https:\/\/infotep.com.ar\/wp-content\/uploads\/2024\/09\/aerolineas-1054x600.webp",1054,600,true],"blossom-feminine-with-sidebar":["https:\/\/infotep.com.ar\/wp-content\/uploads\/2024\/09\/aerolineas-1020x600.webp",1020,600,true],"blossom-feminine-blog":["https:\/\/infotep.com.ar\/wp-content\/uploads\/2024\/09\/aerolineas-435x435.webp",435,435,true],"blossom-feminine-cat":["https:\/\/infotep.com.ar\/wp-content\/uploads\/2024\/09\/aerolineas-450x300.webp",450,300,true],"blossom-feminine-related":["https:\/\/infotep.com.ar\/wp-content\/uploads\/2024\/09\/aerolineas-320x200.webp",320,200,true],"blossom-feminine-schema":["https:\/\/infotep.com.ar\/wp-content\/uploads\/2024\/09\/aerolineas-88x60.webp",88,60,true],"blossom-mommy-blog-slider-big":["https:\/\/infotep.com.ar\/wp-content\/uploads\/2024\/09\/aerolineas-920x650.webp",920,650,true],"blossom-mommy-blog-slider":["https:\/\/infotep.com.ar\/wp-content\/uploads\/2024\/09\/aerolineas-460x310.webp",460,310,true],"blossom-mommy-blog-two":["https:\/\/infotep.com.ar\/wp-content\/uploads\/2024\/09\/aerolineas-768x480.webp",768,480,true]},"author_info":{"info":["Angela Tobar"]},"category_info":"<a href=\"https:\/\/infotep.com.ar\/index.php\/category\/gremios\/\" rel=\"category tag\">Gremios<\/a>","tag_info":"Gremios","comment_count":"0","_links":{"self":[{"href":"https:\/\/infotep.com.ar\/index.php\/wp-json\/wp\/v2\/posts\/31340"}],"collection":[{"href":"https:\/\/infotep.com.ar\/index.php\/wp-json\/wp\/v2\/posts"}],"about":[{"href":"https:\/\/infotep.com.ar\/index.php\/wp-json\/wp\/v2\/types\/post"}],"author":[{"embeddable":true,"href":"https:\/\/infotep.com.ar\/index.php\/wp-json\/wp\/v2\/users\/5"}],"replies":[{"embeddable":true,"href":"https:\/\/infotep.com.ar\/index.php\/wp-json\/wp\/v2\/comments?post=31340"}],"version-history":[{"count":1,"href":"https:\/\/infotep.com.ar\/index.php\/wp-json\/wp\/v2\/posts\/31340\/revisions"}],"predecessor-version":[{"id":31341,"href":"https:\/\/infotep.com.ar\/index.php\/wp-json\/wp\/v2\/posts\/31340\/revisions\/31341"}],"wp:featuredmedia":[{"embeddable":true,"href":"https:\/\/infotep.com.ar\/index.php\/wp-json\/wp\/v2\/media\/16228"}],"wp:attachment":[{"href":"https:\/\/infotep.com.ar\/index.php\/wp-json\/wp\/v2\/media?parent=31340"}],"wp:term":[{"taxonomy":"category","embeddable":true,"href":"https:\/\/infotep.com.ar\/index.php\/wp-json\/wp\/v2\/categories?post=31340"},{"taxonomy":"post_tag","embeddable":true,"href":"https:\/\/infotep.com.ar\/index.php\/wp-json\/wp\/v2\/tags?post=31340"}],"curies":[{"name":"wp","href":"https:\/\/api.w.org\/{rel}","templated":true}]}}