{"id":31345,"date":"2026-01-31T14:31:03","date_gmt":"2026-01-31T17:31:03","guid":{"rendered":"https:\/\/infotep.com.ar\/?p=31345"},"modified":"2026-01-31T14:31:04","modified_gmt":"2026-01-31T17:31:04","slug":"moreno-refuerza-politicas-de-inclusion-y-educacion-con-escuelas-abiertas-en-verano","status":"publish","type":"post","link":"https:\/\/infotep.com.ar\/index.php\/2026\/01\/31\/moreno-refuerza-politicas-de-inclusion-y-educacion-con-escuelas-abiertas-en-verano\/","title":{"rendered":"Moreno refuerza pol\u00edticas de inclusi\u00f3n y educaci\u00f3n con Escuelas Abiertas en Verano"},"content":{"rendered":"\n<p>La intendenta Mariel Fern\u00e1ndez, acompa\u00f1ada por la subsecretaria de Educaci\u00f3n de la provincia de Buenos Aires, Claudia Bracchi, recorri\u00f3 las actividades de Escuelas Abiertas en Verano que se llevan a cabo en el Polideportivo Diego Armando Maradona, en Cuartel V, y en otros complejos municipales del distrito. La iniciativa, que se desarrolla hasta el 30 de enero, beneficia a m\u00e1s de 3.000 ni\u00f1as, ni\u00f1os y adolescentes en 54 instituciones educativas, garantizando educaci\u00f3n, recreaci\u00f3n y cuidado integral durante el receso escolar.<\/p>\n\n\n\n<p>\u201cNuestro objetivo es que todas las ni\u00f1as y ni\u00f1os puedan disfrutar, aprender y participar de forma inclusiva durante el verano, con propuestas educativas, deportivas y culturales en cada barrio de Moreno\u201d, destac\u00f3 Fern\u00e1ndez durante la recorrida.<\/p>\n\n\n\n<p>Actividades recreativas y educativas en toda la ciudad<\/p>\n\n\n\n<p>El programa est\u00e1 dirigido a menores de 3 a 18 a\u00f1os y ofrece un amplio abanico de actividades:<\/p>\n\n\n\n<p>Juegos y talleres recreativos<\/p>\n\n\n\n<p>Propuestas educativas y culturales<\/p>\n\n\n\n<p>Actividades deportivas y acu\u00e1ticas, incluyendo la pileta con olas del Polideportivo Diego Armando Maradona<\/p>\n\n\n\n<p><strong>Actividades art\u00edsticas y de integraci\u00f3n<\/strong><\/p>\n\n\n\n<p>Adem\u00e1s, a trav\u00e9s del Servicio Alimentario Escolar (SAE), se asegura desayuno y almuerzo para todos los participantes, reforzando el enfoque integral de cuidado y bienestar.<\/p>\n\n\n\n<p>Polideportivos municipales abiertos y participaci\u00f3n comunitaria<\/p>\n\n\n\n<p>Adem\u00e1s del Polideportivo Diego Armando Maradona, los polideportivos de Paso del Rey, Las Catonas y San Carlos fueron habilitados para el desarrollo de las actividades, fortaleciendo la propuesta territorial y de inclusi\u00f3n.<\/p>\n\n\n\n<p>Durante la visita, tambi\u00e9n estuvieron presentes la secretaria de Cultura, Educaci\u00f3n y Deportes, Cynthia Mu\u00f1oz, el director provincial de Educaci\u00f3n F\u00edsica a cargo de Escuelas de Verano y la jefa distrital de Educaci\u00f3n, Karina Ram\u00edrez.<\/p>\n\n\n\n<p><strong>Articulaci\u00f3n municipal y provincial<\/strong><\/p>\n\n\n\n<p>Con esta iniciativa, el Gobierno de Moreno, en articulaci\u00f3n con el Estado provincial, profundiza pol\u00edticas p\u00fablicas que garantizan derechos fundamentales: educaci\u00f3n, recreaci\u00f3n, alimentaci\u00f3n, inclusi\u00f3n y participaci\u00f3n para las infancias y juventudes del distrito.<\/p>\n","protected":false},"excerpt":{"rendered":"<p>La intendenta Mariel Fern&aacute;ndez, acompa&ntilde;ada por la subsecretaria de Educaci&oacute;n de la provincia de Buenos Aires, Claudia Bracchi, recorri&oacute; las actividades de Escuelas Abiertas en Verano que se llevan a cabo en el Polideportivo Diego Armando Maradona, en Cuartel V, y en otros complejos municipales del distrito. La iniciativa, que se desarrolla hasta el 30 &hellip; <\/p>\n","protected":false},"author":5,"featured_media":31346,"comment_status":"closed","ping_status":"closed","sticky":false,"template":"","format":"standard","meta":{"om_disable_all_campaigns":false,"_joinchat":[]},"categories":[31,85],"tags":[],"featured_image_urls":{"full":["https:\/\/infotep.com.ar\/wp-content\/uploads\/2026\/01\/Escuelas-abiertas-en-verano-1.jpg",1920,1080,false],"thumbnail":["https:\/\/infotep.com.ar\/wp-content\/uploads\/2026\/01\/Escuelas-abiertas-en-verano-1-150x150.jpg",150,150,true],"medium":["https:\/\/infotep.com.ar\/wp-content\/uploads\/2026\/01\/Escuelas-abiertas-en-verano-1-300x169.jpg",300,169,true],"medium_large":["https:\/\/infotep.com.ar\/wp-content\/uploads\/2026\/01\/Escuelas-abiertas-en-verano-1-768x432.jpg",768,432,true],"large":["https:\/\/infotep.com.ar\/wp-content\/uploads\/2026\/01\/Escuelas-abiertas-en-verano-1-1024x576.jpg",1020,574,true],"1536x1536":["https:\/\/infotep.com.ar\/wp-content\/uploads\/2026\/01\/Escuelas-abiertas-en-verano-1-1536x864.jpg",1536,864,true],"2048x2048":["https:\/\/infotep.com.ar\/wp-content\/uploads\/2026\/01\/Escuelas-abiertas-en-verano-1.jpg",1920,1080,false],"blossom-feminine-slider":["https:\/\/infotep.com.ar\/wp-content\/uploads\/2026\/01\/Escuelas-abiertas-en-verano-1-1920x649.jpg",1920,649,true],"blossom-feminine-featured":["https:\/\/infotep.com.ar\/wp-content\/uploads\/2026\/01\/Escuelas-abiertas-en-verano-1-1410x600.jpg",1410,600,true],"blossom-feminine-with-sidebar":["https:\/\/infotep.com.ar\/wp-content\/uploads\/2026\/01\/Escuelas-abiertas-en-verano-1-1020x600.jpg",1020,600,true],"blossom-feminine-blog":["https:\/\/infotep.com.ar\/wp-content\/uploads\/2026\/01\/Escuelas-abiertas-en-verano-1-435x435.jpg",435,435,true],"blossom-feminine-cat":["https:\/\/infotep.com.ar\/wp-content\/uploads\/2026\/01\/Escuelas-abiertas-en-verano-1-450x300.jpg",450,300,true],"blossom-feminine-related":["https:\/\/infotep.com.ar\/wp-content\/uploads\/2026\/01\/Escuelas-abiertas-en-verano-1-320x200.jpg",320,200,true],"blossom-feminine-schema":["https:\/\/infotep.com.ar\/wp-content\/uploads\/2026\/01\/Escuelas-abiertas-en-verano-1-107x60.jpg",107,60,true],"blossom-mommy-blog-slider-big":["https:\/\/infotep.com.ar\/wp-content\/uploads\/2026\/01\/Escuelas-abiertas-en-verano-1-920x650.jpg",920,650,true],"blossom-mommy-blog-slider":["https:\/\/infotep.com.ar\/wp-content\/uploads\/2026\/01\/Escuelas-abiertas-en-verano-1-460x310.jpg",460,310,true],"blossom-mommy-blog-two":["https:\/\/infotep.com.ar\/wp-content\/uploads\/2026\/01\/Escuelas-abiertas-en-verano-1-768x480.jpg",768,480,true]},"author_info":{"info":["Angela Tobar"]},"category_info":"<a href=\"https:\/\/infotep.com.ar\/index.php\/category\/destacadas\/\" rel=\"category tag\">Destacadas<\/a> <a href=\"https:\/\/infotep.com.ar\/index.php\/category\/municipales\/moreno\/\" rel=\"category tag\">Moreno<\/a>","tag_info":"Moreno","comment_count":"0","_links":{"self":[{"href":"https:\/\/infotep.com.ar\/index.php\/wp-json\/wp\/v2\/posts\/31345"}],"collection":[{"href":"https:\/\/infotep.com.ar\/index.php\/wp-json\/wp\/v2\/posts"}],"about":[{"href":"https:\/\/infotep.com.ar\/index.php\/wp-json\/wp\/v2\/types\/post"}],"author":[{"embeddable":true,"href":"https:\/\/infotep.com.ar\/index.php\/wp-json\/wp\/v2\/users\/5"}],"replies":[{"embeddable":true,"href":"https:\/\/infotep.com.ar\/index.php\/wp-json\/wp\/v2\/comments?post=31345"}],"version-history":[{"count":1,"href":"https:\/\/infotep.com.ar\/index.php\/wp-json\/wp\/v2\/posts\/31345\/revisions"}],"predecessor-version":[{"id":31347,"href":"https:\/\/infotep.com.ar\/index.php\/wp-json\/wp\/v2\/posts\/31345\/revisions\/31347"}],"wp:featuredmedia":[{"embeddable":true,"href":"https:\/\/infotep.com.ar\/index.php\/wp-json\/wp\/v2\/media\/31346"}],"wp:attachment":[{"href":"https:\/\/infotep.com.ar\/index.php\/wp-json\/wp\/v2\/media?parent=31345"}],"wp:term":[{"taxonomy":"category","embeddable":true,"href":"https:\/\/infotep.com.ar\/index.php\/wp-json\/wp\/v2\/categories?post=31345"},{"taxonomy":"post_tag","embeddable":true,"href":"https:\/\/infotep.com.ar\/index.php\/wp-json\/wp\/v2\/tags?post=31345"}],"curies":[{"name":"wp","href":"https:\/\/api.w.org\/{rel}","templated":true}]}}