{"id":3142,"date":"2023-02-06T01:28:00","date_gmt":"2023-02-06T04:28:00","guid":{"rendered":"https:\/\/infotep.com.ar\/?p=3142"},"modified":"2023-02-06T19:31:58","modified_gmt":"2023-02-06T22:31:58","slug":"alberto-fernandez-convoco-a-la-mesa-politica-del-frente-de-todos-para-disenar-la-estrategia-electoral","status":"publish","type":"post","link":"https:\/\/infotep.com.ar\/index.php\/2023\/02\/06\/alberto-fernandez-convoco-a-la-mesa-politica-del-frente-de-todos-para-disenar-la-estrategia-electoral\/","title":{"rendered":"Alberto Fern\u00e1ndez convoc\u00f3 a la Mesa Pol\u00edtica del Frente de Todos para dise\u00f1ar la estrategia electoral"},"content":{"rendered":"\n<p>El presidente Alberto Fern\u00e1ndez lanz\u00f3 el llamado a la conformaci\u00f3n de una mesa de armado electoral del Frente de Todos. Lo hizo a trav\u00e9s de una carta abierta que firm\u00f3 como titular del PJ, y desde donde aclar\u00f3 que su intenci\u00f3n es debatir con los distintos referentes que confluyen &#8220;con miradas diversas en el peronismo&#8221; reglas electorales de unidad y no medidas gesti\u00f3n.<\/p>\n\n\n\n<p><strong>&#8220;Como presidente del PJ, el partido m\u00e1s importante de nuestra coalici\u00f3n de Gobierno, he decidido convocar en los pr\u00f3ximos d\u00edas a la conformaci\u00f3n de una mesa que dise\u00f1e las reglas electorales del Frente y la estrategia a seguir con miras a las distintas elecciones de este a\u00f1o&#8221;, inicia el documento que volc\u00f3 adem\u00e1s en sus redes sociales.<\/strong><\/p>\n\n\n\n<p>En la misma l\u00ednea, y tras los reclamos del kirchnerismo y el Frente Renovador, Fern\u00e1ndez se mostr\u00f3 expectante con el funcionamiento del espacio y abri\u00f3 la puerta a la incorporaci\u00f3n de m\u00e1s sectores al espacio. &#8220;Conf\u00edo en que dicho \u00e1mbito de debate sirva para abrir la convocatoria a los sectores sociales, de la producci\u00f3n y del trabajo que acompa\u00f1an a nuestra coalici\u00f3n de Gobierno con los que compartimos un mismo proyecto de pa\u00eds&#8221;, sostuvo.<\/p>\n\n\n\n<p>Asimismo, detall\u00f3 que los gobernadores e intendentes &#8220;deber\u00e1n definir el n\u00facleo dirigencial que represente a la fuerza territorial del Frente de Todos&#8221;, aunque no determin\u00f3 fecha ni lugar del primer encuentro.<\/p>\n\n\n\n<p>&#8220;Es mi intenci\u00f3n que los referentes que confluimos con miradas diversas en el peronismo, junto a referentes del Frente Renovador y de otras fuerzas pol\u00edticas que participan del espacio, establezcamos las reglas de competencia que sostengan la unidad que nos lleve a la victoria&#8221;, explic\u00f3 sin mencionar a la vicepresidenta Cristina Kirchner ni al ministro de Econom\u00eda, Sergio Massa, aunque s\u00ed nombr\u00f3 a la fuerza que conduce.<\/p>\n\n\n\n<p>Se trata de un pedido que encabez\u00f3 el diputado y dirigente de La C\u00e1mpora, M\u00e1ximo Kirchner, y que encontr\u00f3 lugar tambi\u00e9n en Massa, para la puesta en pie de una instancia en la que participen representantes de todas las fuerzas y sirva para dialogar y acordar cuestiones.<\/p>\n\n\n\n<p>Despu\u00e9s de varios meses, el mandatario opt\u00f3 por aceptar en tanto y en cuanto se limite a discutir y trazar el armado electoral, y no cuestiones que hacen a su gesti\u00f3n.<\/p>\n\n\n\n<p>&#8220;Estos desaf\u00edos nos obligan a trabajar para que nuestro Frente se consolide alrededor de un proyecto de pa\u00eds inclusivo que se desarrolle respetando el federalismo. Un pa\u00eds que recupere tribunales que impartan justicia y no se sometan a poderes f\u00e1cticos&#8221;, complet\u00f3 Fern\u00e1ndez en el marco de la oficializaci\u00f3n del llamado.<\/p>\n\n\n\n<p>A pesar de las cr\u00edticas al interior del Frente de Todos, y del fuego cruzado, el oficialismo se ordena detr\u00e1s de la idea de rechazar la vuelta de Juntos por el Cambio al Gobierno, y as\u00ed qued\u00f3 expresado en el comunicado que argumenta la creaci\u00f3n de la instancia. &#8220;No queremos que la Argentina vuelva a un pasado de persecuci\u00f3n de opositores, de endeudamiento, de fuga de sus capitales, de ca\u00edda de los salarios y de desindustrializaci\u00f3n como el que padecimos durante el Gobierno de Juntos por el Cambio&#8221;, explic\u00f3 el jefe de Estado.<\/p>\n\n\n\n<p><\/p>\n\n\n\n<p><strong>El texto completo de la carta abierta de Alberto Fern\u00e1ndez<\/strong><\/p>\n\n\n\n<p><br>Como presidente del PJ, el partido m\u00e1s importante de nuestra coalici\u00f3n de Gobierno, he decidido convocar en los pr\u00f3ximos d\u00edas a la conformaci\u00f3n de una mesa que dise\u00f1e las reglas electorales del Frente y la estrategia a seguir con miras a las distintas elecciones de este a\u00f1o.<\/p>\n\n\n\n<p>Conf\u00edo en que dicho \u00e1mbito de debate sirva para abrir la convocatoria a los sectores sociales, de la producci\u00f3n y del trabajo que acompa\u00f1an a nuestra coalici\u00f3n de Gobierno con los que compartimos un mismo proyecto de pa\u00eds.<\/p>\n\n\n\n<p>Nuestros gobernadores y gobernadoras y nuestros intendentes e intendentas deber\u00e1n definir el n\u00facleo dirigencial que represente a la fuerza territorial del Frente de Todos.<\/p>\n\n\n\n<p>Es mi intenci\u00f3n que los referentes que confluimos con miradas diversas en el peronismo, junto a referentes del Frente Renovador y de otras fuerzas pol\u00edticas que participan del espacio, establezcamos las reglas de competencia que sostengan la unidad que nos lleve a la victoria.<\/p>\n\n\n\n<p>Estos desaf\u00edos nos obligan a trabajar para que nuestro Frente se consolide alrededor de un proyecto de pa\u00eds inclusivo que se desarrolle respetando el federalismo. Un pa\u00eds que recupere tribunales que impartan justicia y no se sometan a poderes f\u00e1cticos.<\/p>\n\n\n\n<p>No queremos que la Argentina vuelva a un pasado de persecuci\u00f3n de opositores, de endeudamiento, de fuga de sus capitales, de ca\u00edda de los salarios y de desindustrializaci\u00f3n como el que padecimos durante el Gobierno de Juntos por el Cambio.<\/p>\n","protected":false},"excerpt":{"rendered":"<p>El presidente Alberto Fern&aacute;ndez lanz&oacute; el llamado a la conformaci&oacute;n de una mesa de armado electoral del Frente de Todos. Lo hizo a trav&eacute;s de una carta abierta que firm&oacute; como titular del PJ, y desde donde aclar&oacute; que su intenci&oacute;n es debatir con los distintos referentes que confluyen &ldquo;con miradas diversas en el peronismo&rdquo; &hellip; <\/p>\n","protected":false},"author":5,"featured_media":3144,"comment_status":"closed","ping_status":"closed","sticky":false,"template":"","format":"standard","meta":{"om_disable_all_campaigns":false,"_joinchat":[]},"categories":[3],"tags":[161,46,311,43],"featured_image_urls":{"full":["https:\/\/infotep.com.ar\/wp-content\/uploads\/2023\/02\/alberto-fernandez-1493820.jpg",950,534,false],"thumbnail":["https:\/\/infotep.com.ar\/wp-content\/uploads\/2023\/02\/alberto-fernandez-1493820-150x150.jpg",150,150,true],"medium":["https:\/\/infotep.com.ar\/wp-content\/uploads\/2023\/02\/alberto-fernandez-1493820-300x169.jpg",300,169,true],"medium_large":["https:\/\/infotep.com.ar\/wp-content\/uploads\/2023\/02\/alberto-fernandez-1493820-768x432.jpg",768,432,true],"large":["https:\/\/infotep.com.ar\/wp-content\/uploads\/2023\/02\/alberto-fernandez-1493820.jpg",950,534,false],"1536x1536":["https:\/\/infotep.com.ar\/wp-content\/uploads\/2023\/02\/alberto-fernandez-1493820.jpg",950,534,false],"2048x2048":["https:\/\/infotep.com.ar\/wp-content\/uploads\/2023\/02\/alberto-fernandez-1493820.jpg",950,534,false],"blossom-feminine-slider":["https:\/\/infotep.com.ar\/wp-content\/uploads\/2023\/02\/alberto-fernandez-1493820.jpg",950,534,false],"blossom-feminine-featured":["https:\/\/infotep.com.ar\/wp-content\/uploads\/2023\/02\/alberto-fernandez-1493820.jpg",950,534,false],"blossom-feminine-with-sidebar":["https:\/\/infotep.com.ar\/wp-content\/uploads\/2023\/02\/alberto-fernandez-1493820.jpg",950,534,false],"blossom-feminine-blog":["https:\/\/infotep.com.ar\/wp-content\/uploads\/2023\/02\/alberto-fernandez-1493820-435x435.jpg",435,435,true],"blossom-feminine-cat":["https:\/\/infotep.com.ar\/wp-content\/uploads\/2023\/02\/alberto-fernandez-1493820-450x300.jpg",450,300,true],"blossom-feminine-related":["https:\/\/infotep.com.ar\/wp-content\/uploads\/2023\/02\/alberto-fernandez-1493820-320x200.jpg",320,200,true],"blossom-feminine-schema":["https:\/\/infotep.com.ar\/wp-content\/uploads\/2023\/02\/alberto-fernandez-1493820-107x60.jpg",107,60,true],"blossom-mommy-blog-slider-big":["https:\/\/infotep.com.ar\/wp-content\/uploads\/2023\/02\/alberto-fernandez-1493820-920x534.jpg",920,534,true],"blossom-mommy-blog-slider":["https:\/\/infotep.com.ar\/wp-content\/uploads\/2023\/02\/alberto-fernandez-1493820-460x310.jpg",460,310,true],"blossom-mommy-blog-two":["https:\/\/infotep.com.ar\/wp-content\/uploads\/2023\/02\/alberto-fernandez-1493820-768x480.jpg",768,480,true]},"author_info":{"info":["Angela Tobar"]},"category_info":"<a href=\"https:\/\/infotep.com.ar\/index.php\/category\/nacionales\/\" rel=\"category tag\">Nacionales<\/a>","tag_info":"Nacionales","comment_count":"0","_links":{"self":[{"href":"https:\/\/infotep.com.ar\/index.php\/wp-json\/wp\/v2\/posts\/3142"}],"collection":[{"href":"https:\/\/infotep.com.ar\/index.php\/wp-json\/wp\/v2\/posts"}],"about":[{"href":"https:\/\/infotep.com.ar\/index.php\/wp-json\/wp\/v2\/types\/post"}],"author":[{"embeddable":true,"href":"https:\/\/infotep.com.ar\/index.php\/wp-json\/wp\/v2\/users\/5"}],"replies":[{"embeddable":true,"href":"https:\/\/infotep.com.ar\/index.php\/wp-json\/wp\/v2\/comments?post=3142"}],"version-history":[{"count":1,"href":"https:\/\/infotep.com.ar\/index.php\/wp-json\/wp\/v2\/posts\/3142\/revisions"}],"predecessor-version":[{"id":3143,"href":"https:\/\/infotep.com.ar\/index.php\/wp-json\/wp\/v2\/posts\/3142\/revisions\/3143"}],"wp:featuredmedia":[{"embeddable":true,"href":"https:\/\/infotep.com.ar\/index.php\/wp-json\/wp\/v2\/media\/3144"}],"wp:attachment":[{"href":"https:\/\/infotep.com.ar\/index.php\/wp-json\/wp\/v2\/media?parent=3142"}],"wp:term":[{"taxonomy":"category","embeddable":true,"href":"https:\/\/infotep.com.ar\/index.php\/wp-json\/wp\/v2\/categories?post=3142"},{"taxonomy":"post_tag","embeddable":true,"href":"https:\/\/infotep.com.ar\/index.php\/wp-json\/wp\/v2\/tags?post=3142"}],"curies":[{"name":"wp","href":"https:\/\/api.w.org\/{rel}","templated":true}]}}