{"id":3162,"date":"2023-02-06T10:57:00","date_gmt":"2023-02-06T13:57:00","guid":{"rendered":"https:\/\/infotep.com.ar\/?p=3162"},"modified":"2023-02-06T20:00:35","modified_gmt":"2023-02-06T23:00:35","slug":"se-realizo-la-preseleccion-para-los-nuevos-puestos-de-trabajo-en-el-servicio-penitenciario-de-merlo","status":"publish","type":"post","link":"https:\/\/infotep.com.ar\/index.php\/2023\/02\/06\/se-realizo-la-preseleccion-para-los-nuevos-puestos-de-trabajo-en-el-servicio-penitenciario-de-merlo\/","title":{"rendered":"Se realiz\u00f3 la preselecci\u00f3n para los nuevos puestos de trabajo en el servicio Penitenciario de Merlo"},"content":{"rendered":"\n<p>La Subsecretar\u00eda de Trabajo, Empleo e Integraci\u00f3n Laboral realiz\u00f3 una preselecci\u00f3n para el nuevo Complejo Penitenciario Bonaerense que abrir\u00e1 sus puertas en el distrito. Se destac\u00f3 que se crean <em>1200 puestos de trabajos para los ciudadanos, este complejo nos va a permitir tener m\u00e1s personal policial custodiando las calles de Merlo<\/em>\u201d. <\/p>\n\n\n\n<p>A los presentes se les inform\u00f3 los requisitos y puestos a cubrir: Escalaf\u00f3n General y Administrativo. Adem\u00e1s, se hizo una preselecci\u00f3n de los perfiles de acuerdo a lo solicitado por el Servicio Penitenciario Bonaerense.<br><br>El Subsecretario de Protecci\u00f3n Ciudadana, Ra\u00fal Larroca destac\u00f3 \u201cEl trabajo en equipo para llevar a cabo todo esto. Sin dudas estas pol\u00edticas p\u00fablicas de brindar empleo en el distrito para los merlenses ha sido un gran acierto de la gesti\u00f3n\u201d.<\/p>\n\n\n\n<p>Finalmente, el Subsecretario de Trabajo, Empleo e Integraci\u00f3n Laboral, Gustavo Villagra: \u201cEstos encuentros informativos son fundamentales para que nuestros vecinos vean el compromiso del Municipio en cuanto el trabajo en el distrito, para que ninguno tenga que viajar lejos de sus hogares para tener una ocupaci\u00f3n\u201d.<\/p>\n\n\n\n<p>Esta como as\u00ed tambi\u00e9n otras convocatorias se llevaron a cabo en Libertad, Merlo Centro, Mariano Acosta y Pontevedra. Las mismas se efectuaron gracias a la labor conjunta de la Secretar\u00eda de Desarrollo Econ\u00f3mico Sustentable, el Ministerio de Justicia de la Provincia de Buenos Aires y el Servicio Penitenciario Bonaerense.<\/p>\n","protected":false},"excerpt":{"rendered":"<p>La Subsecretar&iacute;a de Trabajo, Empleo e Integraci&oacute;n Laboral realiz&oacute; una preselecci&oacute;n para el nuevo Complejo Penitenciario Bonaerense que abrir&aacute; sus puertas en el distrito. Se destac&oacute; que se crean 1200 puestos de trabajos para los ciudadanos, este complejo nos va a permitir tener m&aacute;s personal policial custodiando las calles de Merlo&rdquo;. A los presentes se &hellip; <\/p>\n","protected":false},"author":5,"featured_media":3163,"comment_status":"closed","ping_status":"closed","sticky":false,"template":"","format":"standard","meta":{"om_disable_all_campaigns":false,"_joinchat":[]},"categories":[10],"tags":[46,287,43],"featured_image_urls":{"full":["https:\/\/infotep.com.ar\/wp-content\/uploads\/2023\/02\/PRESELECCION-DE-PERSONAL-PENITENCIARIO-CON-GUSTAVO-MENENDEZ-1.jpg",1200,800,false],"thumbnail":["https:\/\/infotep.com.ar\/wp-content\/uploads\/2023\/02\/PRESELECCION-DE-PERSONAL-PENITENCIARIO-CON-GUSTAVO-MENENDEZ-1-150x150.jpg",150,150,true],"medium":["https:\/\/infotep.com.ar\/wp-content\/uploads\/2023\/02\/PRESELECCION-DE-PERSONAL-PENITENCIARIO-CON-GUSTAVO-MENENDEZ-1-300x200.jpg",300,200,true],"medium_large":["https:\/\/infotep.com.ar\/wp-content\/uploads\/2023\/02\/PRESELECCION-DE-PERSONAL-PENITENCIARIO-CON-GUSTAVO-MENENDEZ-1-768x512.jpg",768,512,true],"large":["https:\/\/infotep.com.ar\/wp-content\/uploads\/2023\/02\/PRESELECCION-DE-PERSONAL-PENITENCIARIO-CON-GUSTAVO-MENENDEZ-1-1024x683.jpg",1020,680,true],"1536x1536":["https:\/\/infotep.com.ar\/wp-content\/uploads\/2023\/02\/PRESELECCION-DE-PERSONAL-PENITENCIARIO-CON-GUSTAVO-MENENDEZ-1.jpg",1200,800,false],"2048x2048":["https:\/\/infotep.com.ar\/wp-content\/uploads\/2023\/02\/PRESELECCION-DE-PERSONAL-PENITENCIARIO-CON-GUSTAVO-MENENDEZ-1.jpg",1200,800,false],"blossom-feminine-slider":["https:\/\/infotep.com.ar\/wp-content\/uploads\/2023\/02\/PRESELECCION-DE-PERSONAL-PENITENCIARIO-CON-GUSTAVO-MENENDEZ-1-1200x649.jpg",1200,649,true],"blossom-feminine-featured":["https:\/\/infotep.com.ar\/wp-content\/uploads\/2023\/02\/PRESELECCION-DE-PERSONAL-PENITENCIARIO-CON-GUSTAVO-MENENDEZ-1-1200x600.jpg",1200,600,true],"blossom-feminine-with-sidebar":["https:\/\/infotep.com.ar\/wp-content\/uploads\/2023\/02\/PRESELECCION-DE-PERSONAL-PENITENCIARIO-CON-GUSTAVO-MENENDEZ-1-1020x600.jpg",1020,600,true],"blossom-feminine-blog":["https:\/\/infotep.com.ar\/wp-content\/uploads\/2023\/02\/PRESELECCION-DE-PERSONAL-PENITENCIARIO-CON-GUSTAVO-MENENDEZ-1-435x435.jpg",435,435,true],"blossom-feminine-cat":["https:\/\/infotep.com.ar\/wp-content\/uploads\/2023\/02\/PRESELECCION-DE-PERSONAL-PENITENCIARIO-CON-GUSTAVO-MENENDEZ-1-450x300.jpg",450,300,true],"blossom-feminine-related":["https:\/\/infotep.com.ar\/wp-content\/uploads\/2023\/02\/PRESELECCION-DE-PERSONAL-PENITENCIARIO-CON-GUSTAVO-MENENDEZ-1-320x200.jpg",320,200,true],"blossom-feminine-schema":["https:\/\/infotep.com.ar\/wp-content\/uploads\/2023\/02\/PRESELECCION-DE-PERSONAL-PENITENCIARIO-CON-GUSTAVO-MENENDEZ-1-90x60.jpg",90,60,true],"blossom-mommy-blog-slider-big":["https:\/\/infotep.com.ar\/wp-content\/uploads\/2023\/02\/PRESELECCION-DE-PERSONAL-PENITENCIARIO-CON-GUSTAVO-MENENDEZ-1-920x650.jpg",920,650,true],"blossom-mommy-blog-slider":["https:\/\/infotep.com.ar\/wp-content\/uploads\/2023\/02\/PRESELECCION-DE-PERSONAL-PENITENCIARIO-CON-GUSTAVO-MENENDEZ-1-460x310.jpg",460,310,true],"blossom-mommy-blog-two":["https:\/\/infotep.com.ar\/wp-content\/uploads\/2023\/02\/PRESELECCION-DE-PERSONAL-PENITENCIARIO-CON-GUSTAVO-MENENDEZ-1-768x480.jpg",768,480,true]},"author_info":{"info":["Angela Tobar"]},"category_info":"<a href=\"https:\/\/infotep.com.ar\/index.php\/category\/municipales\/merlo\/\" rel=\"category tag\">Merlo<\/a>","tag_info":"Merlo","comment_count":"0","_links":{"self":[{"href":"https:\/\/infotep.com.ar\/index.php\/wp-json\/wp\/v2\/posts\/3162"}],"collection":[{"href":"https:\/\/infotep.com.ar\/index.php\/wp-json\/wp\/v2\/posts"}],"about":[{"href":"https:\/\/infotep.com.ar\/index.php\/wp-json\/wp\/v2\/types\/post"}],"author":[{"embeddable":true,"href":"https:\/\/infotep.com.ar\/index.php\/wp-json\/wp\/v2\/users\/5"}],"replies":[{"embeddable":true,"href":"https:\/\/infotep.com.ar\/index.php\/wp-json\/wp\/v2\/comments?post=3162"}],"version-history":[{"count":1,"href":"https:\/\/infotep.com.ar\/index.php\/wp-json\/wp\/v2\/posts\/3162\/revisions"}],"predecessor-version":[{"id":3164,"href":"https:\/\/infotep.com.ar\/index.php\/wp-json\/wp\/v2\/posts\/3162\/revisions\/3164"}],"wp:featuredmedia":[{"embeddable":true,"href":"https:\/\/infotep.com.ar\/index.php\/wp-json\/wp\/v2\/media\/3163"}],"wp:attachment":[{"href":"https:\/\/infotep.com.ar\/index.php\/wp-json\/wp\/v2\/media?parent=3162"}],"wp:term":[{"taxonomy":"category","embeddable":true,"href":"https:\/\/infotep.com.ar\/index.php\/wp-json\/wp\/v2\/categories?post=3162"},{"taxonomy":"post_tag","embeddable":true,"href":"https:\/\/infotep.com.ar\/index.php\/wp-json\/wp\/v2\/tags?post=3162"}],"curies":[{"name":"wp","href":"https:\/\/api.w.org\/{rel}","templated":true}]}}