{"id":3211,"date":"2023-02-07T15:50:08","date_gmt":"2023-02-07T18:50:08","guid":{"rendered":"https:\/\/infotep.com.ar\/?p=3211"},"modified":"2023-02-08T14:07:09","modified_gmt":"2023-02-08T17:07:09","slug":"descalzo-afirmo-que-las-encuestas-diran-quienes-pueden-ser-candidatos","status":"publish","type":"post","link":"https:\/\/infotep.com.ar\/index.php\/2023\/02\/07\/descalzo-afirmo-que-las-encuestas-diran-quienes-pueden-ser-candidatos\/","title":{"rendered":"Descalzo afirm\u00f3 que \u201clas encuestas dir\u00e1n qui\u00e9nes pueden ser candidatos&#8221;"},"content":{"rendered":"\n<p>El intendente de Ituzaing\u00f3, Alberto Descalzo, afirm\u00f3 hoy que \u201clas encuestas dir\u00e1n qui\u00e9nes pueden ser candidatos del Frente de Todos (FdT)\u201d en las pr\u00f3ximas elecciones.<\/p>\n\n\n\n<p class=\"has-white-background-color has-background\">Adem\u00e1s le pidi\u00f3 al presidente Alberto Fern\u00e1ndez, a la vicepresidenta Cristina Kirchner y el ministro de Econom\u00eda, Sergio Massa, que \u201clogren un acuerdo\u201d para que la coalici\u00f3n oficialista concurra en unidad a los comicios generales de octubre.<br><br>&#8220;Las encuestas dir\u00e1n qui\u00e9nes tienen la posibilidad de ser candidatos y qui\u00e9nes no. Esto le va a pasar a todos los que quieran ser candidatos&#8221;, se\u00f1al\u00f3 Descalzo en declaraciones a la radio AM 530.<br><br>De esta forma se expres\u00f3 el jefe comunal en relaci\u00f3n a la convocatoria a una mesa pol\u00edtica del FdT formulada por el presidente Alberto Fern\u00e1ndez.<br><br>En ese sentido, Descalzo sostuvo que las PASO &#8220;estar\u00e1n disponibles\u201d aunque advirti\u00f3 que \u201ces importante\u201d que la coalici\u00f3n oficialista \u201cse ponga de acuerdo y afiance un acuerdo&#8221; para conformar las listas electorales antes de la realizaci\u00f3n de esos comicios.<br><br>El intendente record\u00f3 la interna que tuvo lugar durante 2015 en el Frente para la Victoria (FpV) de la provincia de Buenos Aires, donde An\u00edbal Fern\u00e1ndez se impuso en una PASO a Juli\u00e1n Dom\u00ednguez por la candidatura a gobernador y luego result\u00f3 derrotado por Mar\u00eda Eugenia Vidal en los comicios generales de ese a\u00f1o.<br><br>&#8220;Debemos aprender de todas las experiencias. Tenemos que aprender de internas pasadas y me parece fundamental que los tres sectores m\u00e1s importantes del FdT, que encabezan Alberto Fern\u00e1ndez, Cristina Kirchner y Sergio Massa, lleguen a un acuerdo. Ese es el deseo de los intendentes&#8221;, apunt\u00f3.<br><br>Con respecto a una posible candidatura de Axel Kicillof a la reelecci\u00f3n en la provincia de Buenos Aires, Descalzo observ\u00f3 que \u201choy las encuestas le dan bien&#8221; al mandatario.<br><br>&#8220;Hoy las encuestas le dan bien a Axel y \u00e9l quiere seguir. Es buen gobernador y eso es importante. Creo que ha hecho un buen laburo. No creo que tengamos internas en la provincia de Buenos Aires\u201d, agreg\u00f3.<br><br><strong><em>Luego de 28 a\u00f1os al frente del municipio de Ituzaing\u00f3, desde su creaci\u00f3n en 1995, el hist\u00f3rico jefe comunal adelant\u00f3 que en el distrito se &#8220;trabaja para que haya un trasvasamiento generacional\u201d en los pr\u00f3ximos comicios.<\/em><\/strong><\/p>\n","protected":false},"excerpt":{"rendered":"<p>El intendente de Ituzaing&oacute;, Alberto Descalzo, afirm&oacute; hoy que &ldquo;las encuestas dir&aacute;n qui&eacute;nes pueden ser candidatos del Frente de Todos (FdT)&rdquo; en las pr&oacute;ximas elecciones. Adem&aacute;s le pidi&oacute; al presidente Alberto Fern&aacute;ndez, a la vicepresidenta Cristina Kirchner y el ministro de Econom&iacute;a, Sergio Massa, que &ldquo;logren un acuerdo&rdquo; para que la coalici&oacute;n oficialista concurra en &hellip; <\/p>\n","protected":false},"author":5,"featured_media":2312,"comment_status":"closed","ping_status":"closed","sticky":false,"template":"","format":"standard","meta":{"om_disable_all_campaigns":false,"_joinchat":[]},"categories":[8],"tags":[65,161,46,51,43],"featured_image_urls":{"full":["https:\/\/infotep.com.ar\/wp-content\/uploads\/2022\/11\/8.jpg",1280,854,false],"thumbnail":["https:\/\/infotep.com.ar\/wp-content\/uploads\/2022\/11\/8-150x150.jpg",150,150,true],"medium":["https:\/\/infotep.com.ar\/wp-content\/uploads\/2022\/11\/8-300x200.jpg",300,200,true],"medium_large":["https:\/\/infotep.com.ar\/wp-content\/uploads\/2022\/11\/8-768x512.jpg",768,512,true],"large":["https:\/\/infotep.com.ar\/wp-content\/uploads\/2022\/11\/8-1024x683.jpg",1020,680,true],"1536x1536":["https:\/\/infotep.com.ar\/wp-content\/uploads\/2022\/11\/8.jpg",1280,854,false],"2048x2048":["https:\/\/infotep.com.ar\/wp-content\/uploads\/2022\/11\/8.jpg",1280,854,false],"blossom-feminine-slider":["https:\/\/infotep.com.ar\/wp-content\/uploads\/2022\/11\/8-1280x649.jpg",1280,649,true],"blossom-feminine-featured":["https:\/\/infotep.com.ar\/wp-content\/uploads\/2022\/11\/8-1280x600.jpg",1280,600,true],"blossom-feminine-with-sidebar":["https:\/\/infotep.com.ar\/wp-content\/uploads\/2022\/11\/8-1020x600.jpg",1020,600,true],"blossom-feminine-blog":["https:\/\/infotep.com.ar\/wp-content\/uploads\/2022\/11\/8-435x435.jpg",435,435,true],"blossom-feminine-cat":["https:\/\/infotep.com.ar\/wp-content\/uploads\/2022\/11\/8-450x300.jpg",450,300,true],"blossom-feminine-related":["https:\/\/infotep.com.ar\/wp-content\/uploads\/2022\/11\/8-320x200.jpg",320,200,true],"blossom-feminine-schema":["https:\/\/infotep.com.ar\/wp-content\/uploads\/2022\/11\/8-90x60.jpg",90,60,true],"blossom-mommy-blog-slider-big":["https:\/\/infotep.com.ar\/wp-content\/uploads\/2022\/11\/8-920x650.jpg",920,650,true],"blossom-mommy-blog-slider":["https:\/\/infotep.com.ar\/wp-content\/uploads\/2022\/11\/8-460x310.jpg",460,310,true],"blossom-mommy-blog-two":["https:\/\/infotep.com.ar\/wp-content\/uploads\/2022\/11\/8-768x480.jpg",768,480,true]},"author_info":{"info":["Angela Tobar"]},"category_info":"<a href=\"https:\/\/infotep.com.ar\/index.php\/category\/municipales\/ituzaingo\/\" rel=\"category tag\">Ituzaing\u00f3<\/a>","tag_info":"Ituzaing\u00f3","comment_count":"0","_links":{"self":[{"href":"https:\/\/infotep.com.ar\/index.php\/wp-json\/wp\/v2\/posts\/3211"}],"collection":[{"href":"https:\/\/infotep.com.ar\/index.php\/wp-json\/wp\/v2\/posts"}],"about":[{"href":"https:\/\/infotep.com.ar\/index.php\/wp-json\/wp\/v2\/types\/post"}],"author":[{"embeddable":true,"href":"https:\/\/infotep.com.ar\/index.php\/wp-json\/wp\/v2\/users\/5"}],"replies":[{"embeddable":true,"href":"https:\/\/infotep.com.ar\/index.php\/wp-json\/wp\/v2\/comments?post=3211"}],"version-history":[{"count":2,"href":"https:\/\/infotep.com.ar\/index.php\/wp-json\/wp\/v2\/posts\/3211\/revisions"}],"predecessor-version":[{"id":3213,"href":"https:\/\/infotep.com.ar\/index.php\/wp-json\/wp\/v2\/posts\/3211\/revisions\/3213"}],"wp:featuredmedia":[{"embeddable":true,"href":"https:\/\/infotep.com.ar\/index.php\/wp-json\/wp\/v2\/media\/2312"}],"wp:attachment":[{"href":"https:\/\/infotep.com.ar\/index.php\/wp-json\/wp\/v2\/media?parent=3211"}],"wp:term":[{"taxonomy":"category","embeddable":true,"href":"https:\/\/infotep.com.ar\/index.php\/wp-json\/wp\/v2\/categories?post=3211"},{"taxonomy":"post_tag","embeddable":true,"href":"https:\/\/infotep.com.ar\/index.php\/wp-json\/wp\/v2\/tags?post=3211"}],"curies":[{"name":"wp","href":"https:\/\/api.w.org\/{rel}","templated":true}]}}