{"id":32334,"date":"2026-03-09T18:54:45","date_gmt":"2026-03-09T21:54:45","guid":{"rendered":"https:\/\/infotep.com.ar\/?p=32334"},"modified":"2026-03-09T18:54:46","modified_gmt":"2026-03-09T21:54:46","slug":"baja-de-imputabilidad-a-los-14-cuestionan-una-reforma-que-pone-el-foco-en-la-pena-y-no-en-la-prevencion","status":"publish","type":"post","link":"https:\/\/infotep.com.ar\/index.php\/2026\/03\/09\/baja-de-imputabilidad-a-los-14-cuestionan-una-reforma-que-pone-el-foco-en-la-pena-y-no-en-la-prevencion\/","title":{"rendered":"Baja de imputabilidad a los 14: cuestionan una reforma que pone el foco en la pena y no en la prevenci\u00f3n"},"content":{"rendered":"\n<p>El gobierno de Javier Milei promulg\u00f3 este lunes la Ley 27.801 de R\u00e9gimen Penal Juvenil mediante el Decreto 138\/2026, una reforma que baja la edad de imputabilidad de 16 a 14 a\u00f1os y crea un nuevo esquema de sanciones para adolescentes que cometan delitos.<\/p>\n\n\n\n<p><strong>La norma hab\u00eda sido aprobada por el Congreso a fines de febrero con 44 votos afirmativos y 27 negativos en el Senado, tras un proceso de negociaci\u00f3n parlamentaria que permiti\u00f3 al oficialismo reunir apoyos de bloques aliados.<\/strong><\/p>\n\n\n\n<p>El nuevo r\u00e9gimen establece que adolescentes de entre 14 y 18 a\u00f1os podr\u00e1n ser juzgados penalmente, con penas que pueden incluir privaci\u00f3n de la libertad de hasta 15 a\u00f1os en institutos especializados, adem\u00e1s de medidas alternativas como advertencias, tareas comunitarias o restricciones de acercamiento a las v\u00edctimas.<\/p>\n\n\n\n<p><strong>Un debate que excede lo penal<\/strong><\/p>\n\n\n\n<p>La reforma fue presentada por el Gobierno como una respuesta a la preocupaci\u00f3n social por la inseguridad y bajo la l\u00f3gica de endurecer las respuestas del Estado frente al delito juvenil. Sin embargo, especialistas, organismos de derechos humanos y sectores acad\u00e9micos advierten que el debate no puede reducirse \u00fanicamente a la dimensi\u00f3n punitiva.<\/p>\n\n\n\n<p>Diversas voces cr\u00edticas se\u00f1alan que la baja de la edad de imputabilidad corre el riesgo de criminalizar a sectores vulnerables de la juventud, sin abordar las causas estructurales que atraviesan muchos de esos conflictos: pobreza, exclusi\u00f3n educativa, consumo problem\u00e1tico, falta de oportunidades laborales y ausencia de pol\u00edticas p\u00fablicas sostenidas para adolescentes.<\/p>\n\n\n\n<p>Organismos internacionales tambi\u00e9n han advertido que la prisi\u00f3n temprana no es una estrategia eficaz para reducir el delito juvenil y que las pol\u00edticas de prevenci\u00f3n basadas en educaci\u00f3n, salud, deporte y acompa\u00f1amiento social suelen tener mejores resultados en t\u00e9rminos de reinserci\u00f3n y reducci\u00f3n de la reincidencia.<\/p>\n\n\n\n<p><strong>Juventudes entre la estigmatizaci\u00f3n y la falta de pol\u00edticas<\/strong><\/p>\n\n\n\n<p>Desde una mirada centrada en los derechos de las juventudes, el riesgo del nuevo r\u00e9gimen es que el Estado refuerce una narrativa que asocia juventud con peligrosidad, en lugar de pensar a los j\u00f3venes como sujetos de derechos que requieren pol\u00edticas integrales.<\/p>\n\n\n\n<p>Las estad\u00edsticas judiciales muestran que la mayor\u00eda de los delitos cometidos por adolescentes est\u00e1n vinculados a robos o delitos contra la propiedad y no a hechos violentos graves.<\/p>\n\n\n\n<p>Por eso, distintos especialistas sostienen que el debate deber\u00eda incluir tambi\u00e9n inversi\u00f3n en pol\u00edticas de inclusi\u00f3n, educaci\u00f3n, salud mental, cultura y deporte, as\u00ed como programas de acompa\u00f1amiento para j\u00f3venes en contextos de vulnerabilidad.<\/p>\n\n\n\n<p><strong>Seguridad y prevenci\u00f3n: el desaf\u00edo pendiente<\/strong><\/p>\n\n\n\n<p>La discusi\u00f3n sobre el r\u00e9gimen penal juvenil vuelve a poner sobre la mesa una pregunta de fondo: qu\u00e9 tipo de pol\u00edtica p\u00fablica necesita la Argentina para abordar la violencia y la conflictividad social que involucra a adolescentes.<\/p>\n\n\n\n<p>Para muchos analistas, la respuesta no puede limitarse al endurecimiento de las penas. Sin un enfoque integral que combine prevenci\u00f3n, inclusi\u00f3n social y acompa\u00f1amiento institucional, advierten, el riesgo es que el sistema penal termine funcionando como la \u00fanica respuesta estatal frente a problemas que en realidad son sociales, educativos y econ\u00f3micos.<\/p>\n\n\n\n<p>En ese escenario, el debate sobre la nueva ley no solo interpela al sistema judicial, sino tambi\u00e9n a la capacidad del Estado para construir pol\u00edticas p\u00fablicas que pongan a las juventudes en el centro y no en el banquillo de los acusados.<\/p>\n","protected":false},"excerpt":{"rendered":"<p>El gobierno de Javier Milei promulg&oacute; este lunes la Ley 27.801 de R&eacute;gimen Penal Juvenil mediante el Decreto 138\/2026, una reforma que baja la edad de imputabilidad de 16 a 14 a&ntilde;os y crea un nuevo esquema de sanciones para adolescentes que cometan delitos. La norma hab&iacute;a sido aprobada por el Congreso a fines de &hellip; <\/p>\n","protected":false},"author":5,"featured_media":31170,"comment_status":"closed","ping_status":"closed","sticky":false,"template":"","format":"standard","meta":{"om_disable_all_campaigns":false,"_joinchat":[]},"categories":[3],"tags":[],"featured_image_urls":{"full":["https:\/\/infotep.com.ar\/wp-content\/uploads\/2026\/01\/ley-penal-juvenil.jpeg",1024,640,false],"thumbnail":["https:\/\/infotep.com.ar\/wp-content\/uploads\/2026\/01\/ley-penal-juvenil-150x150.jpeg",150,150,true],"medium":["https:\/\/infotep.com.ar\/wp-content\/uploads\/2026\/01\/ley-penal-juvenil-300x188.jpeg",300,188,true],"medium_large":["https:\/\/infotep.com.ar\/wp-content\/uploads\/2026\/01\/ley-penal-juvenil-768x480.jpeg",768,480,true],"large":["https:\/\/infotep.com.ar\/wp-content\/uploads\/2026\/01\/ley-penal-juvenil.jpeg",1020,638,false],"1536x1536":["https:\/\/infotep.com.ar\/wp-content\/uploads\/2026\/01\/ley-penal-juvenil.jpeg",1024,640,false],"2048x2048":["https:\/\/infotep.com.ar\/wp-content\/uploads\/2026\/01\/ley-penal-juvenil.jpeg",1024,640,false],"blossom-feminine-slider":["https:\/\/infotep.com.ar\/wp-content\/uploads\/2026\/01\/ley-penal-juvenil.jpeg",1024,640,false],"blossom-feminine-featured":["https:\/\/infotep.com.ar\/wp-content\/uploads\/2026\/01\/ley-penal-juvenil-1024x600.jpeg",1024,600,true],"blossom-feminine-with-sidebar":["https:\/\/infotep.com.ar\/wp-content\/uploads\/2026\/01\/ley-penal-juvenil-1020x600.jpeg",1020,600,true],"blossom-feminine-blog":["https:\/\/infotep.com.ar\/wp-content\/uploads\/2026\/01\/ley-penal-juvenil-435x435.jpeg",435,435,true],"blossom-feminine-cat":["https:\/\/infotep.com.ar\/wp-content\/uploads\/2026\/01\/ley-penal-juvenil-450x300.jpeg",450,300,true],"blossom-feminine-related":["https:\/\/infotep.com.ar\/wp-content\/uploads\/2026\/01\/ley-penal-juvenil-320x200.jpeg",320,200,true],"blossom-feminine-schema":["https:\/\/infotep.com.ar\/wp-content\/uploads\/2026\/01\/ley-penal-juvenil-96x60.jpeg",96,60,true],"blossom-mommy-blog-slider-big":["https:\/\/infotep.com.ar\/wp-content\/uploads\/2026\/01\/ley-penal-juvenil-920x640.jpeg",920,640,true],"blossom-mommy-blog-slider":["https:\/\/infotep.com.ar\/wp-content\/uploads\/2026\/01\/ley-penal-juvenil-460x310.jpeg",460,310,true],"blossom-mommy-blog-two":["https:\/\/infotep.com.ar\/wp-content\/uploads\/2026\/01\/ley-penal-juvenil-768x480.jpeg",768,480,true]},"author_info":{"info":["Angela Tobar"]},"category_info":"<a href=\"https:\/\/infotep.com.ar\/index.php\/category\/nacionales\/\" rel=\"category tag\">Nacionales<\/a>","tag_info":"Nacionales","comment_count":"0","_links":{"self":[{"href":"https:\/\/infotep.com.ar\/index.php\/wp-json\/wp\/v2\/posts\/32334"}],"collection":[{"href":"https:\/\/infotep.com.ar\/index.php\/wp-json\/wp\/v2\/posts"}],"about":[{"href":"https:\/\/infotep.com.ar\/index.php\/wp-json\/wp\/v2\/types\/post"}],"author":[{"embeddable":true,"href":"https:\/\/infotep.com.ar\/index.php\/wp-json\/wp\/v2\/users\/5"}],"replies":[{"embeddable":true,"href":"https:\/\/infotep.com.ar\/index.php\/wp-json\/wp\/v2\/comments?post=32334"}],"version-history":[{"count":1,"href":"https:\/\/infotep.com.ar\/index.php\/wp-json\/wp\/v2\/posts\/32334\/revisions"}],"predecessor-version":[{"id":32335,"href":"https:\/\/infotep.com.ar\/index.php\/wp-json\/wp\/v2\/posts\/32334\/revisions\/32335"}],"wp:featuredmedia":[{"embeddable":true,"href":"https:\/\/infotep.com.ar\/index.php\/wp-json\/wp\/v2\/media\/31170"}],"wp:attachment":[{"href":"https:\/\/infotep.com.ar\/index.php\/wp-json\/wp\/v2\/media?parent=32334"}],"wp:term":[{"taxonomy":"category","embeddable":true,"href":"https:\/\/infotep.com.ar\/index.php\/wp-json\/wp\/v2\/categories?post=32334"},{"taxonomy":"post_tag","embeddable":true,"href":"https:\/\/infotep.com.ar\/index.php\/wp-json\/wp\/v2\/tags?post=32334"}],"curies":[{"name":"wp","href":"https:\/\/api.w.org\/{rel}","templated":true}]}}