{"id":32336,"date":"2026-03-09T19:26:37","date_gmt":"2026-03-09T22:26:37","guid":{"rendered":"https:\/\/infotep.com.ar\/?p=32336"},"modified":"2026-03-09T19:26:38","modified_gmt":"2026-03-09T22:26:38","slug":"bianco-queremos-asegurar-la-educacion-de-toda-la-poblacion-bonaerense","status":"publish","type":"post","link":"https:\/\/infotep.com.ar\/index.php\/2026\/03\/09\/bianco-queremos-asegurar-la-educacion-de-toda-la-poblacion-bonaerense\/","title":{"rendered":"Bianco: &#8220;Queremos asegurar la educaci\u00f3n de toda la poblaci\u00f3n bonaerense&#8221;"},"content":{"rendered":"\n<p>El ministro de Gobierno retom\u00f3 la habitual rueda de prensa de los lunes junto a sus pares de Mujeres y Diversidad, Estela D\u00edaz, y de Producci\u00f3n, Ciencia e Innovaci\u00f3n Tecnol\u00f3gica, Augusto Costa.<br><br>El ministro de Gobierno de la Provincia de Buenos Aires, Carlos Bianco, encabez\u00f3 junto a sus pares de Mujeres y Diversidad, Estela D\u00edaz, y de Producci\u00f3n, Ciencia e Innovaci\u00f3n Tecnol\u00f3gica, Augusto Costa, una conferencia de prensa en la que brindaron un panorama de la actualidad nacional y provincial y anunciaron medidas y pol\u00edticas del Ejecutivo bonaerense.<\/p>\n\n\n\n<p>En su presentaci\u00f3n, el ministro Bianco destac\u00f3 el decreto firmado por el Gobernador de la Provincia de Buenos Aires, Axel Kicillof, que establece la obligatoriedad de la sala de tres a\u00f1os en el nivel inicial: \u201cAl momento tenemos un 87,5% de cobertura de la sala de tres a\u00f1os. Con este decreto estamos trabajando para llevarla al 100%. Ya construimos 300 edificios escolares e inauguramos 48 centros universitarios porque queremos asegurar la educaci\u00f3n de toda la poblaci\u00f3n bonaerense desde los tres a\u00f1os hasta que termine la universidad. Este era un objetivo que nos hab\u00edamos trazado al comienzo de la gesti\u00f3n y lo estamos haciendo realidad\u201d.<\/p>\n\n\n\n<p>Por otra parte, Bianco inform\u00f3 que a partir del pr\u00f3ximo mi\u00e9rcoles va a estar disponible la vacuna antigripal en todos los vacunatorios provinciales para los grupos de riesgo y para el personal de salud. \u201cEste a\u00f1o comenzamos a aplicar las dosis antes y a reforzar la recomendaci\u00f3n de las medidas de cuidado para evitar el estr\u00e9s del sistema sanitario ante los eventuales contagios de la cepa H3N2 que provoc\u00f3 un brote muy fuerte en el hemisferio norte\u201d, explic\u00f3 el Ministro de Gobierno.<\/p>\n\n\n\n<p>En otro orden de cosas, Bianco record\u00f3 que se cerraron con \u00e9xito las paritarias de los trabajadores estatales de la provincia de Buenos Aires. El acuerdo es por una mejora salarial del 9% en tres cuotas: 1,5% en febrero, 5% en marzo y 2,5% en abril. \u201cAgradecemos a los gremios de trabajadores estatales porque entendemos la grave situaci\u00f3n en la que se encuentran todos los trabajadores de la Argentina. Nosotros hemos hecho un esfuerzo muy grande para poder cerrar esta paritaria y sabemos que han entendido la situaci\u00f3n particular que hoy tiene la provincia de Buenos Aires con los recursos que nos recorta el Gobierno nacional\u201d, destac\u00f3 Bianco.<\/p>\n\n\n\n<p>A su turno, el ministro Costa se refiri\u00f3 a las consecuencias productivas del gobierno del presidente Milei y el impacto en la provincia de Buenos Aires de la crisis econ\u00f3mica causada por las pol\u00edticas del Gobierno nacional. En materia de turismo, en la \u00faltima temporada de verano se registraron ca\u00eddas de la cantidad de turistas, de las duraciones de las estad\u00edas, de los consumos realizados y de los ingresos reales en comparaci\u00f3n con las dos temporadas anteriores. &#8220;Hay una situaci\u00f3n que venimos denunciando desde que asumi\u00f3 Milei: una pol\u00edtica deliberada de favorecer el turismo al exterior y dar la espalda al turismo local. La realidad es que para el turismo en la Provincia esta temporada fue dur\u00edsima. Sab\u00edamos que iba a ser complicada, e identificamos tres situaciones: menos visitantes, menos d\u00edas de estad\u00eda y much\u00edsimo menos consumo. Todos los indicadores del turismo son desoladores\u201d, se\u00f1al\u00f3 Costa.<\/p>\n\n\n\n<p>Asimismo, el Ministro se\u00f1al\u00f3 que la actividad econ\u00f3mica bonaerense cay\u00f3 un 1,5% entre 2023 y 2025, con la industria (-8,4%) y la construcci\u00f3n (-21,6%) como los rubros m\u00e1s afectados. Como producto de la crisis tambi\u00e9n se perdieron 5.498 empleadores en la provincia, y hay casi 80 mil empleos registrados menos desde noviembre de 2023 hasta noviembre de 2025. En paralelo, se est\u00e1n registrando despidos y suspensiones generalizadas en industrias a lo largo de todo el territorio bonaerense. El comercio tambi\u00e9n ha recibido el impacto de la crisis, con cierres de sucursales de distintas cadenas y despidos de trabajadores. &#8220;M\u00e1s all\u00e1 de la fantas\u00eda de Milei y sus funcionarios, en la Provincia la econom\u00eda no est\u00e1 creciendo. Lo \u00fanico que creci\u00f3 fue la actividad agropecuaria y fue porque en 2023 sucedi\u00f3 la sequ\u00eda m\u00e1s importante en d\u00e9cadas. Hoy vemos que se destruy\u00f3 capacidad industrial, se derrumb\u00f3 la actividad de la construcci\u00f3n y se gener\u00f3 una p\u00e9rdida de transacciones en el comercio que generaron una crisis productiva que est\u00e1 asolando a la Provincia en todos los sectores y municipios: de cada 10 m\u00e1quinas, 7 est\u00e1n apagadas&#8221;.<\/p>\n\n\n\n<p>Por su parte, la ministra D\u00edaz se refiri\u00f3 a la conmemoraci\u00f3n del 8 de marzo, D\u00eda Internacional de las Mujeres Trabajadoras, que este a\u00f1o, se\u00f1al\u00f3, se da en el marco de una reforma laboral regresiva que impacta especialmente en las mujeres y diversidades, que concentran los empleos m\u00e1s precarizados y asumen la mayor carga de tareas de cuidado. Asimismo, y en relaci\u00f3n con la pr\u00f3xima conmemoraci\u00f3n de los 50 a\u00f1os del golpe de Estado de 1976, la Ministra destac\u00f3 el protagonismo de las Madres y Abuelas de Plaza de Mayo en la lucha colectiva por Memoria, Verdad y Justicia.<\/p>\n\n\n\n<p>Adem\u00e1s, D\u00edaz denunci\u00f3 el retroceso en materia de pol\u00edticas de g\u00e9nero a nivel nacional: por primera vez en m\u00e1s de 30 a\u00f1os Argentina no cuenta con un organismo nacional dedicado a garantizar pol\u00edticas p\u00fablicas de g\u00e9nero, desde que el Gobierno nacional que encabeza Javier Milei cerr\u00f3 el Ministerio a nivel nacional y vaci\u00f3 programas construidos tras d\u00e9cadas de lucha. Asimismo, se redujo la L\u00ednea 144 a su m\u00ednima expresi\u00f3n tanto en cantidad de operadoras como en financiamiento. En este sentido, la funcionaria sostuvo que estamos ante un Gobierno nacional abiertamente antiderechos.<\/p>\n\n\n\n<p>Por otra parte, la ministra D\u00edaz record\u00f3 que el pasado 5 de marzo se realiz\u00f3 en el Teatro Argentino una actividad junto con la Suprema Corte de Justicia de Buenos Aires, que cont\u00f3 con la presencia de su presidenta, Hilda Kogan. La jornada cont\u00f3 con tres mesas de trabajo que abordaron tem\u00e1ticas sobre articulaciones interpoderes; medidas cautelares; e interseccionalidad.<\/p>\n\n\n\n<p>D\u00edaz tambi\u00e9n hizo menci\u00f3n al trabajo que desarrolla el Ministerio de Mujeres y Diversidad, que desde su creaci\u00f3n realiz\u00f3 m\u00e1s de 130 mil intervenciones en violencias por razones de g\u00e9nero y alcanz\u00f3 a m\u00e1s de 200 mil personas en acciones de formaci\u00f3n, abordaje de violencias y pol\u00edticas culturales. Asimismo, destac\u00f3 el fortalecimiento de la L\u00ednea 144 provincial con un servicio 0800 propio de la provincia de Buenos Aires de acceso gratuito, as\u00ed como el impulso dado a la sanci\u00f3n de las leyes de obligaci\u00f3n alimentaria y actualizaci\u00f3n del Registro de Deudores Morosos.<\/p>\n\n\n\n<p>\u201cEn las ant\u00edpodas de lo que ocurre en el Gobierno nacional, seguimos avanzando en la profundizaci\u00f3n del camino de construir institucionalidad estatal que brinde respuestas. Por m\u00e1s que Milei quiera tapar el sol con las manos, no lo va a poder lograr. Esta es una problem\u00e1tica grav\u00edsima de enormes dimensiones. Y en la provincia de Buenos Aires trabajamos para prevenirla, para asistir, para atender y para erradicarla. Creemos que es prioritario vivir una vida sin violencia, que es un derecho elemental de las bonaerenses y para eso trabaja nuestro gobierno\u201d, afirm\u00f3 la ministra D\u00edaz.<\/p>\n","protected":false},"excerpt":{"rendered":"<p>El ministro de Gobierno retom&oacute; la habitual rueda de prensa de los lunes junto a sus pares de Mujeres y Diversidad, Estela D&iacute;az, y de Producci&oacute;n, Ciencia e Innovaci&oacute;n Tecnol&oacute;gica, Augusto Costa. El ministro de Gobierno de la Provincia de Buenos Aires, Carlos Bianco, encabez&oacute; junto a sus pares de Mujeres y Diversidad, Estela D&iacute;az, &hellip; <\/p>\n","protected":false},"author":5,"featured_media":32337,"comment_status":"closed","ping_status":"closed","sticky":false,"template":"","format":"standard","meta":{"om_disable_all_campaigns":false,"_joinchat":[]},"categories":[4],"tags":[],"featured_image_urls":{"full":["https:\/\/infotep.com.ar\/wp-content\/uploads\/2026\/03\/Screenshot_20260309_141014_Drive.jpg",743,530,false],"thumbnail":["https:\/\/infotep.com.ar\/wp-content\/uploads\/2026\/03\/Screenshot_20260309_141014_Drive-150x150.jpg",150,150,true],"medium":["https:\/\/infotep.com.ar\/wp-content\/uploads\/2026\/03\/Screenshot_20260309_141014_Drive-300x214.jpg",300,214,true],"medium_large":["https:\/\/infotep.com.ar\/wp-content\/uploads\/2026\/03\/Screenshot_20260309_141014_Drive.jpg",743,530,false],"large":["https:\/\/infotep.com.ar\/wp-content\/uploads\/2026\/03\/Screenshot_20260309_141014_Drive.jpg",743,530,false],"1536x1536":["https:\/\/infotep.com.ar\/wp-content\/uploads\/2026\/03\/Screenshot_20260309_141014_Drive.jpg",743,530,false],"2048x2048":["https:\/\/infotep.com.ar\/wp-content\/uploads\/2026\/03\/Screenshot_20260309_141014_Drive.jpg",743,530,false],"blossom-feminine-slider":["https:\/\/infotep.com.ar\/wp-content\/uploads\/2026\/03\/Screenshot_20260309_141014_Drive.jpg",743,530,false],"blossom-feminine-featured":["https:\/\/infotep.com.ar\/wp-content\/uploads\/2026\/03\/Screenshot_20260309_141014_Drive.jpg",743,530,false],"blossom-feminine-with-sidebar":["https:\/\/infotep.com.ar\/wp-content\/uploads\/2026\/03\/Screenshot_20260309_141014_Drive.jpg",743,530,false],"blossom-feminine-blog":["https:\/\/infotep.com.ar\/wp-content\/uploads\/2026\/03\/Screenshot_20260309_141014_Drive-435x435.jpg",435,435,true],"blossom-feminine-cat":["https:\/\/infotep.com.ar\/wp-content\/uploads\/2026\/03\/Screenshot_20260309_141014_Drive-450x300.jpg",450,300,true],"blossom-feminine-related":["https:\/\/infotep.com.ar\/wp-content\/uploads\/2026\/03\/Screenshot_20260309_141014_Drive-320x200.jpg",320,200,true],"blossom-feminine-schema":["https:\/\/infotep.com.ar\/wp-content\/uploads\/2026\/03\/Screenshot_20260309_141014_Drive-84x60.jpg",84,60,true],"blossom-mommy-blog-slider-big":["https:\/\/infotep.com.ar\/wp-content\/uploads\/2026\/03\/Screenshot_20260309_141014_Drive.jpg",743,530,false],"blossom-mommy-blog-slider":["https:\/\/infotep.com.ar\/wp-content\/uploads\/2026\/03\/Screenshot_20260309_141014_Drive-460x310.jpg",460,310,true],"blossom-mommy-blog-two":["https:\/\/infotep.com.ar\/wp-content\/uploads\/2026\/03\/Screenshot_20260309_141014_Drive-743x480.jpg",743,480,true]},"author_info":{"info":["Angela Tobar"]},"category_info":"<a href=\"https:\/\/infotep.com.ar\/index.php\/category\/provinciales\/\" rel=\"category tag\">Provinciales<\/a>","tag_info":"Provinciales","comment_count":"0","_links":{"self":[{"href":"https:\/\/infotep.com.ar\/index.php\/wp-json\/wp\/v2\/posts\/32336"}],"collection":[{"href":"https:\/\/infotep.com.ar\/index.php\/wp-json\/wp\/v2\/posts"}],"about":[{"href":"https:\/\/infotep.com.ar\/index.php\/wp-json\/wp\/v2\/types\/post"}],"author":[{"embeddable":true,"href":"https:\/\/infotep.com.ar\/index.php\/wp-json\/wp\/v2\/users\/5"}],"replies":[{"embeddable":true,"href":"https:\/\/infotep.com.ar\/index.php\/wp-json\/wp\/v2\/comments?post=32336"}],"version-history":[{"count":1,"href":"https:\/\/infotep.com.ar\/index.php\/wp-json\/wp\/v2\/posts\/32336\/revisions"}],"predecessor-version":[{"id":32338,"href":"https:\/\/infotep.com.ar\/index.php\/wp-json\/wp\/v2\/posts\/32336\/revisions\/32338"}],"wp:featuredmedia":[{"embeddable":true,"href":"https:\/\/infotep.com.ar\/index.php\/wp-json\/wp\/v2\/media\/32337"}],"wp:attachment":[{"href":"https:\/\/infotep.com.ar\/index.php\/wp-json\/wp\/v2\/media?parent=32336"}],"wp:term":[{"taxonomy":"category","embeddable":true,"href":"https:\/\/infotep.com.ar\/index.php\/wp-json\/wp\/v2\/categories?post=32336"},{"taxonomy":"post_tag","embeddable":true,"href":"https:\/\/infotep.com.ar\/index.php\/wp-json\/wp\/v2\/tags?post=32336"}],"curies":[{"name":"wp","href":"https:\/\/api.w.org\/{rel}","templated":true}]}}