{"id":32359,"date":"2026-03-10T17:11:58","date_gmt":"2026-03-10T20:11:58","guid":{"rendered":"https:\/\/infotep.com.ar\/?p=32359"},"modified":"2026-03-10T17:11:59","modified_gmt":"2026-03-10T20:11:59","slug":"avanza-la-causa-por-corrupcion-en-la-andis-y-vuelve-a-quedar-bajo-la-lupa-el-gobierno-de-javier-milei","status":"publish","type":"post","link":"https:\/\/infotep.com.ar\/index.php\/2026\/03\/10\/avanza-la-causa-por-corrupcion-en-la-andis-y-vuelve-a-quedar-bajo-la-lupa-el-gobierno-de-javier-milei\/","title":{"rendered":"Avanza la causa por corrupci\u00f3n en la ANDIS y vuelve a quedar bajo la lupa el gobierno de Javier Milei"},"content":{"rendered":"\n<p>La causa por presunta corrupci\u00f3n en la Agencia Nacional de Discapacidad (ANDIS) sum\u00f3 nuevos elementos luego de la declaraci\u00f3n de un testigo de identidad reservada, cuyo testimonio result\u00f3 clave para que la Justicia avance con procesamientos y profundice la investigaci\u00f3n sobre una posible red de fraude y lavado de dinero.<\/p>\n\n\n\n<p>El juez federal Sebasti\u00e1n Casanello dict\u00f3 el procesamiento de 19 personas, entre ellas el exdirector del organismo Diego Spagnuolo y el lobista Miguel Calvete. La investigaci\u00f3n est\u00e1 impulsada por el fiscal Franco Picardi.<\/p>\n\n\n\n<p>Seg\u00fan fuentes judiciales, el testimonio aport\u00f3 nuevas pistas sobre operaciones financieras sospechosas y el rol de empresas proveedoras, especialmente ortopedias que habr\u00edan participado en el circuito de contrataci\u00f3n de insumos para el organismo.<\/p>\n\n\n\n<p><strong>Sospechas de sobornos y retornos<\/strong><\/p>\n\n\n\n<p>La Justicia investiga si Calvete actuaba como intermediario entre las empresas y la agencia estatal, facilitando el cobro de pagos a cambio de presuntos retornos.<\/p>\n\n\n\n<p>Escuchas telef\u00f3nicas incorporadas al expediente indicar\u00edan que el lobista garantizaba el flujo de pagos del organismo a determinadas compa\u00f1\u00edas a cambio de beneficios econ\u00f3micos, lo que podr\u00eda configurar un esquema de corrupci\u00f3n dentro de la estructura estatal.<\/p>\n\n\n\n<p><strong>Investigaci\u00f3n por lavado de dinero<\/strong><\/p>\n\n\n\n<p>En paralelo, el expediente avanza sobre una posible maniobra de lavado de activos, con la participaci\u00f3n del Ministerio P\u00fablico Fiscal de la Naci\u00f3n y la PROCELAC.<\/p>\n\n\n\n<p>Entre las l\u00edneas investigativas tambi\u00e9n aparece la empresa Droguer\u00eda Suizo Argentina y la familia Kovalivker. Aunque a\u00fan no fueron procesados, los investigadores analizan comunicaciones y movimientos financieros vinculados al caso.<\/p>\n\n\n\n<p>La investigaci\u00f3n enfrenta adem\u00e1s obst\u00e1culos t\u00e9cnicos, como dispositivos telef\u00f3nicos sin contenido y equipos bloqueados que a\u00fan no pudieron ser peritados por especialistas.<\/p>\n\n\n\n<p>Audios, internas pol\u00edticas y nuevas l\u00edneas de investigaci\u00f3n<\/p>\n\n\n\n<p>La causa tambi\u00e9n incluye un audio atribuido a Pablo Atchabahian en el que se menciona a un supuesto intermediario identificado como \u201cHelv\u00e9tico\u201d, al que el juez vincul\u00f3 con Sebasti\u00e1n Nuner Uner.<\/p>\n\n\n\n<p>En ese mensaje tambi\u00e9n aparece mencionado el apodo \u201cRioja\u201d, que los investigadores relacionan con Eduardo Menem, en medio de presuntas tensiones internas dentro de sectores pol\u00edticos cercanos al poder.<\/p>\n\n\n\n<p><strong>Cambio de juez en la causa<\/strong><\/p>\n\n\n\n<p>En los pr\u00f3ximos d\u00edas, la investigaci\u00f3n quedar\u00e1 bajo la \u00f3rbita del juez federal Ariel Lijo, quien deber\u00e1 decidir si mantiene la delegaci\u00f3n de la causa en la fiscal\u00eda o si asume directamente la conducci\u00f3n del expediente.<\/p>\n\n\n\n<p>Adem\u00e1s, deber\u00e1 cumplir con una orden de la C\u00e1mara Federal para analizar si los audios que originaron la denuncia fueron manipulados, lo que podr\u00eda impactar en la validez del proceso judicial.<\/p>\n","protected":false},"excerpt":{"rendered":"<p>La causa por presunta corrupci&oacute;n en la Agencia Nacional de Discapacidad (ANDIS) sum&oacute; nuevos elementos luego de la declaraci&oacute;n de un testigo de identidad reservada, cuyo testimonio result&oacute; clave para que la Justicia avance con procesamientos y profundice la investigaci&oacute;n sobre una posible red de fraude y lavado de dinero. El juez federal Sebasti&aacute;n Casanello &hellip; <\/p>\n","protected":false},"author":5,"featured_media":32360,"comment_status":"closed","ping_status":"closed","sticky":false,"template":"","format":"standard","meta":{"om_disable_all_campaigns":false,"_joinchat":[]},"categories":[3],"tags":[],"featured_image_urls":{"full":["https:\/\/infotep.com.ar\/wp-content\/uploads\/2026\/03\/720-2.webp",1280,720,false],"thumbnail":["https:\/\/infotep.com.ar\/wp-content\/uploads\/2026\/03\/720-2-150x150.webp",150,150,true],"medium":["https:\/\/infotep.com.ar\/wp-content\/uploads\/2026\/03\/720-2-300x169.webp",300,169,true],"medium_large":["https:\/\/infotep.com.ar\/wp-content\/uploads\/2026\/03\/720-2-768x432.webp",768,432,true],"large":["https:\/\/infotep.com.ar\/wp-content\/uploads\/2026\/03\/720-2-1024x576.webp",1020,574,true],"1536x1536":["https:\/\/infotep.com.ar\/wp-content\/uploads\/2026\/03\/720-2.webp",1280,720,false],"2048x2048":["https:\/\/infotep.com.ar\/wp-content\/uploads\/2026\/03\/720-2.webp",1280,720,false],"blossom-feminine-slider":["https:\/\/infotep.com.ar\/wp-content\/uploads\/2026\/03\/720-2-1280x649.webp",1280,649,true],"blossom-feminine-featured":["https:\/\/infotep.com.ar\/wp-content\/uploads\/2026\/03\/720-2-1280x600.webp",1280,600,true],"blossom-feminine-with-sidebar":["https:\/\/infotep.com.ar\/wp-content\/uploads\/2026\/03\/720-2-1020x600.webp",1020,600,true],"blossom-feminine-blog":["https:\/\/infotep.com.ar\/wp-content\/uploads\/2026\/03\/720-2-435x435.webp",435,435,true],"blossom-feminine-cat":["https:\/\/infotep.com.ar\/wp-content\/uploads\/2026\/03\/720-2-450x300.webp",450,300,true],"blossom-feminine-related":["https:\/\/infotep.com.ar\/wp-content\/uploads\/2026\/03\/720-2-320x200.webp",320,200,true],"blossom-feminine-schema":["https:\/\/infotep.com.ar\/wp-content\/uploads\/2026\/03\/720-2-107x60.webp",107,60,true],"blossom-mommy-blog-slider-big":["https:\/\/infotep.com.ar\/wp-content\/uploads\/2026\/03\/720-2-920x650.webp",920,650,true],"blossom-mommy-blog-slider":["https:\/\/infotep.com.ar\/wp-content\/uploads\/2026\/03\/720-2-460x310.webp",460,310,true],"blossom-mommy-blog-two":["https:\/\/infotep.com.ar\/wp-content\/uploads\/2026\/03\/720-2-768x480.webp",768,480,true]},"author_info":{"info":["Angela Tobar"]},"category_info":"<a href=\"https:\/\/infotep.com.ar\/index.php\/category\/nacionales\/\" rel=\"category tag\">Nacionales<\/a>","tag_info":"Nacionales","comment_count":"0","_links":{"self":[{"href":"https:\/\/infotep.com.ar\/index.php\/wp-json\/wp\/v2\/posts\/32359"}],"collection":[{"href":"https:\/\/infotep.com.ar\/index.php\/wp-json\/wp\/v2\/posts"}],"about":[{"href":"https:\/\/infotep.com.ar\/index.php\/wp-json\/wp\/v2\/types\/post"}],"author":[{"embeddable":true,"href":"https:\/\/infotep.com.ar\/index.php\/wp-json\/wp\/v2\/users\/5"}],"replies":[{"embeddable":true,"href":"https:\/\/infotep.com.ar\/index.php\/wp-json\/wp\/v2\/comments?post=32359"}],"version-history":[{"count":1,"href":"https:\/\/infotep.com.ar\/index.php\/wp-json\/wp\/v2\/posts\/32359\/revisions"}],"predecessor-version":[{"id":32361,"href":"https:\/\/infotep.com.ar\/index.php\/wp-json\/wp\/v2\/posts\/32359\/revisions\/32361"}],"wp:featuredmedia":[{"embeddable":true,"href":"https:\/\/infotep.com.ar\/index.php\/wp-json\/wp\/v2\/media\/32360"}],"wp:attachment":[{"href":"https:\/\/infotep.com.ar\/index.php\/wp-json\/wp\/v2\/media?parent=32359"}],"wp:term":[{"taxonomy":"category","embeddable":true,"href":"https:\/\/infotep.com.ar\/index.php\/wp-json\/wp\/v2\/categories?post=32359"},{"taxonomy":"post_tag","embeddable":true,"href":"https:\/\/infotep.com.ar\/index.php\/wp-json\/wp\/v2\/tags?post=32359"}],"curies":[{"name":"wp","href":"https:\/\/api.w.org\/{rel}","templated":true}]}}