{"id":32362,"date":"2026-03-10T17:29:21","date_gmt":"2026-03-10T20:29:21","guid":{"rendered":"https:\/\/infotep.com.ar\/?p=32362"},"modified":"2026-03-10T17:29:22","modified_gmt":"2026-03-10T20:29:22","slug":"moron-intervino-en-una-audiencia-por-el-conflicto-del-frigorifico-san-roque-y-busca-preservar-140-puestos-de-trabajo","status":"publish","type":"post","link":"https:\/\/infotep.com.ar\/index.php\/2026\/03\/10\/moron-intervino-en-una-audiencia-por-el-conflicto-del-frigorifico-san-roque-y-busca-preservar-140-puestos-de-trabajo\/","title":{"rendered":"Mor\u00f3n intervino en una audiencia por el conflicto del frigor\u00edfico San Roque y busca preservar 140 puestos de trabajo"},"content":{"rendered":"\n<p>Mor\u00f3n intervino en una audiencia por el conflicto del frigor\u00edfico San Roque y busca preservar 140 puestos de trabajo<\/p>\n\n\n\n<p>El Municipio de Mor\u00f3n particip\u00f3 de una audiencia en el Ministerio de Trabajo de la Provincia de Buenos Aires para intentar destrabar el conflicto que atraviesa el frigor\u00edfico Ganadera San Roque S.A., cuya crisis pone en riesgo m\u00e1s de 140 puestos de trabajo.<\/p>\n\n\n\n<p>Funcionarios del gobierno local asistieron al encuentro por instrucci\u00f3n del intendente Lucas Ghi con el objetivo de acercar posiciones entre la empresa y los trabajadores y encontrar una salida que permita sostener la actividad de la planta.<\/p>\n\n\n\n<p><strong>Preocupaci\u00f3n por el futuro de la empresa<\/strong><\/p>\n\n\n\n<p>El conflicto se profundiz\u00f3 luego de que la compa\u00f1\u00eda anunciara el cierre de su establecimiento, argumentando dificultades econ\u00f3micas vinculadas a los cambios en el mercado y la ca\u00edda del consumo.<\/p>\n\n\n\n<p>La situaci\u00f3n encendi\u00f3 una fuerte alarma en el distrito, ya que la empresa lleva m\u00e1s de 25 a\u00f1os de actividad en Mor\u00f3n y forma parte del entramado productivo local.<\/p>\n\n\n\n<p>Durante la audiencia convocada por la cartera laboral bonaerense, las partes analizaron alternativas para mantener operativa la planta y garantizar el pago de salarios, mientras contin\u00faan las negociaciones entre la firma y los representantes sindicales.<\/p>\n\n\n\n<p>Desde el municipio se\u00f1alaron que la prioridad es preservar las fuentes laborales y acompa\u00f1ar a las familias afectadas por el conflicto.<\/p>\n\n\n\n<p><strong>Una empresa con m\u00e1s de dos d\u00e9cadas en el distrito<\/strong><\/p>\n\n\n\n<p>Ganadera San Roque S.A. fue constituida formalmente en el a\u00f1o 2000 y se dedic\u00f3 a la faena de ganado y comercializaci\u00f3n de carne bovina, ovina y porcina, adem\u00e1s de otras actividades vinculadas al sector ganadero.<\/p>\n\n\n\n<p>Con el paso de los a\u00f1os, la firma se consolid\u00f3 como una empresa de escala media dentro de la cadena c\u00e1rnica del Gran Buenos Aires, con una red de proveedores, transportistas y comercios vinculados a su actividad.<\/p>\n\n\n\n<p>En distintos momentos lleg\u00f3 a emplear a m\u00e1s de 140 trabajadores y abasteci\u00f3 principalmente al mercado interno a trav\u00e9s de matarifes, carnicer\u00edas y distribuidores de la regi\u00f3n.<\/p>\n\n\n\n<p><strong>Cambios en la conducci\u00f3n y crisis reciente<\/strong><\/p>\n\n\n\n<p>La conducci\u00f3n de la empresa tuvo distintos cambios en los \u00faltimos a\u00f1os. Hasta 2021 la presidencia estuvo a cargo del empresario Eduardo Javier Iezzi, mientras que en 2025 asumi\u00f3 como titular Claudio Jes\u00fas Javier Lusqui\u00f1os.<\/p>\n\n\n\n<p>En 2026, la compa\u00f1\u00eda notific\u00f3 a sus trabajadores el cierre definitivo de la planta, al se\u00f1alar que la actividad se volvi\u00f3 \u201cinviable\u201d frente a las condiciones econ\u00f3micas actuales y la ca\u00edda del consumo.<\/p>\n\n\n\n<p>Ante este escenario, el Ministerio de Trabajo provincial convoc\u00f3 a las partes a una mesa de negociaci\u00f3n para intentar evitar despidos y encontrar una soluci\u00f3n que permita la continuidad de la empresa.<\/p>\n\n\n\n<p>Desde el gobierno local indicaron que continuar\u00e1n acompa\u00f1ando el proceso de di\u00e1logo institucional para evitar el cierre de la planta y proteger los puestos de trabajo.<\/p>\n","protected":false},"excerpt":{"rendered":"<p>Mor&oacute;n intervino en una audiencia por el conflicto del frigor&iacute;fico San Roque y busca preservar 140 puestos de trabajo El Municipio de Mor&oacute;n particip&oacute; de una audiencia en el Ministerio de Trabajo de la Provincia de Buenos Aires para intentar destrabar el conflicto que atraviesa el frigor&iacute;fico Ganadera San Roque S.A., cuya crisis pone en &hellip; <\/p>\n","protected":false},"author":5,"featured_media":32184,"comment_status":"closed","ping_status":"closed","sticky":false,"template":"","format":"standard","meta":{"om_disable_all_campaigns":false,"_joinchat":[]},"categories":[31,9],"tags":[],"featured_image_urls":{"full":["https:\/\/infotep.com.ar\/wp-content\/uploads\/2026\/03\/san-roque.jpg",696,392,false],"thumbnail":["https:\/\/infotep.com.ar\/wp-content\/uploads\/2026\/03\/san-roque-150x150.jpg",150,150,true],"medium":["https:\/\/infotep.com.ar\/wp-content\/uploads\/2026\/03\/san-roque-300x169.jpg",300,169,true],"medium_large":["https:\/\/infotep.com.ar\/wp-content\/uploads\/2026\/03\/san-roque.jpg",696,392,false],"large":["https:\/\/infotep.com.ar\/wp-content\/uploads\/2026\/03\/san-roque.jpg",696,392,false],"1536x1536":["https:\/\/infotep.com.ar\/wp-content\/uploads\/2026\/03\/san-roque.jpg",696,392,false],"2048x2048":["https:\/\/infotep.com.ar\/wp-content\/uploads\/2026\/03\/san-roque.jpg",696,392,false],"blossom-feminine-slider":["https:\/\/infotep.com.ar\/wp-content\/uploads\/2026\/03\/san-roque.jpg",696,392,false],"blossom-feminine-featured":["https:\/\/infotep.com.ar\/wp-content\/uploads\/2026\/03\/san-roque.jpg",696,392,false],"blossom-feminine-with-sidebar":["https:\/\/infotep.com.ar\/wp-content\/uploads\/2026\/03\/san-roque.jpg",696,392,false],"blossom-feminine-blog":["https:\/\/infotep.com.ar\/wp-content\/uploads\/2026\/03\/san-roque-435x392.jpg",435,392,true],"blossom-feminine-cat":["https:\/\/infotep.com.ar\/wp-content\/uploads\/2026\/03\/san-roque-450x300.jpg",450,300,true],"blossom-feminine-related":["https:\/\/infotep.com.ar\/wp-content\/uploads\/2026\/03\/san-roque-320x200.jpg",320,200,true],"blossom-feminine-schema":["https:\/\/infotep.com.ar\/wp-content\/uploads\/2026\/03\/san-roque-107x60.jpg",107,60,true],"blossom-mommy-blog-slider-big":["https:\/\/infotep.com.ar\/wp-content\/uploads\/2026\/03\/san-roque.jpg",696,392,false],"blossom-mommy-blog-slider":["https:\/\/infotep.com.ar\/wp-content\/uploads\/2026\/03\/san-roque-460x310.jpg",460,310,true],"blossom-mommy-blog-two":["https:\/\/infotep.com.ar\/wp-content\/uploads\/2026\/03\/san-roque.jpg",696,392,false]},"author_info":{"info":["Angela Tobar"]},"category_info":"<a href=\"https:\/\/infotep.com.ar\/index.php\/category\/destacadas\/\" rel=\"category tag\">Destacadas<\/a> <a href=\"https:\/\/infotep.com.ar\/index.php\/category\/municipales\/moron\/\" rel=\"category tag\">Mor\u00f3n<\/a>","tag_info":"Mor\u00f3n","comment_count":"0","_links":{"self":[{"href":"https:\/\/infotep.com.ar\/index.php\/wp-json\/wp\/v2\/posts\/32362"}],"collection":[{"href":"https:\/\/infotep.com.ar\/index.php\/wp-json\/wp\/v2\/posts"}],"about":[{"href":"https:\/\/infotep.com.ar\/index.php\/wp-json\/wp\/v2\/types\/post"}],"author":[{"embeddable":true,"href":"https:\/\/infotep.com.ar\/index.php\/wp-json\/wp\/v2\/users\/5"}],"replies":[{"embeddable":true,"href":"https:\/\/infotep.com.ar\/index.php\/wp-json\/wp\/v2\/comments?post=32362"}],"version-history":[{"count":1,"href":"https:\/\/infotep.com.ar\/index.php\/wp-json\/wp\/v2\/posts\/32362\/revisions"}],"predecessor-version":[{"id":32364,"href":"https:\/\/infotep.com.ar\/index.php\/wp-json\/wp\/v2\/posts\/32362\/revisions\/32364"}],"wp:featuredmedia":[{"embeddable":true,"href":"https:\/\/infotep.com.ar\/index.php\/wp-json\/wp\/v2\/media\/32184"}],"wp:attachment":[{"href":"https:\/\/infotep.com.ar\/index.php\/wp-json\/wp\/v2\/media?parent=32362"}],"wp:term":[{"taxonomy":"category","embeddable":true,"href":"https:\/\/infotep.com.ar\/index.php\/wp-json\/wp\/v2\/categories?post=32362"},{"taxonomy":"post_tag","embeddable":true,"href":"https:\/\/infotep.com.ar\/index.php\/wp-json\/wp\/v2\/tags?post=32362"}],"curies":[{"name":"wp","href":"https:\/\/api.w.org\/{rel}","templated":true}]}}