{"id":32368,"date":"2026-03-10T17:46:34","date_gmt":"2026-03-10T20:46:34","guid":{"rendered":"https:\/\/infotep.com.ar\/?p=32368"},"modified":"2026-03-10T17:46:35","modified_gmt":"2026-03-10T20:46:35","slug":"inversion-educativa-en-moreno-obras-completadas-en-la-escuela-secundaria-n7","status":"publish","type":"post","link":"https:\/\/infotep.com.ar\/index.php\/2026\/03\/10\/inversion-educativa-en-moreno-obras-completadas-en-la-escuela-secundaria-n7\/","title":{"rendered":"Inversi\u00f3n educativa en Moreno: obras completadas en la Escuela Secundaria N\u00b07"},"content":{"rendered":"\n<p>La intendenta del Municipio de Moreno, Mariel Fern\u00e1ndez, inaugur\u00f3 este martes las obras de la Escuela Secundaria N\u00b07, que incluyeron la recuperaci\u00f3n de siete aulas, la construcci\u00f3n de una nueva cocina y mejoras en distintos espacios de servicio del establecimiento, financiadas a trav\u00e9s del Fondo de Financiamiento Educativo.<\/p>\n\n\n\n<p>Fern\u00e1ndez estuvo acompa\u00f1ada por la directora del colegio, docentes, auxiliares, estudiantes y sus familias, destacando que la inversi\u00f3n estatal en educaci\u00f3n \u201ces invertir en el futuro y en la formaci\u00f3n de buenas personas, para construir una Patria mejor\u201d.<\/p>\n\n\n\n<p><strong>Obras que mejoran la infraestructura y la seguridad<\/strong><\/p>\n\n\n\n<p>Las tareas realizadas incluyeron:<\/p>\n\n\n\n<p>Renovaci\u00f3n estructural del ala intervenida con hormig\u00f3n armado y mamposter\u00eda de ladrillo hueco.<\/p>\n\n\n\n<p>Colocaci\u00f3n de nuevos pisos y cielorrasos, adem\u00e1s de pintura interior y exterior.<\/p>\n\n\n\n<p>Reemplazo de puertas y ventanas con vidrio laminado de seguridad.<\/p>\n\n\n\n<p>Instalaci\u00f3n de equipos de aire acondicionado fr\u00edo-calor en las aulas.<\/p>\n\n\n\n<p>Mejoras en la cubierta del edificio con membrana impermeabilizante.<\/p>\n\n\n\n<p>Renovaci\u00f3n de instalaciones de gas, agua y electricidad.<\/p>\n\n\n\n<p>Ampliaci\u00f3n y equipamiento completo de la cocina escolar, con mesadas de granito y conexiones de agua fr\u00eda y caliente.<\/p>\n\n\n\n<p>Recuperaci\u00f3n de un espacio verde frente a la escuela, anteriormente usado como basural.<\/p>\n\n\n\n<p>Estas intervenciones permiten garantizar seguridad, mejorar las condiciones de cursada y optimizar el funcionamiento del establecimiento, que ofrece clases en los turnos ma\u00f1ana, tarde y noche para estudiantes que tambi\u00e9n trabajan durante el d\u00eda.<\/p>\n\n\n\n<p><strong>Continuidad del proyecto<\/strong><\/p>\n\n\n\n<p>El plan de remodelaci\u00f3n contempla una tercera etapa que incluir\u00e1 la construcci\u00f3n de nuevas aulas para ampliar la capacidad del colegio. Cabe recordar que el Municipio hab\u00eda intervenido anteriormente con el cerramiento perimetral y rejas de seguridad, y que a pesar de dificultades econ\u00f3micas y rescisi\u00f3n de contratos, decidi\u00f3 continuar con la obra para garantizar la mejora edilicia.<\/p>\n\n\n\n<p><em><strong>Participaci\u00f3n institucional<\/strong><\/em><\/p>\n\n\n\n<p>Durante la inauguraci\u00f3n estuvieron presentes:<\/p>\n\n\n\n<p>Karina Ram\u00edrez, jefa distrital de Educaci\u00f3n<\/p>\n\n\n\n<p>Cynthia Mu\u00f1oz, secretaria municipal de Educaci\u00f3n, Cultura y Deportes<\/p>\n\n\n\n<p>Emmanuel Fern\u00e1ndez, presidente del Honorable Concejo Deliberante<\/p>\n\n\n\n<p>Autoridades municipales, veteranos de Malvinas y consejeras escolares<\/p>\n\n\n\n<p>Con esta iniciativa, Moreno reafirma su compromiso con la inversi\u00f3n educativa, la seguridad y la calidad de la ense\u00f1anza, asegurando espacios dignos para todos los estudiantes del distrito.<\/p>\n","protected":false},"excerpt":{"rendered":"<p>La intendenta del Municipio de Moreno, Mariel Fern&aacute;ndez, inaugur&oacute; este martes las obras de la Escuela Secundaria N&deg;7, que incluyeron la recuperaci&oacute;n de siete aulas, la construcci&oacute;n de una nueva cocina y mejoras en distintos espacios de servicio del establecimiento, financiadas a trav&eacute;s del Fondo de Financiamiento Educativo. Fern&aacute;ndez estuvo acompa&ntilde;ada por la directora del &hellip; <\/p>\n","protected":false},"author":5,"featured_media":32369,"comment_status":"closed","ping_status":"closed","sticky":false,"template":"","format":"standard","meta":{"om_disable_all_campaigns":false,"_joinchat":[]},"categories":[85],"tags":[],"featured_image_urls":{"full":["https:\/\/infotep.com.ar\/wp-content\/uploads\/2026\/03\/03-scaled.jpg",2560,1707,false],"thumbnail":["https:\/\/infotep.com.ar\/wp-content\/uploads\/2026\/03\/03-150x150.jpg",150,150,true],"medium":["https:\/\/infotep.com.ar\/wp-content\/uploads\/2026\/03\/03-300x200.jpg",300,200,true],"medium_large":["https:\/\/infotep.com.ar\/wp-content\/uploads\/2026\/03\/03-768x512.jpg",768,512,true],"large":["https:\/\/infotep.com.ar\/wp-content\/uploads\/2026\/03\/03-1024x683.jpg",1020,680,true],"1536x1536":["https:\/\/infotep.com.ar\/wp-content\/uploads\/2026\/03\/03-1536x1024.jpg",1536,1024,true],"2048x2048":["https:\/\/infotep.com.ar\/wp-content\/uploads\/2026\/03\/03-2048x1366.jpg",2048,1366,true],"blossom-feminine-slider":["https:\/\/infotep.com.ar\/wp-content\/uploads\/2026\/03\/03-1920x649.jpg",1920,649,true],"blossom-feminine-featured":["https:\/\/infotep.com.ar\/wp-content\/uploads\/2026\/03\/03-1410x600.jpg",1410,600,true],"blossom-feminine-with-sidebar":["https:\/\/infotep.com.ar\/wp-content\/uploads\/2026\/03\/03-1020x600.jpg",1020,600,true],"blossom-feminine-blog":["https:\/\/infotep.com.ar\/wp-content\/uploads\/2026\/03\/03-435x435.jpg",435,435,true],"blossom-feminine-cat":["https:\/\/infotep.com.ar\/wp-content\/uploads\/2026\/03\/03-450x300.jpg",450,300,true],"blossom-feminine-related":["https:\/\/infotep.com.ar\/wp-content\/uploads\/2026\/03\/03-320x200.jpg",320,200,true],"blossom-feminine-schema":["https:\/\/infotep.com.ar\/wp-content\/uploads\/2026\/03\/03-90x60.jpg",90,60,true],"blossom-mommy-blog-slider-big":["https:\/\/infotep.com.ar\/wp-content\/uploads\/2026\/03\/03-920x650.jpg",920,650,true],"blossom-mommy-blog-slider":["https:\/\/infotep.com.ar\/wp-content\/uploads\/2026\/03\/03-460x310.jpg",460,310,true],"blossom-mommy-blog-two":["https:\/\/infotep.com.ar\/wp-content\/uploads\/2026\/03\/03-768x480.jpg",768,480,true]},"author_info":{"info":["Angela Tobar"]},"category_info":"<a href=\"https:\/\/infotep.com.ar\/index.php\/category\/municipales\/moreno\/\" rel=\"category tag\">Moreno<\/a>","tag_info":"Moreno","comment_count":"0","_links":{"self":[{"href":"https:\/\/infotep.com.ar\/index.php\/wp-json\/wp\/v2\/posts\/32368"}],"collection":[{"href":"https:\/\/infotep.com.ar\/index.php\/wp-json\/wp\/v2\/posts"}],"about":[{"href":"https:\/\/infotep.com.ar\/index.php\/wp-json\/wp\/v2\/types\/post"}],"author":[{"embeddable":true,"href":"https:\/\/infotep.com.ar\/index.php\/wp-json\/wp\/v2\/users\/5"}],"replies":[{"embeddable":true,"href":"https:\/\/infotep.com.ar\/index.php\/wp-json\/wp\/v2\/comments?post=32368"}],"version-history":[{"count":1,"href":"https:\/\/infotep.com.ar\/index.php\/wp-json\/wp\/v2\/posts\/32368\/revisions"}],"predecessor-version":[{"id":32370,"href":"https:\/\/infotep.com.ar\/index.php\/wp-json\/wp\/v2\/posts\/32368\/revisions\/32370"}],"wp:featuredmedia":[{"embeddable":true,"href":"https:\/\/infotep.com.ar\/index.php\/wp-json\/wp\/v2\/media\/32369"}],"wp:attachment":[{"href":"https:\/\/infotep.com.ar\/index.php\/wp-json\/wp\/v2\/media?parent=32368"}],"wp:term":[{"taxonomy":"category","embeddable":true,"href":"https:\/\/infotep.com.ar\/index.php\/wp-json\/wp\/v2\/categories?post=32368"},{"taxonomy":"post_tag","embeddable":true,"href":"https:\/\/infotep.com.ar\/index.php\/wp-json\/wp\/v2\/tags?post=32368"}],"curies":[{"name":"wp","href":"https:\/\/api.w.org\/{rel}","templated":true}]}}