{"id":32381,"date":"2026-03-10T06:07:00","date_gmt":"2026-03-10T09:07:00","guid":{"rendered":"https:\/\/infotep.com.ar\/?p=32381"},"modified":"2026-03-10T18:08:04","modified_gmt":"2026-03-10T21:08:04","slug":"desde-seoca-ledesma-advierte-no-vamos-a-abandonar-ninguna-lucha-por-los-trabajadores","status":"publish","type":"post","link":"https:\/\/infotep.com.ar\/index.php\/2026\/03\/10\/desde-seoca-ledesma-advierte-no-vamos-a-abandonar-ninguna-lucha-por-los-trabajadores\/","title":{"rendered":"Desde Seoca Ledesma advierte: \u201cNo vamos a abandonar ninguna lucha por los trabajadores\u201d"},"content":{"rendered":"\n<p>El Sindicato de Empleados, Obreros de Comercio y Afines (SEOCA) respald\u00f3 el pedido de amparo de la CGT contra la Reforma Laboral, considerando que viola el art\u00edculo 14 Bis de la Constituci\u00f3n y ataca derechos fundamentales de los trabajadores.<\/p>\n\n\n\n<p>Julio Rub\u00e9n Ledesma, secretario general de la zona oeste, se\u00f1al\u00f3 que, aunque la v\u00eda judicial es un paso necesario, la defensa de los derechos laborales requiere medidas m\u00e1s contundentes, como un paro total e indefinido.<\/p>\n\n\n\n<p>\u201cLos trabajadores no abandonamos nuestras luchas. La \u00fanica que se pierde es la que se deja de dar\u201d, afirm\u00f3 Ledesma, criticando la traici\u00f3n de legisladores y dirigentes que acordaron a escondidas, sin proteger a los trabajadores.<\/p>\n\n\n\n<p>El dirigente subray\u00f3 que \u201cno es justo que los trabajadores y sus instituciones sean atacados mientras el gobierno sigue avanzando con medidas que nos perjudican\u201d y plante\u00f3 que es hora de responder con la misma vehemencia que nos atacan desde el Ejecutivo.<\/p>\n\n\n\n<p>En relaci\u00f3n al discurso del presidente Javier Milei, Ledesma lo calific\u00f3 como \u201cun ataque burdo a la democracia y al Poder Legislativo, nunca visto antes, que busc\u00f3 desviar la atenci\u00f3n de sus errores y debilitar a la oposici\u00f3n\u201d.<\/p>\n\n\n\n<p>SEOCA y los sindicatos aliados sostienen que la defensa de los derechos laborales y de la Constituci\u00f3n sigue siendo una prioridad, manteniendo la alerta y preparando acciones de protesta ante cualquier intento de vulnerar los derechos de los trabajadores.<\/p>\n","protected":false},"excerpt":{"rendered":"<p>El Sindicato de Empleados, Obreros de Comercio y Afines (SEOCA) respald&oacute; el pedido de amparo de la CGT contra la Reforma Laboral, considerando que viola el art&iacute;culo 14 Bis de la Constituci&oacute;n y ataca derechos fundamentales de los trabajadores. Julio Rub&eacute;n Ledesma, secretario general de la zona oeste, se&ntilde;al&oacute; que, aunque la v&iacute;a judicial es &hellip; <\/p>\n","protected":false},"author":5,"featured_media":32382,"comment_status":"closed","ping_status":"closed","sticky":false,"template":"","format":"standard","meta":{"om_disable_all_campaigns":false,"_joinchat":[]},"categories":[7],"tags":[],"featured_image_urls":{"full":["https:\/\/infotep.com.ar\/wp-content\/uploads\/2026\/03\/movi-5.jpeg",1600,1066,false],"thumbnail":["https:\/\/infotep.com.ar\/wp-content\/uploads\/2026\/03\/movi-5-150x150.jpeg",150,150,true],"medium":["https:\/\/infotep.com.ar\/wp-content\/uploads\/2026\/03\/movi-5-300x200.jpeg",300,200,true],"medium_large":["https:\/\/infotep.com.ar\/wp-content\/uploads\/2026\/03\/movi-5-768x512.jpeg",768,512,true],"large":["https:\/\/infotep.com.ar\/wp-content\/uploads\/2026\/03\/movi-5-1024x682.jpeg",1020,679,true],"1536x1536":["https:\/\/infotep.com.ar\/wp-content\/uploads\/2026\/03\/movi-5-1536x1023.jpeg",1536,1023,true],"2048x2048":["https:\/\/infotep.com.ar\/wp-content\/uploads\/2026\/03\/movi-5.jpeg",1600,1066,false],"blossom-feminine-slider":["https:\/\/infotep.com.ar\/wp-content\/uploads\/2026\/03\/movi-5-1600x649.jpeg",1600,649,true],"blossom-feminine-featured":["https:\/\/infotep.com.ar\/wp-content\/uploads\/2026\/03\/movi-5-1410x600.jpeg",1410,600,true],"blossom-feminine-with-sidebar":["https:\/\/infotep.com.ar\/wp-content\/uploads\/2026\/03\/movi-5-1020x600.jpeg",1020,600,true],"blossom-feminine-blog":["https:\/\/infotep.com.ar\/wp-content\/uploads\/2026\/03\/movi-5-435x435.jpeg",435,435,true],"blossom-feminine-cat":["https:\/\/infotep.com.ar\/wp-content\/uploads\/2026\/03\/movi-5-450x300.jpeg",450,300,true],"blossom-feminine-related":["https:\/\/infotep.com.ar\/wp-content\/uploads\/2026\/03\/movi-5-320x200.jpeg",320,200,true],"blossom-feminine-schema":["https:\/\/infotep.com.ar\/wp-content\/uploads\/2026\/03\/movi-5-90x60.jpeg",90,60,true],"blossom-mommy-blog-slider-big":["https:\/\/infotep.com.ar\/wp-content\/uploads\/2026\/03\/movi-5-920x650.jpeg",920,650,true],"blossom-mommy-blog-slider":["https:\/\/infotep.com.ar\/wp-content\/uploads\/2026\/03\/movi-5-460x310.jpeg",460,310,true],"blossom-mommy-blog-two":["https:\/\/infotep.com.ar\/wp-content\/uploads\/2026\/03\/movi-5-768x480.jpeg",768,480,true]},"author_info":{"info":["Angela Tobar"]},"category_info":"<a href=\"https:\/\/infotep.com.ar\/index.php\/category\/gremios\/\" rel=\"category tag\">Gremios<\/a>","tag_info":"Gremios","comment_count":"0","_links":{"self":[{"href":"https:\/\/infotep.com.ar\/index.php\/wp-json\/wp\/v2\/posts\/32381"}],"collection":[{"href":"https:\/\/infotep.com.ar\/index.php\/wp-json\/wp\/v2\/posts"}],"about":[{"href":"https:\/\/infotep.com.ar\/index.php\/wp-json\/wp\/v2\/types\/post"}],"author":[{"embeddable":true,"href":"https:\/\/infotep.com.ar\/index.php\/wp-json\/wp\/v2\/users\/5"}],"replies":[{"embeddable":true,"href":"https:\/\/infotep.com.ar\/index.php\/wp-json\/wp\/v2\/comments?post=32381"}],"version-history":[{"count":1,"href":"https:\/\/infotep.com.ar\/index.php\/wp-json\/wp\/v2\/posts\/32381\/revisions"}],"predecessor-version":[{"id":32383,"href":"https:\/\/infotep.com.ar\/index.php\/wp-json\/wp\/v2\/posts\/32381\/revisions\/32383"}],"wp:featuredmedia":[{"embeddable":true,"href":"https:\/\/infotep.com.ar\/index.php\/wp-json\/wp\/v2\/media\/32382"}],"wp:attachment":[{"href":"https:\/\/infotep.com.ar\/index.php\/wp-json\/wp\/v2\/media?parent=32381"}],"wp:term":[{"taxonomy":"category","embeddable":true,"href":"https:\/\/infotep.com.ar\/index.php\/wp-json\/wp\/v2\/categories?post=32381"},{"taxonomy":"post_tag","embeddable":true,"href":"https:\/\/infotep.com.ar\/index.php\/wp-json\/wp\/v2\/tags?post=32381"}],"curies":[{"name":"wp","href":"https:\/\/api.w.org\/{rel}","templated":true}]}}