{"id":32395,"date":"2026-03-11T14:04:23","date_gmt":"2026-03-11T17:04:23","guid":{"rendered":"https:\/\/infotep.com.ar\/?p=32395"},"modified":"2026-03-11T14:04:23","modified_gmt":"2026-03-11T17:04:23","slug":"menendez-abrio-sesiones-en-merlo-y-cruzo-al-ajuste-de-milei-las-obras-no-las-recorta-ninguna-motosierra","status":"publish","type":"post","link":"https:\/\/infotep.com.ar\/index.php\/2026\/03\/11\/menendez-abrio-sesiones-en-merlo-y-cruzo-al-ajuste-de-milei-las-obras-no-las-recorta-ninguna-motosierra\/","title":{"rendered":"Men\u00e9ndez abri\u00f3 sesiones en Merlo y cruz\u00f3 al ajuste de Milei: \u201cLas obras no las recorta ninguna motosierra\u201d"},"content":{"rendered":"\n<p>El intendente de Gustavo Men\u00e9ndez encabez\u00f3 la apertura del per\u00edodo de sesiones ordinarias 2026 del Honorable Concejo Deliberante de Merlo, donde repas\u00f3 los avances de la gesti\u00f3n municipal, anunci\u00f3 nuevos proyectos y lanz\u00f3 cr\u00edticas al rumbo econ\u00f3mico del gobierno de Javier Milei.<\/p>\n\n\n\n<p>Durante la jornada tambi\u00e9n asumi\u00f3 la presidencia del cuerpo legislativo la concejala Karina Men\u00e9ndez, quien estar\u00e1 al frente del HCD durante el nuevo per\u00edodo parlamentario.<\/p>\n\n\n\n<p>En su discurso, el jefe comunal se refiri\u00f3 al complejo escenario econ\u00f3mico que atraviesan los municipios en medio del ajuste impulsado desde la Casa Rosada. \u201cFrente a la crisis econ\u00f3mica que golpea la puerta de cada familia y tambi\u00e9n la de este municipio, en Merlo no nos quedamos esperando que las soluciones caigan del cielo\u201d, sostuvo Men\u00e9ndez.<\/p>\n\n\n\n<p>En esa l\u00ednea, remarc\u00f3 que las obras p\u00fablicas impulsadas desde el municipio continuar\u00e1n a pesar del recorte de recursos nacionales. \u201cLas obras que son responsabilidad del municipio no las recorta ninguna motosierra\u201d, afirm\u00f3, en una clara alusi\u00f3n a la pol\u00edtica de ajuste del gobierno nacional.<\/p>\n\n\n\n<p>El intendente tambi\u00e9n destac\u00f3 el rol social del Estado local frente al impacto del modelo econ\u00f3mico de la administraci\u00f3n libertaria, que viene reduciendo programas y financiamiento para distritos del conurbano. Seg\u00fan explic\u00f3, el municipio seguir\u00e1 fortaleciendo pol\u00edticas en \u00e1reas clave como educaci\u00f3n, salud y desarrollo comunitario.<\/p>\n\n\n\n<p>\u201cNuestra prioridad es el barrio. Por eso tomamos la decisi\u00f3n pol\u00edtica de sostener el ritmo de las obras con recursos propios. La plata de los impuestos de los merlenses vuelve a la calle en forma de soluciones concretas\u201d, afirm\u00f3 Men\u00e9ndez, al tiempo que record\u00f3 que ese enfoque forma parte del proyecto municipal desde el inicio de su gesti\u00f3n en 2015.<\/p>\n\n\n\n<p>Entre los avances del \u00faltimo a\u00f1o, el intendente detall\u00f3 que el municipio recuper\u00f3 pavimentos de hormig\u00f3n y asfalt\u00f3 m\u00e1s de 100 cuadras con financiamiento propio. Tambi\u00e9n mencion\u00f3 tareas de mantenimiento en los accesos al distrito, limpieza de arroyos y la continuidad de servicios esenciales como recolecci\u00f3n de residuos y poda.<\/p>\n\n\n\n<p>Asimismo, resalt\u00f3 algunas obras que se desarrollan junto al gobierno de la Provincia de Buenos Aires, entre ellas la puesta en valor de San Antonio de Padua, trabajos hidr\u00e1ulicos en el arroyo Granaderos, el pavimento y obra hidr\u00e1ulica de Hortiguera, la repavimentaci\u00f3n de la avenida Padre Mugica y el ensanche de las rutas 40 y 1003.<\/p>\n\n\n\n<p>Finalmente, Men\u00e9ndez asegur\u00f3 que la gesti\u00f3n municipal buscar\u00e1 sostener el funcionamiento del Estado local pese a la crisis econ\u00f3mica nacional. \u201cAdministrar con transparencia y eficiencia es nuestra forma de defender la autonom\u00eda municipal y garantizar que, aun en un contexto adverso, el motor de nuestra gesti\u00f3n no se detenga\u201d, concluy\u00f3.<\/p>\n","protected":false},"excerpt":{"rendered":"<p>El intendente de Gustavo Men&eacute;ndez encabez&oacute; la apertura del per&iacute;odo de sesiones ordinarias 2026 del Honorable Concejo Deliberante de Merlo, donde repas&oacute; los avances de la gesti&oacute;n municipal, anunci&oacute; nuevos proyectos y lanz&oacute; cr&iacute;ticas al rumbo econ&oacute;mico del gobierno de Javier Milei. Durante la jornada tambi&eacute;n asumi&oacute; la presidencia del cuerpo legislativo la concejala Karina &hellip; <\/p>\n","protected":false},"author":5,"featured_media":32396,"comment_status":"closed","ping_status":"closed","sticky":false,"template":"","format":"standard","meta":{"om_disable_all_campaigns":false,"_joinchat":[]},"categories":[31,10],"tags":[],"featured_image_urls":{"full":["https:\/\/infotep.com.ar\/wp-content\/uploads\/2026\/03\/Apertura-de-Sesiones-HCD-Merlo-Menendez-4.jpg",1116,750,false],"thumbnail":["https:\/\/infotep.com.ar\/wp-content\/uploads\/2026\/03\/Apertura-de-Sesiones-HCD-Merlo-Menendez-4-150x150.jpg",150,150,true],"medium":["https:\/\/infotep.com.ar\/wp-content\/uploads\/2026\/03\/Apertura-de-Sesiones-HCD-Merlo-Menendez-4-300x202.jpg",300,202,true],"medium_large":["https:\/\/infotep.com.ar\/wp-content\/uploads\/2026\/03\/Apertura-de-Sesiones-HCD-Merlo-Menendez-4-768x516.jpg",768,516,true],"large":["https:\/\/infotep.com.ar\/wp-content\/uploads\/2026\/03\/Apertura-de-Sesiones-HCD-Merlo-Menendez-4-1024x688.jpg",1020,685,true],"1536x1536":["https:\/\/infotep.com.ar\/wp-content\/uploads\/2026\/03\/Apertura-de-Sesiones-HCD-Merlo-Menendez-4.jpg",1116,750,false],"2048x2048":["https:\/\/infotep.com.ar\/wp-content\/uploads\/2026\/03\/Apertura-de-Sesiones-HCD-Merlo-Menendez-4.jpg",1116,750,false],"blossom-feminine-slider":["https:\/\/infotep.com.ar\/wp-content\/uploads\/2026\/03\/Apertura-de-Sesiones-HCD-Merlo-Menendez-4-1116x649.jpg",1116,649,true],"blossom-feminine-featured":["https:\/\/infotep.com.ar\/wp-content\/uploads\/2026\/03\/Apertura-de-Sesiones-HCD-Merlo-Menendez-4-1116x600.jpg",1116,600,true],"blossom-feminine-with-sidebar":["https:\/\/infotep.com.ar\/wp-content\/uploads\/2026\/03\/Apertura-de-Sesiones-HCD-Merlo-Menendez-4-1020x600.jpg",1020,600,true],"blossom-feminine-blog":["https:\/\/infotep.com.ar\/wp-content\/uploads\/2026\/03\/Apertura-de-Sesiones-HCD-Merlo-Menendez-4-435x435.jpg",435,435,true],"blossom-feminine-cat":["https:\/\/infotep.com.ar\/wp-content\/uploads\/2026\/03\/Apertura-de-Sesiones-HCD-Merlo-Menendez-4-450x300.jpg",450,300,true],"blossom-feminine-related":["https:\/\/infotep.com.ar\/wp-content\/uploads\/2026\/03\/Apertura-de-Sesiones-HCD-Merlo-Menendez-4-320x200.jpg",320,200,true],"blossom-feminine-schema":["https:\/\/infotep.com.ar\/wp-content\/uploads\/2026\/03\/Apertura-de-Sesiones-HCD-Merlo-Menendez-4-89x60.jpg",89,60,true],"blossom-mommy-blog-slider-big":["https:\/\/infotep.com.ar\/wp-content\/uploads\/2026\/03\/Apertura-de-Sesiones-HCD-Merlo-Menendez-4-920x650.jpg",920,650,true],"blossom-mommy-blog-slider":["https:\/\/infotep.com.ar\/wp-content\/uploads\/2026\/03\/Apertura-de-Sesiones-HCD-Merlo-Menendez-4-460x310.jpg",460,310,true],"blossom-mommy-blog-two":["https:\/\/infotep.com.ar\/wp-content\/uploads\/2026\/03\/Apertura-de-Sesiones-HCD-Merlo-Menendez-4-768x480.jpg",768,480,true]},"author_info":{"info":["Angela Tobar"]},"category_info":"<a href=\"https:\/\/infotep.com.ar\/index.php\/category\/destacadas\/\" rel=\"category tag\">Destacadas<\/a> <a href=\"https:\/\/infotep.com.ar\/index.php\/category\/municipales\/merlo\/\" rel=\"category tag\">Merlo<\/a>","tag_info":"Merlo","comment_count":"0","_links":{"self":[{"href":"https:\/\/infotep.com.ar\/index.php\/wp-json\/wp\/v2\/posts\/32395"}],"collection":[{"href":"https:\/\/infotep.com.ar\/index.php\/wp-json\/wp\/v2\/posts"}],"about":[{"href":"https:\/\/infotep.com.ar\/index.php\/wp-json\/wp\/v2\/types\/post"}],"author":[{"embeddable":true,"href":"https:\/\/infotep.com.ar\/index.php\/wp-json\/wp\/v2\/users\/5"}],"replies":[{"embeddable":true,"href":"https:\/\/infotep.com.ar\/index.php\/wp-json\/wp\/v2\/comments?post=32395"}],"version-history":[{"count":1,"href":"https:\/\/infotep.com.ar\/index.php\/wp-json\/wp\/v2\/posts\/32395\/revisions"}],"predecessor-version":[{"id":32397,"href":"https:\/\/infotep.com.ar\/index.php\/wp-json\/wp\/v2\/posts\/32395\/revisions\/32397"}],"wp:featuredmedia":[{"embeddable":true,"href":"https:\/\/infotep.com.ar\/index.php\/wp-json\/wp\/v2\/media\/32396"}],"wp:attachment":[{"href":"https:\/\/infotep.com.ar\/index.php\/wp-json\/wp\/v2\/media?parent=32395"}],"wp:term":[{"taxonomy":"category","embeddable":true,"href":"https:\/\/infotep.com.ar\/index.php\/wp-json\/wp\/v2\/categories?post=32395"},{"taxonomy":"post_tag","embeddable":true,"href":"https:\/\/infotep.com.ar\/index.php\/wp-json\/wp\/v2\/tags?post=32395"}],"curies":[{"name":"wp","href":"https:\/\/api.w.org\/{rel}","templated":true}]}}