{"id":32427,"date":"2026-03-11T14:46:35","date_gmt":"2026-03-11T17:46:35","guid":{"rendered":"https:\/\/infotep.com.ar\/?p=32427"},"modified":"2026-03-11T14:46:35","modified_gmt":"2026-03-11T17:46:35","slug":"kicillof-apuesta-a-educacion-y-seguridad-con-nueva-escuela-y-patrulleros-en-general-rodriguez","status":"publish","type":"post","link":"https:\/\/infotep.com.ar\/index.php\/2026\/03\/11\/kicillof-apuesta-a-educacion-y-seguridad-con-nueva-escuela-y-patrulleros-en-general-rodriguez\/","title":{"rendered":"Kicillof apuesta a educaci\u00f3n y seguridad con nueva escuela y patrulleros en General Rodr\u00edguez"},"content":{"rendered":"\n<p>El gobernador de la Buenos Aires, Axel Kicillof, encabez\u00f3 este mi\u00e9rcoles la inauguraci\u00f3n de la Escuela Primaria N\u00b025 en el barrio G\u00fcemes, municipio de General Rodr\u00edguez, acompa\u00f1ado por la directora general de Cultura y Educaci\u00f3n, Flavia Terigi, y el intendente local, Mauro Garc\u00eda.<\/p>\n\n\n\n<p>La nueva escuela, ubicada en el Polo Educativo del barrio G\u00fcemes, contar\u00e1 con 12 aulas, biblioteca, sala de pl\u00e1stica, SUM y patio, y funcionar\u00e1 en doble jornada, evitando que muchas familias tengan que trasladar a sus hijos a instituciones alejadas. La obra fue financiada con $4.188 millones del Banco de Desarrollo de Am\u00e9rica Latina y el Caribe (CAF).<\/p>\n\n\n\n<p>\u201cCuando en un municipio como General Rodr\u00edguez crece la poblaci\u00f3n, los vecinos necesitan m\u00e1s y mejor infraestructura para concretar sus proyectos y so\u00f1ar con un futuro mejor\u201d, afirm\u00f3 Kicillof. Y agreg\u00f3: \u201cA diferencia de lo que piensa el Gobierno nacional, en la provincia estamos convencidos de que el acceso a la educaci\u00f3n y a la seguridad son derechos que deben ser garantizados por el Estado\u201d.<\/p>\n\n\n\n<p>Por su parte, Terigi destac\u00f3 que el nuevo edificio refleja el compromiso de la provincia con la inclusi\u00f3n: \u201cQueremos que las escuelas bonaerenses contribuyan a un pa\u00eds que incluya a todos y todas, y para eso es necesario un Estado presente y cerca de la gente\u201d.<\/p>\n\n\n\n<p>El intendente Garc\u00eda subray\u00f3 que la escuela no solo es un espacio educativo, sino tambi\u00e9n un lugar de construcci\u00f3n de comunidad y futuro, contraponi\u00e9ndose al discurso del individualismo.<\/p>\n\n\n\n<p>Durante la jornada, el gobernador y el ministro de Seguridad, Javier Alonso, entregaron 8 motos y 7 patrulleros para reforzar la prevenci\u00f3n del delito en distintos barrios del distrito. Adem\u00e1s, recorrieron la obra de ampliaci\u00f3n y remodelaci\u00f3n del Destacamento G\u00fcemes, sede de la Fuerza Barrial de Aproximaci\u00f3n, que se suma como la n\u00famero 31 en la provincia.<\/p>\n\n\n\n<p>El jefe de la Polic\u00eda provincial, Javier Villar, junto a la directora de la escuela, Aldana Reyna, autoridades judiciales y funcionarios locales, participaron del acto.<\/p>\n\n\n\n<p>Con estas acciones, la Provincia refuerza su compromiso con educaci\u00f3n de calidad y seguridad para los vecinos, consolidando infraestructura y equipamiento para mejorar la vida de la comunidad de General Rodr\u00edguez.<\/p>\n","protected":false},"excerpt":{"rendered":"<p>El gobernador de la Buenos Aires, Axel Kicillof, encabez&oacute; este mi&eacute;rcoles la inauguraci&oacute;n de la Escuela Primaria N&deg;25 en el barrio G&uuml;emes, municipio de General Rodr&iacute;guez, acompa&ntilde;ado por la directora general de Cultura y Educaci&oacute;n, Flavia Terigi, y el intendente local, Mauro Garc&iacute;a. La nueva escuela, ubicada en el Polo Educativo del barrio G&uuml;emes, contar&aacute; &hellip; <\/p>\n","protected":false},"author":5,"featured_media":32428,"comment_status":"closed","ping_status":"closed","sticky":false,"template":"","format":"standard","meta":{"om_disable_all_campaigns":false,"_joinchat":[]},"categories":[4],"tags":[],"featured_image_urls":{"full":["https:\/\/infotep.com.ar\/wp-content\/uploads\/2026\/03\/Axel-Kicillof_168.jpg",743,530,false],"thumbnail":["https:\/\/infotep.com.ar\/wp-content\/uploads\/2026\/03\/Axel-Kicillof_168-150x150.jpg",150,150,true],"medium":["https:\/\/infotep.com.ar\/wp-content\/uploads\/2026\/03\/Axel-Kicillof_168-300x214.jpg",300,214,true],"medium_large":["https:\/\/infotep.com.ar\/wp-content\/uploads\/2026\/03\/Axel-Kicillof_168.jpg",743,530,false],"large":["https:\/\/infotep.com.ar\/wp-content\/uploads\/2026\/03\/Axel-Kicillof_168.jpg",743,530,false],"1536x1536":["https:\/\/infotep.com.ar\/wp-content\/uploads\/2026\/03\/Axel-Kicillof_168.jpg",743,530,false],"2048x2048":["https:\/\/infotep.com.ar\/wp-content\/uploads\/2026\/03\/Axel-Kicillof_168.jpg",743,530,false],"blossom-feminine-slider":["https:\/\/infotep.com.ar\/wp-content\/uploads\/2026\/03\/Axel-Kicillof_168.jpg",743,530,false],"blossom-feminine-featured":["https:\/\/infotep.com.ar\/wp-content\/uploads\/2026\/03\/Axel-Kicillof_168.jpg",743,530,false],"blossom-feminine-with-sidebar":["https:\/\/infotep.com.ar\/wp-content\/uploads\/2026\/03\/Axel-Kicillof_168.jpg",743,530,false],"blossom-feminine-blog":["https:\/\/infotep.com.ar\/wp-content\/uploads\/2026\/03\/Axel-Kicillof_168-435x435.jpg",435,435,true],"blossom-feminine-cat":["https:\/\/infotep.com.ar\/wp-content\/uploads\/2026\/03\/Axel-Kicillof_168-450x300.jpg",450,300,true],"blossom-feminine-related":["https:\/\/infotep.com.ar\/wp-content\/uploads\/2026\/03\/Axel-Kicillof_168-320x200.jpg",320,200,true],"blossom-feminine-schema":["https:\/\/infotep.com.ar\/wp-content\/uploads\/2026\/03\/Axel-Kicillof_168-84x60.jpg",84,60,true],"blossom-mommy-blog-slider-big":["https:\/\/infotep.com.ar\/wp-content\/uploads\/2026\/03\/Axel-Kicillof_168.jpg",743,530,false],"blossom-mommy-blog-slider":["https:\/\/infotep.com.ar\/wp-content\/uploads\/2026\/03\/Axel-Kicillof_168-460x310.jpg",460,310,true],"blossom-mommy-blog-two":["https:\/\/infotep.com.ar\/wp-content\/uploads\/2026\/03\/Axel-Kicillof_168-743x480.jpg",743,480,true]},"author_info":{"info":["Angela Tobar"]},"category_info":"<a href=\"https:\/\/infotep.com.ar\/index.php\/category\/provinciales\/\" rel=\"category tag\">Provinciales<\/a>","tag_info":"Provinciales","comment_count":"0","_links":{"self":[{"href":"https:\/\/infotep.com.ar\/index.php\/wp-json\/wp\/v2\/posts\/32427"}],"collection":[{"href":"https:\/\/infotep.com.ar\/index.php\/wp-json\/wp\/v2\/posts"}],"about":[{"href":"https:\/\/infotep.com.ar\/index.php\/wp-json\/wp\/v2\/types\/post"}],"author":[{"embeddable":true,"href":"https:\/\/infotep.com.ar\/index.php\/wp-json\/wp\/v2\/users\/5"}],"replies":[{"embeddable":true,"href":"https:\/\/infotep.com.ar\/index.php\/wp-json\/wp\/v2\/comments?post=32427"}],"version-history":[{"count":1,"href":"https:\/\/infotep.com.ar\/index.php\/wp-json\/wp\/v2\/posts\/32427\/revisions"}],"predecessor-version":[{"id":32429,"href":"https:\/\/infotep.com.ar\/index.php\/wp-json\/wp\/v2\/posts\/32427\/revisions\/32429"}],"wp:featuredmedia":[{"embeddable":true,"href":"https:\/\/infotep.com.ar\/index.php\/wp-json\/wp\/v2\/media\/32428"}],"wp:attachment":[{"href":"https:\/\/infotep.com.ar\/index.php\/wp-json\/wp\/v2\/media?parent=32427"}],"wp:term":[{"taxonomy":"category","embeddable":true,"href":"https:\/\/infotep.com.ar\/index.php\/wp-json\/wp\/v2\/categories?post=32427"},{"taxonomy":"post_tag","embeddable":true,"href":"https:\/\/infotep.com.ar\/index.php\/wp-json\/wp\/v2\/tags?post=32427"}],"curies":[{"name":"wp","href":"https:\/\/api.w.org\/{rel}","templated":true}]}}