{"id":32430,"date":"2026-03-11T14:47:24","date_gmt":"2026-03-11T17:47:24","guid":{"rendered":"https:\/\/infotep.com.ar\/?p=32430"},"modified":"2026-03-11T14:47:25","modified_gmt":"2026-03-11T17:47:25","slug":"la-provincia-garantiza-el-derecho-a-la-identidad-a-personas-con-problemas-de-accesibilidad","status":"publish","type":"post","link":"https:\/\/infotep.com.ar\/index.php\/2026\/03\/11\/la-provincia-garantiza-el-derecho-a-la-identidad-a-personas-con-problemas-de-accesibilidad\/","title":{"rendered":"La Provincia garantiza el derecho a la identidad a personas con problemas de accesibilidad"},"content":{"rendered":"\n<p>A trav\u00e9s del programa &#8220;Identidad Accesible&#8221; del Registro Provincial de las Personas, m\u00e1s de 600 bonaerenses con imposibilidad de traslado pudieron realizar sus tr\u00e1mites en 57 municipios.<\/p>\n\n\n\n<p>El Registro Provincial de las Personas complet\u00f3 623 tr\u00e1mites a trav\u00e9s del programa &#8220;Identidad Accesible&#8221;, destinado a personas con problemas de movilidad en distintos municipios de la provincia de Buenos Aires.<\/p>\n\n\n\n<p>Los equipos m\u00f3viles visitan escuelas, geri\u00e1tricos, centros de salud, clubes de barrio y sociedades de fomento con las valijas DNI\/PASAPORTE, que contienen todo lo necesario para gestionar la documentaci\u00f3n: notebook, un esc\u00e1ner de huellas, una c\u00e1mara fotogr\u00e1fica, un esc\u00e1ner, un hub de puertos USB y un pad de firma.<\/p>\n\n\n\n<p>En ese sentido, la jefa de Asesores Cristina Alvarez Rodr\u00edguez, sostuvo que &#8220;junto al gobernador Axel Kicillof seguimos trabajando por un Estado provincial que garantice el derecho a la identidad de todos los bonaerenses&#8221;.<\/p>\n\n\n\n<p>&#8220;Identidad accesible&#8221; tiene como objetivo acercar el servicio de documentaci\u00f3n a personas que no pueden trasladarse, ya sea por problemas motrices, enfermedades cr\u00f3nicas, internaciones o situaciones de vulnerabilidad.<\/p>\n\n\n\n<p>Actualmente, el Registro Provincial de las Personas cuenta con diferentes pol\u00edticas p\u00fablicas para garantizar el derecho a la identidad de las y los bonaerenses. Entre ellas se destaca el programa \u201cMi Identidad, Mi Derecho\u201d, creado en diciembre de 2021, que permite confeccionar actas de nacimiento tard\u00edas para poder gestionar el Documento Nacional de Identidad de forma gratuita y reducir la duraci\u00f3n del tr\u00e1mite de cuatro a\u00f1os a tres meses. Desde su lanzamiento ya entreg\u00f3 m\u00e1s de 7.000 partidas de nacimiento en los 135 municipios.<\/p>\n","protected":false},"excerpt":{"rendered":"<p>A trav&eacute;s del programa &ldquo;Identidad Accesible&rdquo; del Registro Provincial de las Personas, m&aacute;s de 600 bonaerenses con imposibilidad de traslado pudieron realizar sus tr&aacute;mites en 57 municipios. El Registro Provincial de las Personas complet&oacute; 623 tr&aacute;mites a trav&eacute;s del programa &ldquo;Identidad Accesible&rdquo;, destinado a personas con problemas de movilidad en distintos municipios de la provincia &hellip; <\/p>\n","protected":false},"author":5,"featured_media":32431,"comment_status":"closed","ping_status":"closed","sticky":false,"template":"","format":"standard","meta":{"om_disable_all_campaigns":false,"_joinchat":[]},"categories":[4],"tags":[],"featured_image_urls":{"full":["https:\/\/infotep.com.ar\/wp-content\/uploads\/2026\/03\/identidad-accesible.jpg",650,433,false],"thumbnail":["https:\/\/infotep.com.ar\/wp-content\/uploads\/2026\/03\/identidad-accesible-150x150.jpg",150,150,true],"medium":["https:\/\/infotep.com.ar\/wp-content\/uploads\/2026\/03\/identidad-accesible-300x200.jpg",300,200,true],"medium_large":["https:\/\/infotep.com.ar\/wp-content\/uploads\/2026\/03\/identidad-accesible.jpg",650,433,false],"large":["https:\/\/infotep.com.ar\/wp-content\/uploads\/2026\/03\/identidad-accesible.jpg",650,433,false],"1536x1536":["https:\/\/infotep.com.ar\/wp-content\/uploads\/2026\/03\/identidad-accesible.jpg",650,433,false],"2048x2048":["https:\/\/infotep.com.ar\/wp-content\/uploads\/2026\/03\/identidad-accesible.jpg",650,433,false],"blossom-feminine-slider":["https:\/\/infotep.com.ar\/wp-content\/uploads\/2026\/03\/identidad-accesible.jpg",650,433,false],"blossom-feminine-featured":["https:\/\/infotep.com.ar\/wp-content\/uploads\/2026\/03\/identidad-accesible.jpg",650,433,false],"blossom-feminine-with-sidebar":["https:\/\/infotep.com.ar\/wp-content\/uploads\/2026\/03\/identidad-accesible.jpg",650,433,false],"blossom-feminine-blog":["https:\/\/infotep.com.ar\/wp-content\/uploads\/2026\/03\/identidad-accesible-435x433.jpg",435,433,true],"blossom-feminine-cat":["https:\/\/infotep.com.ar\/wp-content\/uploads\/2026\/03\/identidad-accesible-450x300.jpg",450,300,true],"blossom-feminine-related":["https:\/\/infotep.com.ar\/wp-content\/uploads\/2026\/03\/identidad-accesible-320x200.jpg",320,200,true],"blossom-feminine-schema":["https:\/\/infotep.com.ar\/wp-content\/uploads\/2026\/03\/identidad-accesible-90x60.jpg",90,60,true],"blossom-mommy-blog-slider-big":["https:\/\/infotep.com.ar\/wp-content\/uploads\/2026\/03\/identidad-accesible.jpg",650,433,false],"blossom-mommy-blog-slider":["https:\/\/infotep.com.ar\/wp-content\/uploads\/2026\/03\/identidad-accesible-460x310.jpg",460,310,true],"blossom-mommy-blog-two":["https:\/\/infotep.com.ar\/wp-content\/uploads\/2026\/03\/identidad-accesible.jpg",650,433,false]},"author_info":{"info":["Angela Tobar"]},"category_info":"<a href=\"https:\/\/infotep.com.ar\/index.php\/category\/provinciales\/\" rel=\"category tag\">Provinciales<\/a>","tag_info":"Provinciales","comment_count":"0","_links":{"self":[{"href":"https:\/\/infotep.com.ar\/index.php\/wp-json\/wp\/v2\/posts\/32430"}],"collection":[{"href":"https:\/\/infotep.com.ar\/index.php\/wp-json\/wp\/v2\/posts"}],"about":[{"href":"https:\/\/infotep.com.ar\/index.php\/wp-json\/wp\/v2\/types\/post"}],"author":[{"embeddable":true,"href":"https:\/\/infotep.com.ar\/index.php\/wp-json\/wp\/v2\/users\/5"}],"replies":[{"embeddable":true,"href":"https:\/\/infotep.com.ar\/index.php\/wp-json\/wp\/v2\/comments?post=32430"}],"version-history":[{"count":1,"href":"https:\/\/infotep.com.ar\/index.php\/wp-json\/wp\/v2\/posts\/32430\/revisions"}],"predecessor-version":[{"id":32432,"href":"https:\/\/infotep.com.ar\/index.php\/wp-json\/wp\/v2\/posts\/32430\/revisions\/32432"}],"wp:featuredmedia":[{"embeddable":true,"href":"https:\/\/infotep.com.ar\/index.php\/wp-json\/wp\/v2\/media\/32431"}],"wp:attachment":[{"href":"https:\/\/infotep.com.ar\/index.php\/wp-json\/wp\/v2\/media?parent=32430"}],"wp:term":[{"taxonomy":"category","embeddable":true,"href":"https:\/\/infotep.com.ar\/index.php\/wp-json\/wp\/v2\/categories?post=32430"},{"taxonomy":"post_tag","embeddable":true,"href":"https:\/\/infotep.com.ar\/index.php\/wp-json\/wp\/v2\/tags?post=32430"}],"curies":[{"name":"wp","href":"https:\/\/api.w.org\/{rel}","templated":true}]}}