{"id":32436,"date":"2026-03-11T20:34:45","date_gmt":"2026-03-11T23:34:45","guid":{"rendered":"https:\/\/infotep.com.ar\/?p=32436"},"modified":"2026-03-11T20:34:46","modified_gmt":"2026-03-11T23:34:46","slug":"la-intervencion-del-estado-local-y-provincial-evito-el-cierre-del-frigorifico-san-roque","status":"publish","type":"post","link":"https:\/\/infotep.com.ar\/index.php\/2026\/03\/11\/la-intervencion-del-estado-local-y-provincial-evito-el-cierre-del-frigorifico-san-roque\/","title":{"rendered":"La intervenci\u00f3n del Estado local y provincial evit\u00f3 el cierre del frigor\u00edfico San Roque"},"content":{"rendered":"\n<p>El municipio de Mor\u00f3n anunci\u00f3 que, tras una serie de gestiones conjuntas con el gobierno de la Provincia de Buenos Aires, se alcanz\u00f3 un acuerdo que permitir\u00e1 la continuidad de las actividades del frigor\u00edfico Ganadera San Roque, evitando su cierre y garantizando la preservaci\u00f3n de los puestos de trabajo.<\/p>\n\n\n\n<p>La soluci\u00f3n fue resultado de una mesa de di\u00e1logo impulsada por el intendente Lucas Ghi, en la que participaron representantes de la empresa, el sindicato y los trabajadores, adem\u00e1s de funcionarios provinciales.<\/p>\n\n\n\n<p><strong>Durante las \u00faltimas semanas, el posible cierre del establecimiento hab\u00eda generado preocupaci\u00f3n entre los empleados y en la comunidad local, debido al impacto que tendr\u00eda la p\u00e9rdida de una fuente de trabajo hist\u00f3rica para el distrito.<\/strong><\/p>\n\n\n\n<p>A partir de las negociaciones, se logr\u00f3 un acuerdo que permitir\u00e1 mantener la operaci\u00f3n del frigor\u00edfico y sostener las fuentes laborales vinculadas a la actividad, priorizando la continuidad productiva.<\/p>\n\n\n\n<p class=\"has-light-green-cyan-background-color has-background\">Desde el municipio destacaron que el resultado fue posible gracias a la articulaci\u00f3n entre el Estado, la empresa y los trabajadores, en una pol\u00edtica que busca defender el empleo y acompa\u00f1ar al sector productivo local.<\/p>\n\n\n\n<p>El acuerdo tambi\u00e9n cont\u00f3 con la participaci\u00f3n del ministro de Trabajo bonaerense, Walter Correa; el subsecretario de Comercio provincial, Ariel Aguilar; el delegado regional del Ministerio de Trabajo, David Ponce; y el secretario de Desarrollo Productivo del municipio, Santiago Mu\u00f1iz.<\/p>\n\n\n\n<p>En un contexto econ\u00f3mico complejo para muchas empresas, marcado por la ca\u00edda del consumo y el impacto de las pol\u00edticas econ\u00f3micas del gobierno nacional de Javier Milei, desde el municipio remarcaron la importancia de sostener la actividad industrial y cuidar cada puesto de trabajo.<\/p>\n\n\n\n<p>El gobierno local asegur\u00f3 que continuar\u00e1 impulsando pol\u00edticas orientadas a fortalecer la producci\u00f3n, acompa\u00f1ar a las industrias y defender el empleo, entendiendo que el desarrollo econ\u00f3mico del distrito est\u00e1 directamente ligado al bienestar de las familias de Mor\u00f3n.<\/p>\n","protected":false},"excerpt":{"rendered":"<p>El municipio de Mor&oacute;n anunci&oacute; que, tras una serie de gestiones conjuntas con el gobierno de la Provincia de Buenos Aires, se alcanz&oacute; un acuerdo que permitir&aacute; la continuidad de las actividades del frigor&iacute;fico Ganadera San Roque, evitando su cierre y garantizando la preservaci&oacute;n de los puestos de trabajo. La soluci&oacute;n fue resultado de una &hellip; <\/p>\n","protected":false},"author":5,"featured_media":32184,"comment_status":"closed","ping_status":"closed","sticky":false,"template":"","format":"standard","meta":{"om_disable_all_campaigns":false,"_joinchat":[]},"categories":[31,9,4],"tags":[],"featured_image_urls":{"full":["https:\/\/infotep.com.ar\/wp-content\/uploads\/2026\/03\/san-roque.jpg",696,392,false],"thumbnail":["https:\/\/infotep.com.ar\/wp-content\/uploads\/2026\/03\/san-roque-150x150.jpg",150,150,true],"medium":["https:\/\/infotep.com.ar\/wp-content\/uploads\/2026\/03\/san-roque-300x169.jpg",300,169,true],"medium_large":["https:\/\/infotep.com.ar\/wp-content\/uploads\/2026\/03\/san-roque.jpg",696,392,false],"large":["https:\/\/infotep.com.ar\/wp-content\/uploads\/2026\/03\/san-roque.jpg",696,392,false],"1536x1536":["https:\/\/infotep.com.ar\/wp-content\/uploads\/2026\/03\/san-roque.jpg",696,392,false],"2048x2048":["https:\/\/infotep.com.ar\/wp-content\/uploads\/2026\/03\/san-roque.jpg",696,392,false],"blossom-feminine-slider":["https:\/\/infotep.com.ar\/wp-content\/uploads\/2026\/03\/san-roque.jpg",696,392,false],"blossom-feminine-featured":["https:\/\/infotep.com.ar\/wp-content\/uploads\/2026\/03\/san-roque.jpg",696,392,false],"blossom-feminine-with-sidebar":["https:\/\/infotep.com.ar\/wp-content\/uploads\/2026\/03\/san-roque.jpg",696,392,false],"blossom-feminine-blog":["https:\/\/infotep.com.ar\/wp-content\/uploads\/2026\/03\/san-roque-435x392.jpg",435,392,true],"blossom-feminine-cat":["https:\/\/infotep.com.ar\/wp-content\/uploads\/2026\/03\/san-roque-450x300.jpg",450,300,true],"blossom-feminine-related":["https:\/\/infotep.com.ar\/wp-content\/uploads\/2026\/03\/san-roque-320x200.jpg",320,200,true],"blossom-feminine-schema":["https:\/\/infotep.com.ar\/wp-content\/uploads\/2026\/03\/san-roque-107x60.jpg",107,60,true],"blossom-mommy-blog-slider-big":["https:\/\/infotep.com.ar\/wp-content\/uploads\/2026\/03\/san-roque.jpg",696,392,false],"blossom-mommy-blog-slider":["https:\/\/infotep.com.ar\/wp-content\/uploads\/2026\/03\/san-roque-460x310.jpg",460,310,true],"blossom-mommy-blog-two":["https:\/\/infotep.com.ar\/wp-content\/uploads\/2026\/03\/san-roque.jpg",696,392,false]},"author_info":{"info":["Angela Tobar"]},"category_info":"<a href=\"https:\/\/infotep.com.ar\/index.php\/category\/destacadas\/\" rel=\"category tag\">Destacadas<\/a> <a href=\"https:\/\/infotep.com.ar\/index.php\/category\/municipales\/moron\/\" rel=\"category tag\">Mor\u00f3n<\/a> <a href=\"https:\/\/infotep.com.ar\/index.php\/category\/provinciales\/\" rel=\"category tag\">Provinciales<\/a>","tag_info":"Provinciales","comment_count":"0","_links":{"self":[{"href":"https:\/\/infotep.com.ar\/index.php\/wp-json\/wp\/v2\/posts\/32436"}],"collection":[{"href":"https:\/\/infotep.com.ar\/index.php\/wp-json\/wp\/v2\/posts"}],"about":[{"href":"https:\/\/infotep.com.ar\/index.php\/wp-json\/wp\/v2\/types\/post"}],"author":[{"embeddable":true,"href":"https:\/\/infotep.com.ar\/index.php\/wp-json\/wp\/v2\/users\/5"}],"replies":[{"embeddable":true,"href":"https:\/\/infotep.com.ar\/index.php\/wp-json\/wp\/v2\/comments?post=32436"}],"version-history":[{"count":1,"href":"https:\/\/infotep.com.ar\/index.php\/wp-json\/wp\/v2\/posts\/32436\/revisions"}],"predecessor-version":[{"id":32437,"href":"https:\/\/infotep.com.ar\/index.php\/wp-json\/wp\/v2\/posts\/32436\/revisions\/32437"}],"wp:featuredmedia":[{"embeddable":true,"href":"https:\/\/infotep.com.ar\/index.php\/wp-json\/wp\/v2\/media\/32184"}],"wp:attachment":[{"href":"https:\/\/infotep.com.ar\/index.php\/wp-json\/wp\/v2\/media?parent=32436"}],"wp:term":[{"taxonomy":"category","embeddable":true,"href":"https:\/\/infotep.com.ar\/index.php\/wp-json\/wp\/v2\/categories?post=32436"},{"taxonomy":"post_tag","embeddable":true,"href":"https:\/\/infotep.com.ar\/index.php\/wp-json\/wp\/v2\/tags?post=32436"}],"curies":[{"name":"wp","href":"https:\/\/api.w.org\/{rel}","templated":true}]}}