{"id":32441,"date":"2026-03-12T08:18:25","date_gmt":"2026-03-12T11:18:25","guid":{"rendered":"https:\/\/infotep.com.ar\/?p=32441"},"modified":"2026-03-12T08:18:26","modified_gmt":"2026-03-12T11:18:26","slug":"con-recital-de-eruca-sativa-ituzaingo-conmemora-el-dia-de-la-memoria","status":"publish","type":"post","link":"https:\/\/infotep.com.ar\/index.php\/2026\/03\/12\/con-recital-de-eruca-sativa-ituzaingo-conmemora-el-dia-de-la-memoria\/","title":{"rendered":"Con recital de Eruca Sativa, Ituzaing\u00f3 conmemora el D\u00eda de la Memoria"},"content":{"rendered":"\n<p>El municipio de Ituzaing\u00f3 llevar\u00e1 adelante una serie de muestras y actividades culturales entre el domingo 15 y el s\u00e1bado 21 de marzo, en el marco de la conmemoraci\u00f3n del D\u00eda de la Memoria por la Verdad y la Justicia.<\/p>\n\n\n\n<p><strong>En el contexto del 50\u00b0 aniversario del \u00faltimo golpe c\u00edvico-militar en Argentina, la propuesta busca fortalecer la democracia y homenajear a los vecinos y vecinas de Ituzaing\u00f3 que fueron detenidos desaparecidos durante la \u00faltima dictadura.<\/strong><\/p>\n\n\n\n<p>La programaci\u00f3n incluir\u00e1 espect\u00e1culos musicales, intervenciones art\u00edsticas, presentaciones de libros, obras de teatro, proyecciones de documentales y actividades educativas impulsadas por organizaciones, instituciones y programas municipales.<\/p>\n\n\n\n<p>Entre los eventos destacados se encuentra la presentaci\u00f3n de la banda de rock Eruca Sativa, reconocida por su compromiso con las luchas sociales. El recital ser\u00e1 el domingo 15 de marzo a las 20 horas en el Teatro Gran Ituzaing\u00f3. Las entradas son gratuitas y pueden retirarse hasta el s\u00e1bado 14 de marzo, de 8 a 20 horas, en el Centro Cultural Ituzaing\u00f3 (Mansilla 893).<\/p>\n\n\n\n<p class=\"has-light-green-cyan-background-color has-background\"><strong>Cronograma de actividades<\/strong><\/p>\n\n\n\n<p><strong>Domingo 15 de marzo<\/strong><\/p>\n\n\n\n<p>17 a 20 hs \u2014 Plaza San Mart\u00edn (24 de Octubre y Mariano Acosta)<\/p>\n\n\n\n<p>Bandas locales en vivo: \u201cNunca Alcanza\u201d y \u201cBriganti\u201d<\/p>\n\n\n\n<p>Stand de inscripci\u00f3n al Boleto Estudiantil<\/p>\n\n\n\n<p>20 hs \u2014 Teatro Gran Ituzaing\u00f3 (Mariano Acosta 55)<\/p>\n\n\n\n<p>Recital de Eruca Sativa<\/p>\n\n\n\n<p><strong>Lunes 16 de marzo<\/strong><\/p>\n\n\n\n<p>15 hs \u2014 Peatonal Eva Per\u00f3n<\/p>\n\n\n\n<p>Intervenci\u00f3n art\u00edstica de la comunidad educativa local<\/p>\n\n\n\n<p>Campa\u00f1a \u201cFlorecer\u00e1n Pa\u00f1uelos\u201d de Abuelas de Plaza de Mayo<\/p>\n\n\n\n<p>Taller de murga \u201cPedacitos de Carnaval\u201d<\/p>\n\n\n\n<p><strong>Martes 17 de marzo<\/strong><\/p>\n\n\n\n<p>17 hs \u2014 Galer\u00eda de Arte (Soler 217)<\/p>\n\n\n\n<p>Presentaci\u00f3n de producciones gr\u00e1ficas del programa Envi\u00f3n (sede San Alberto)<\/p>\n\n\n\n<p>Presentaci\u00f3n del libro \u201cCarmen y Daniel\u201d de Patricia Pellegrini<\/p>\n\n\n\n<p>18 hs \u2014 Centro Cultural Ituzaing\u00f3 (Soler y Mansilla)<\/p>\n\n\n\n<p>Obra teatral biogr\u00e1fica y documental \u201cEl acto del 24 de agosto\u201d de Gustavo Dos Santos, basada en el libro Carmen y Daniel<\/p>\n\n\n\n<p><strong>Mi\u00e9rcoles 18 de marzo<\/strong><\/p>\n\n\n\n<p>18 hs \u2014 Unidad de Gesti\u00f3n Municipal Villa Udaondo (El Tirador 451)<\/p>\n\n\n\n<p>Proyecci\u00f3n del documental \u201cSer\u00e9 Memoria\u201d de Christian Gil<\/p>\n\n\n\n<p><strong>Jueves 19 de marzo<\/strong><\/p>\n\n\n\n<p>17 hs \u2014 Polideportivo La Torcaza (Brandsen y Pringles)<\/p>\n\n\n\n<p>Obra de teatro y danza \u201cEl \u00faltimo vuelo\u201d de Yamand\u00fa Villalba<\/p>\n\n\n\n<p>Presentaci\u00f3n de proyectos del programa J\u00f3venes y Memoria<\/p>\n\n\n\n<p><strong>Viernes 20 de marzo<\/strong><\/p>\n\n\n\n<p>10 hs \u2014 EEST N\u00b0 2 \u201cAlbert Einstein\u201d (Fray Luis Beltr\u00e1n 1425)<\/p>\n\n\n\n<p>Inauguraci\u00f3n del arco \u201cMarca de la Memoria\u201d, construido por estudiantes en el marco del programa J\u00f3venes y Memoria<\/p>\n\n\n\n<p><strong>S\u00e1bado 21 de marzo<\/strong><\/p>\n\n\n\n<p>17 a 20 hs \u2014 Auditorio Municipal N\u00e9stor Kirchner (Peatonal Eva Per\u00f3n 848)<\/p>\n\n\n\n<p>Presentaci\u00f3n audiovisual \u201cMemoria Militante de Ituzaing\u00f3\u201d, a cargo del programa J\u00f3venes y Memoria<\/p>\n\n\n\n<p class=\"has-light-green-cyan-background-color has-background\">Cierre con \u201cCarnaval por la Memoria\u201d<\/p>\n\n\n\n<p>Desde el municipio invitaron a toda la comunidad a participar de las actividades para reflexionar sobre la importancia de la democracia y la plena vigencia de los derechos humanos.<\/p>\n","protected":false},"excerpt":{"rendered":"<p>El municipio de Ituzaing&oacute; llevar&aacute; adelante una serie de muestras y actividades culturales entre el domingo 15 y el s&aacute;bado 21 de marzo, en el marco de la conmemoraci&oacute;n del D&iacute;a de la Memoria por la Verdad y la Justicia. En el contexto del 50&deg; aniversario del &uacute;ltimo golpe c&iacute;vico-militar en Argentina, la propuesta busca &hellip; <\/p>\n","protected":false},"author":5,"featured_media":32442,"comment_status":"closed","ping_status":"closed","sticky":false,"template":"","format":"standard","meta":{"om_disable_all_campaigns":false,"_joinchat":[]},"categories":[31,8],"tags":[],"featured_image_urls":{"full":["https:\/\/infotep.com.ar\/wp-content\/uploads\/2026\/03\/foto-Dia-de-la-Memoria.jpeg",1600,1066,false],"thumbnail":["https:\/\/infotep.com.ar\/wp-content\/uploads\/2026\/03\/foto-Dia-de-la-Memoria-150x150.jpeg",150,150,true],"medium":["https:\/\/infotep.com.ar\/wp-content\/uploads\/2026\/03\/foto-Dia-de-la-Memoria-300x200.jpeg",300,200,true],"medium_large":["https:\/\/infotep.com.ar\/wp-content\/uploads\/2026\/03\/foto-Dia-de-la-Memoria-768x512.jpeg",768,512,true],"large":["https:\/\/infotep.com.ar\/wp-content\/uploads\/2026\/03\/foto-Dia-de-la-Memoria-1024x682.jpeg",1020,679,true],"1536x1536":["https:\/\/infotep.com.ar\/wp-content\/uploads\/2026\/03\/foto-Dia-de-la-Memoria-1536x1023.jpeg",1536,1023,true],"2048x2048":["https:\/\/infotep.com.ar\/wp-content\/uploads\/2026\/03\/foto-Dia-de-la-Memoria.jpeg",1600,1066,false],"blossom-feminine-slider":["https:\/\/infotep.com.ar\/wp-content\/uploads\/2026\/03\/foto-Dia-de-la-Memoria-1600x649.jpeg",1600,649,true],"blossom-feminine-featured":["https:\/\/infotep.com.ar\/wp-content\/uploads\/2026\/03\/foto-Dia-de-la-Memoria-1410x600.jpeg",1410,600,true],"blossom-feminine-with-sidebar":["https:\/\/infotep.com.ar\/wp-content\/uploads\/2026\/03\/foto-Dia-de-la-Memoria-1020x600.jpeg",1020,600,true],"blossom-feminine-blog":["https:\/\/infotep.com.ar\/wp-content\/uploads\/2026\/03\/foto-Dia-de-la-Memoria-435x435.jpeg",435,435,true],"blossom-feminine-cat":["https:\/\/infotep.com.ar\/wp-content\/uploads\/2026\/03\/foto-Dia-de-la-Memoria-450x300.jpeg",450,300,true],"blossom-feminine-related":["https:\/\/infotep.com.ar\/wp-content\/uploads\/2026\/03\/foto-Dia-de-la-Memoria-320x200.jpeg",320,200,true],"blossom-feminine-schema":["https:\/\/infotep.com.ar\/wp-content\/uploads\/2026\/03\/foto-Dia-de-la-Memoria-90x60.jpeg",90,60,true],"blossom-mommy-blog-slider-big":["https:\/\/infotep.com.ar\/wp-content\/uploads\/2026\/03\/foto-Dia-de-la-Memoria-920x650.jpeg",920,650,true],"blossom-mommy-blog-slider":["https:\/\/infotep.com.ar\/wp-content\/uploads\/2026\/03\/foto-Dia-de-la-Memoria-460x310.jpeg",460,310,true],"blossom-mommy-blog-two":["https:\/\/infotep.com.ar\/wp-content\/uploads\/2026\/03\/foto-Dia-de-la-Memoria-768x480.jpeg",768,480,true]},"author_info":{"info":["Angela Tobar"]},"category_info":"<a href=\"https:\/\/infotep.com.ar\/index.php\/category\/destacadas\/\" rel=\"category tag\">Destacadas<\/a> <a href=\"https:\/\/infotep.com.ar\/index.php\/category\/municipales\/ituzaingo\/\" rel=\"category tag\">Ituzaing\u00f3<\/a>","tag_info":"Ituzaing\u00f3","comment_count":"0","_links":{"self":[{"href":"https:\/\/infotep.com.ar\/index.php\/wp-json\/wp\/v2\/posts\/32441"}],"collection":[{"href":"https:\/\/infotep.com.ar\/index.php\/wp-json\/wp\/v2\/posts"}],"about":[{"href":"https:\/\/infotep.com.ar\/index.php\/wp-json\/wp\/v2\/types\/post"}],"author":[{"embeddable":true,"href":"https:\/\/infotep.com.ar\/index.php\/wp-json\/wp\/v2\/users\/5"}],"replies":[{"embeddable":true,"href":"https:\/\/infotep.com.ar\/index.php\/wp-json\/wp\/v2\/comments?post=32441"}],"version-history":[{"count":1,"href":"https:\/\/infotep.com.ar\/index.php\/wp-json\/wp\/v2\/posts\/32441\/revisions"}],"predecessor-version":[{"id":32443,"href":"https:\/\/infotep.com.ar\/index.php\/wp-json\/wp\/v2\/posts\/32441\/revisions\/32443"}],"wp:featuredmedia":[{"embeddable":true,"href":"https:\/\/infotep.com.ar\/index.php\/wp-json\/wp\/v2\/media\/32442"}],"wp:attachment":[{"href":"https:\/\/infotep.com.ar\/index.php\/wp-json\/wp\/v2\/media?parent=32441"}],"wp:term":[{"taxonomy":"category","embeddable":true,"href":"https:\/\/infotep.com.ar\/index.php\/wp-json\/wp\/v2\/categories?post=32441"},{"taxonomy":"post_tag","embeddable":true,"href":"https:\/\/infotep.com.ar\/index.php\/wp-json\/wp\/v2\/tags?post=32441"}],"curies":[{"name":"wp","href":"https:\/\/api.w.org\/{rel}","templated":true}]}}