{"id":32444,"date":"2026-03-12T08:32:26","date_gmt":"2026-03-12T11:32:26","guid":{"rendered":"https:\/\/infotep.com.ar\/?p=32444"},"modified":"2026-03-12T08:32:27","modified_gmt":"2026-03-12T11:32:27","slug":"moron-volvieron-las-ferias-y-mercados-bonaerenses-a-los-barrios","status":"publish","type":"post","link":"https:\/\/infotep.com.ar\/index.php\/2026\/03\/12\/moron-volvieron-las-ferias-y-mercados-bonaerenses-a-los-barrios\/","title":{"rendered":"Mor\u00f3n: volvieron las ferias y Mercados Bonaerenses a los barrios"},"content":{"rendered":"\n<p>El Municipio de Mor\u00f3n reanud\u00f3 a comienzos de marzo el esquema itinerante de ferias del programa Mercados Bonaerenses, una iniciativa que acerca alimentos de calidad y a precios accesibles a vecinos y vecinas en distintos barrios del distrito.<\/p>\n\n\n\n<p>Las ferias, organizadas por el municipio junto al Ministerio de Desarrollo Agrario de la Provincia de Buenos Aires, ofrecen productos directos de productores y mayoristas, como l\u00e1cteos, frutas, verduras y pescados, entre otros alimentos.<\/p>\n\n\n\n<p>Los mercados itinerantes funcionan de mi\u00e9rcoles a viernes, de 9 a 13 horas, en distintas plazas del distrito. Adem\u00e1s, una vez por mes se realizan los s\u00e1bados en el Mercado Frutihort\u00edcola Saropalca, con un cronograma que se renueva mensualmente.<\/p>\n\n\n\n<p>Para facilitar las compras, el municipio tambi\u00e9n habilit\u00f3 la posibilidad de realizar pedidos anticipados. Quienes deseen utilizar esta modalidad deben enviar un mensaje de WhatsApp al 11 3213 0385 con la palabra \u201cALTA\u201d para recibir el formulario que se completa online y luego retirar los productos en la feria de manera m\u00e1s r\u00e1pida.<\/p>\n\n\n\n<p>Desde ese mismo contacto tambi\u00e9n se pueden consultar promociones y el cronograma actualizado de las ferias.<\/p>\n\n\n\n<p><strong>Convocatoria a productores<\/strong><\/p>\n\n\n\n<p>El municipio tambi\u00e9n abri\u00f3 una convocatoria para productores y productoras de alimentos interesados en participar de las ferias. La iniciativa busca fortalecer el desarrollo local, ampliar los canales de comercializaci\u00f3n y facilitar el acceso de la comunidad a alimentos de calidad a precios m\u00e1s accesibles.<\/p>\n\n\n\n<p>En ese marco, el gobierno local trabaja en la incorporaci\u00f3n de Peque\u00f1as Unidades Productivas de Alimentos Artesanales (PUPAS) del distrito.<\/p>\n\n\n\n<p><strong>Descuentos con Cuenta DNI<\/strong><\/p>\n\n\n\n<p>Las ferias forman parte del programa de beneficios de Cuenta DNI del Banco de la Provincia de Buenos Aires, que ofrece 40% de reintegro en compras, con un tope semanal.<\/p>\n\n\n\n<p class=\"has-light-green-cyan-background-color has-background\">Cronograma de marzo<\/p>\n\n\n\n<p><strong>Mi\u00e9rcoles 11<br><\/strong>Plaza Barrio Luz y Fuerza (Belgrano y Ag\u00fcero, Mor\u00f3n sur)<\/p>\n\n\n\n<p><strong>Jueves 12<br><\/strong>Plaza San Jos\u00e9 (Pdte. Ib\u00e1\u00f1ez y Grito de Alcorta, Mor\u00f3n sur)<\/p>\n\n\n\n<p><strong>Viernes 13<br><\/strong>Plaza Ser\u00e9 (Revoredo y Alcorta, Castelar sur)<\/p>\n\n\n\n<p><strong>S\u00e1bado 14<br><\/strong>Mercado Saropalca (Pueyrred\u00f3n 1015)<\/p>\n\n\n\n<p><strong>Mi\u00e9rcoles 18<br><\/strong>Plaza Belgrano (Mais\u00f3n y Anatole France, Castelar)<\/p>\n\n\n\n<p>Jueves 19<br>Plaza de los Jardines (Maza y R\u00edos Gallardo, Mor\u00f3n sur)<\/p>\n\n\n\n<p><strong>Viernes 20<br><\/strong>Plaza Rucci (R\u00edo Piedras y G. Silva, Mor\u00f3n)<\/p>\n\n\n\n<p><strong>Mi\u00e9rcoles <\/strong>25<br>Plaza de los Inmigrantes (Tucum\u00e1n y San Nicol\u00e1s, Castelar)<\/p>\n\n\n\n<p><strong>Jueves 26<br><\/strong>Plaza Rivadavia (Malaver y Magnasco, Haedo)<\/p>\n\n\n\n<p><strong>Viernes 27<br><\/strong>Plaza San Mart\u00edn (Buen Viaje y San Mart\u00edn, Mor\u00f3n)<\/p>\n","protected":false},"excerpt":{"rendered":"<p>El Municipio de Mor&oacute;n reanud&oacute; a comienzos de marzo el esquema itinerante de ferias del programa Mercados Bonaerenses, una iniciativa que acerca alimentos de calidad y a precios accesibles a vecinos y vecinas en distintos barrios del distrito. Las ferias, organizadas por el municipio junto al Ministerio de Desarrollo Agrario de la Provincia de Buenos &hellip; <\/p>\n","protected":false},"author":5,"featured_media":32445,"comment_status":"closed","ping_status":"closed","sticky":false,"template":"","format":"standard","meta":{"om_disable_all_campaigns":false,"_joinchat":[]},"categories":[31,9],"tags":[],"featured_image_urls":{"full":["https:\/\/infotep.com.ar\/wp-content\/uploads\/2026\/03\/Mercados-01-1024x683-1.jpeg",1024,683,false],"thumbnail":["https:\/\/infotep.com.ar\/wp-content\/uploads\/2026\/03\/Mercados-01-1024x683-1-150x150.jpeg",150,150,true],"medium":["https:\/\/infotep.com.ar\/wp-content\/uploads\/2026\/03\/Mercados-01-1024x683-1-300x200.jpeg",300,200,true],"medium_large":["https:\/\/infotep.com.ar\/wp-content\/uploads\/2026\/03\/Mercados-01-1024x683-1-768x512.jpeg",768,512,true],"large":["https:\/\/infotep.com.ar\/wp-content\/uploads\/2026\/03\/Mercados-01-1024x683-1.jpeg",1020,680,false],"1536x1536":["https:\/\/infotep.com.ar\/wp-content\/uploads\/2026\/03\/Mercados-01-1024x683-1.jpeg",1024,683,false],"2048x2048":["https:\/\/infotep.com.ar\/wp-content\/uploads\/2026\/03\/Mercados-01-1024x683-1.jpeg",1024,683,false],"blossom-feminine-slider":["https:\/\/infotep.com.ar\/wp-content\/uploads\/2026\/03\/Mercados-01-1024x683-1-1024x649.jpeg",1024,649,true],"blossom-feminine-featured":["https:\/\/infotep.com.ar\/wp-content\/uploads\/2026\/03\/Mercados-01-1024x683-1-1024x600.jpeg",1024,600,true],"blossom-feminine-with-sidebar":["https:\/\/infotep.com.ar\/wp-content\/uploads\/2026\/03\/Mercados-01-1024x683-1-1020x600.jpeg",1020,600,true],"blossom-feminine-blog":["https:\/\/infotep.com.ar\/wp-content\/uploads\/2026\/03\/Mercados-01-1024x683-1-435x435.jpeg",435,435,true],"blossom-feminine-cat":["https:\/\/infotep.com.ar\/wp-content\/uploads\/2026\/03\/Mercados-01-1024x683-1-450x300.jpeg",450,300,true],"blossom-feminine-related":["https:\/\/infotep.com.ar\/wp-content\/uploads\/2026\/03\/Mercados-01-1024x683-1-320x200.jpeg",320,200,true],"blossom-feminine-schema":["https:\/\/infotep.com.ar\/wp-content\/uploads\/2026\/03\/Mercados-01-1024x683-1-90x60.jpeg",90,60,true],"blossom-mommy-blog-slider-big":["https:\/\/infotep.com.ar\/wp-content\/uploads\/2026\/03\/Mercados-01-1024x683-1-920x650.jpeg",920,650,true],"blossom-mommy-blog-slider":["https:\/\/infotep.com.ar\/wp-content\/uploads\/2026\/03\/Mercados-01-1024x683-1-460x310.jpeg",460,310,true],"blossom-mommy-blog-two":["https:\/\/infotep.com.ar\/wp-content\/uploads\/2026\/03\/Mercados-01-1024x683-1-768x480.jpeg",768,480,true]},"author_info":{"info":["Angela Tobar"]},"category_info":"<a href=\"https:\/\/infotep.com.ar\/index.php\/category\/destacadas\/\" rel=\"category tag\">Destacadas<\/a> <a href=\"https:\/\/infotep.com.ar\/index.php\/category\/municipales\/moron\/\" rel=\"category tag\">Mor\u00f3n<\/a>","tag_info":"Mor\u00f3n","comment_count":"0","_links":{"self":[{"href":"https:\/\/infotep.com.ar\/index.php\/wp-json\/wp\/v2\/posts\/32444"}],"collection":[{"href":"https:\/\/infotep.com.ar\/index.php\/wp-json\/wp\/v2\/posts"}],"about":[{"href":"https:\/\/infotep.com.ar\/index.php\/wp-json\/wp\/v2\/types\/post"}],"author":[{"embeddable":true,"href":"https:\/\/infotep.com.ar\/index.php\/wp-json\/wp\/v2\/users\/5"}],"replies":[{"embeddable":true,"href":"https:\/\/infotep.com.ar\/index.php\/wp-json\/wp\/v2\/comments?post=32444"}],"version-history":[{"count":1,"href":"https:\/\/infotep.com.ar\/index.php\/wp-json\/wp\/v2\/posts\/32444\/revisions"}],"predecessor-version":[{"id":32446,"href":"https:\/\/infotep.com.ar\/index.php\/wp-json\/wp\/v2\/posts\/32444\/revisions\/32446"}],"wp:featuredmedia":[{"embeddable":true,"href":"https:\/\/infotep.com.ar\/index.php\/wp-json\/wp\/v2\/media\/32445"}],"wp:attachment":[{"href":"https:\/\/infotep.com.ar\/index.php\/wp-json\/wp\/v2\/media?parent=32444"}],"wp:term":[{"taxonomy":"category","embeddable":true,"href":"https:\/\/infotep.com.ar\/index.php\/wp-json\/wp\/v2\/categories?post=32444"},{"taxonomy":"post_tag","embeddable":true,"href":"https:\/\/infotep.com.ar\/index.php\/wp-json\/wp\/v2\/tags?post=32444"}],"curies":[{"name":"wp","href":"https:\/\/api.w.org\/{rel}","templated":true}]}}