{"id":3245,"date":"2023-02-08T14:57:25","date_gmt":"2023-02-08T17:57:25","guid":{"rendered":"https:\/\/infotep.com.ar\/?p=3245"},"modified":"2023-02-08T14:57:26","modified_gmt":"2023-02-08T17:57:26","slug":"intendentes-del-conurbano-se-reunieron-con-el-presidente-para-debatir-la-mejor-estrategia-electoral","status":"publish","type":"post","link":"https:\/\/infotep.com.ar\/index.php\/2023\/02\/08\/intendentes-del-conurbano-se-reunieron-con-el-presidente-para-debatir-la-mejor-estrategia-electoral\/","title":{"rendered":"Intendentes del conurbano se reunieron con el Presidente para debatir la mejor estrategia electoral"},"content":{"rendered":"\n<p>Alberto Fern\u00e1ndez encabez\u00f3 una cena en la Residencia de Olivos, a una semana de la reuni\u00f3n del Partido Justicialista bonaerense en el partido de Merlo.<br><br>El presidente Alberto Fern\u00e1ndez encabez\u00f3 una cena en la residencia de Olivos junto a intendentes de la primera y tercera secci\u00f3n electoral de la provincia de Buenos Aires para comenzar a debatir la estrategia electoral del Frente de Todos y analizar la situaci\u00f3n de cada uno de los distritos.<\/p>\n\n\n\n<p>As\u00ed lo indicaron a NA fuentes oficiales, quienes detallaron que el Presidente estuvo acompa\u00f1ado por los ministros Sergio Massa (Econom\u00eda), Gabriel Katopodis (Obras P\u00fablicas), Victoria Tolosa Paz (Desarrollo Social) y Santiago Maggiotti (Desarrollo Territorial y H\u00e1bitat), adem\u00e1s del secretario General de la Presidencia, Julio Vitobello.<\/p>\n\n\n\n<p>Desde las 20:30 comenzaron a llegar a la Quinta Presidencial los intendentes Juan Jos\u00e9 Mussi (Berazategui), Fabi\u00e1n Cagliardi (Berisso), Mario Secco (Ensenada), Andr\u00e9s Watson (Florencio Varela), Juan Zabaleta (Hurlingham), Alberto Descalzo (Ituzaing\u00f3), Mario Ishii (Jos\u00e9 C. Paz), Javier Osuna (Las Heras), Mariel Fern\u00e1ndez (Moreno), Lucas Ghi (Mor\u00f3n), Juan Andreotti (San Fernando), Julio Zamora (Tigre) y Nicol\u00e1s Mantegazza (San Vicente), entre otros.<\/p>\n\n\n\n<p>La cena, que se produjo en medio de un fuerte hermetismo, y a horas de que la Casa Rosada dej\u00f3 trascender que la primera reuni\u00f3n de la mesa pol\u00edtica del Frente de Todos se realizar\u00e1 el pr\u00f3ximo 16 de febrero.<\/p>\n\n\n\n<p>El c\u00f3nclave en Olivos busc\u00f3 que &#8220;el Presidente pueda enterarse de primera ma\u00f1ana qu\u00e9 pasa en las intendencias y qu\u00e9 cosas hay que mejorar&#8221; en la gesti\u00f3n diaria de cada partido bonaerense.<\/p>\n\n\n\n<p><\/p>\n","protected":false},"excerpt":{"rendered":"<p>Alberto Fern&aacute;ndez encabez&oacute; una cena en la Residencia de Olivos, a una semana de la reuni&oacute;n del Partido Justicialista bonaerense en el partido de Merlo. El presidente Alberto Fern&aacute;ndez encabez&oacute; una cena en la residencia de Olivos junto a intendentes de la primera y tercera secci&oacute;n electoral de la provincia de Buenos Aires para comenzar &hellip; <\/p>\n","protected":false},"author":5,"featured_media":3246,"comment_status":"closed","ping_status":"closed","sticky":false,"template":"","format":"standard","meta":{"om_disable_all_campaigns":false,"_joinchat":[]},"categories":[4],"tags":[296,161,46,350,43],"featured_image_urls":{"full":["https:\/\/infotep.com.ar\/wp-content\/uploads\/2023\/02\/WhatsApp-Image-2023-02-08-at-2.55.58-PM.jpeg",704,325,false],"thumbnail":["https:\/\/infotep.com.ar\/wp-content\/uploads\/2023\/02\/WhatsApp-Image-2023-02-08-at-2.55.58-PM-150x150.jpeg",150,150,true],"medium":["https:\/\/infotep.com.ar\/wp-content\/uploads\/2023\/02\/WhatsApp-Image-2023-02-08-at-2.55.58-PM-300x138.jpeg",300,138,true],"medium_large":["https:\/\/infotep.com.ar\/wp-content\/uploads\/2023\/02\/WhatsApp-Image-2023-02-08-at-2.55.58-PM.jpeg",704,325,false],"large":["https:\/\/infotep.com.ar\/wp-content\/uploads\/2023\/02\/WhatsApp-Image-2023-02-08-at-2.55.58-PM.jpeg",704,325,false],"1536x1536":["https:\/\/infotep.com.ar\/wp-content\/uploads\/2023\/02\/WhatsApp-Image-2023-02-08-at-2.55.58-PM.jpeg",704,325,false],"2048x2048":["https:\/\/infotep.com.ar\/wp-content\/uploads\/2023\/02\/WhatsApp-Image-2023-02-08-at-2.55.58-PM.jpeg",704,325,false],"blossom-feminine-slider":["https:\/\/infotep.com.ar\/wp-content\/uploads\/2023\/02\/WhatsApp-Image-2023-02-08-at-2.55.58-PM.jpeg",704,325,false],"blossom-feminine-featured":["https:\/\/infotep.com.ar\/wp-content\/uploads\/2023\/02\/WhatsApp-Image-2023-02-08-at-2.55.58-PM.jpeg",704,325,false],"blossom-feminine-with-sidebar":["https:\/\/infotep.com.ar\/wp-content\/uploads\/2023\/02\/WhatsApp-Image-2023-02-08-at-2.55.58-PM.jpeg",704,325,false],"blossom-feminine-blog":["https:\/\/infotep.com.ar\/wp-content\/uploads\/2023\/02\/WhatsApp-Image-2023-02-08-at-2.55.58-PM-435x325.jpeg",435,325,true],"blossom-feminine-cat":["https:\/\/infotep.com.ar\/wp-content\/uploads\/2023\/02\/WhatsApp-Image-2023-02-08-at-2.55.58-PM-450x300.jpeg",450,300,true],"blossom-feminine-related":["https:\/\/infotep.com.ar\/wp-content\/uploads\/2023\/02\/WhatsApp-Image-2023-02-08-at-2.55.58-PM-320x200.jpeg",320,200,true],"blossom-feminine-schema":["https:\/\/infotep.com.ar\/wp-content\/uploads\/2023\/02\/WhatsApp-Image-2023-02-08-at-2.55.58-PM-130x60.jpeg",130,60,true],"blossom-mommy-blog-slider-big":["https:\/\/infotep.com.ar\/wp-content\/uploads\/2023\/02\/WhatsApp-Image-2023-02-08-at-2.55.58-PM.jpeg",704,325,false],"blossom-mommy-blog-slider":["https:\/\/infotep.com.ar\/wp-content\/uploads\/2023\/02\/WhatsApp-Image-2023-02-08-at-2.55.58-PM-460x310.jpeg",460,310,true],"blossom-mommy-blog-two":["https:\/\/infotep.com.ar\/wp-content\/uploads\/2023\/02\/WhatsApp-Image-2023-02-08-at-2.55.58-PM.jpeg",704,325,false]},"author_info":{"info":["Angela Tobar"]},"category_info":"<a href=\"https:\/\/infotep.com.ar\/index.php\/category\/provinciales\/\" rel=\"category tag\">Provinciales<\/a>","tag_info":"Provinciales","comment_count":"0","_links":{"self":[{"href":"https:\/\/infotep.com.ar\/index.php\/wp-json\/wp\/v2\/posts\/3245"}],"collection":[{"href":"https:\/\/infotep.com.ar\/index.php\/wp-json\/wp\/v2\/posts"}],"about":[{"href":"https:\/\/infotep.com.ar\/index.php\/wp-json\/wp\/v2\/types\/post"}],"author":[{"embeddable":true,"href":"https:\/\/infotep.com.ar\/index.php\/wp-json\/wp\/v2\/users\/5"}],"replies":[{"embeddable":true,"href":"https:\/\/infotep.com.ar\/index.php\/wp-json\/wp\/v2\/comments?post=3245"}],"version-history":[{"count":1,"href":"https:\/\/infotep.com.ar\/index.php\/wp-json\/wp\/v2\/posts\/3245\/revisions"}],"predecessor-version":[{"id":3247,"href":"https:\/\/infotep.com.ar\/index.php\/wp-json\/wp\/v2\/posts\/3245\/revisions\/3247"}],"wp:featuredmedia":[{"embeddable":true,"href":"https:\/\/infotep.com.ar\/index.php\/wp-json\/wp\/v2\/media\/3246"}],"wp:attachment":[{"href":"https:\/\/infotep.com.ar\/index.php\/wp-json\/wp\/v2\/media?parent=3245"}],"wp:term":[{"taxonomy":"category","embeddable":true,"href":"https:\/\/infotep.com.ar\/index.php\/wp-json\/wp\/v2\/categories?post=3245"},{"taxonomy":"post_tag","embeddable":true,"href":"https:\/\/infotep.com.ar\/index.php\/wp-json\/wp\/v2\/tags?post=3245"}],"curies":[{"name":"wp","href":"https:\/\/api.w.org\/{rel}","templated":true}]}}