{"id":32456,"date":"2026-03-12T08:44:11","date_gmt":"2026-03-12T11:44:11","guid":{"rendered":"https:\/\/infotep.com.ar\/?p=32456"},"modified":"2026-03-12T08:44:11","modified_gmt":"2026-03-12T11:44:11","slug":"moreno-y-provincia-finalizaron-un-jardin-que-habia-quedado-paralizado","status":"publish","type":"post","link":"https:\/\/infotep.com.ar\/index.php\/2026\/03\/12\/moreno-y-provincia-finalizaron-un-jardin-que-habia-quedado-paralizado\/","title":{"rendered":"Moreno y Provincia finalizaron un jard\u00edn que hab\u00eda quedado paralizado"},"content":{"rendered":"\n<p>La intendenta de Moreno, Mariel Fern\u00e1ndez, y el gobernador de la provincia de Buenos Aires, Axel Kicillof, inauguraron el nuevo edificio del Jard\u00edn de Infantes N\u00b0 932 en el barrio Altos de La Reja. Del acto tambi\u00e9n particip\u00f3 la directora general de Cultura y Educaci\u00f3n bonaerense, Flavia Terigi, junto a autoridades y la comunidad educativa.<\/p>\n\n\n\n<p>La obra hab\u00eda comenzado en septiembre de 2022 con financiamiento de un programa nacional, pero qued\u00f3 paralizada tras el cambio de gobierno en 2023. Ante esa situaci\u00f3n, el municipio decidi\u00f3 retomar el proyecto utilizando recursos del Fondo de Financiamiento Educativo, lo que permiti\u00f3 completar el nuevo edificio.<\/p>\n\n\n\n<p>Las instalaciones cuentan con tres salas con patios internos, biblioteca, direcci\u00f3n, preceptor\u00eda, cocina, sal\u00f3n de usos m\u00faltiples, sala de m\u00e1quinas y patio exterior, lo que permitir\u00e1 mejorar las condiciones de ense\u00f1anza para la comunidad educativa.<\/p>\n\n\n\n<p>Durante la inauguraci\u00f3n, Fern\u00e1ndez destac\u00f3 el esfuerzo conjunto entre el municipio, la provincia y el equipo docente para finalizar la obra. \u201cHacer una obra en este contexto pol\u00edtico de nuestro pa\u00eds se celebra como un gran logro. Aunque atravesamos dificultades, queremos seguir dando respuestas e inaugurando escuelas\u201d, expres\u00f3.<\/p>\n\n\n\n<p>Por su parte, Kicillof se\u00f1al\u00f3 que la construcci\u00f3n hab\u00eda quedado detenida debido a la paralizaci\u00f3n de obras p\u00fablicas a nivel nacional y valor\u00f3 que el municipio haya utilizado el Fondo Educativo para finalizarla. \u201cEn Moreno el Fondo Educativo va a las escuelas\u201d, afirm\u00f3.<\/p>\n\n\n\n<p>La directora general de Cultura y Educaci\u00f3n bonaerense, Flavia Terigi, tambi\u00e9n remarc\u00f3 la importancia de la obra y record\u00f3 que el jard\u00edn tiene una larga trayectoria en el distrito, surgida inicialmente del esfuerzo de la comunidad.<\/p>\n\n\n\n<p>Del acto participaron adem\u00e1s el ministro de Trabajo bonaerense, Walter Correa; autoridades provinciales y municipales, legisladores y representantes de la comunidad educativa.<\/p>\n","protected":false},"excerpt":{"rendered":"<p>La intendenta de Moreno, Mariel Fern&aacute;ndez, y el gobernador de la provincia de Buenos Aires, Axel Kicillof, inauguraron el nuevo edificio del Jard&iacute;n de Infantes N&deg; 932 en el barrio Altos de La Reja. Del acto tambi&eacute;n particip&oacute; la directora general de Cultura y Educaci&oacute;n bonaerense, Flavia Terigi, junto a autoridades y la comunidad educativa. &hellip; <\/p>\n","protected":false},"author":5,"featured_media":32457,"comment_status":"closed","ping_status":"closed","sticky":false,"template":"","format":"standard","meta":{"om_disable_all_campaigns":false,"_joinchat":[]},"categories":[85,4],"tags":[],"featured_image_urls":{"full":["https:\/\/infotep.com.ar\/wp-content\/uploads\/2026\/03\/jardin-4.jpg",1920,1080,false],"thumbnail":["https:\/\/infotep.com.ar\/wp-content\/uploads\/2026\/03\/jardin-4-150x150.jpg",150,150,true],"medium":["https:\/\/infotep.com.ar\/wp-content\/uploads\/2026\/03\/jardin-4-300x169.jpg",300,169,true],"medium_large":["https:\/\/infotep.com.ar\/wp-content\/uploads\/2026\/03\/jardin-4-768x432.jpg",768,432,true],"large":["https:\/\/infotep.com.ar\/wp-content\/uploads\/2026\/03\/jardin-4-1024x576.jpg",1020,574,true],"1536x1536":["https:\/\/infotep.com.ar\/wp-content\/uploads\/2026\/03\/jardin-4-1536x864.jpg",1536,864,true],"2048x2048":["https:\/\/infotep.com.ar\/wp-content\/uploads\/2026\/03\/jardin-4.jpg",1920,1080,false],"blossom-feminine-slider":["https:\/\/infotep.com.ar\/wp-content\/uploads\/2026\/03\/jardin-4-1920x649.jpg",1920,649,true],"blossom-feminine-featured":["https:\/\/infotep.com.ar\/wp-content\/uploads\/2026\/03\/jardin-4-1410x600.jpg",1410,600,true],"blossom-feminine-with-sidebar":["https:\/\/infotep.com.ar\/wp-content\/uploads\/2026\/03\/jardin-4-1020x600.jpg",1020,600,true],"blossom-feminine-blog":["https:\/\/infotep.com.ar\/wp-content\/uploads\/2026\/03\/jardin-4-435x435.jpg",435,435,true],"blossom-feminine-cat":["https:\/\/infotep.com.ar\/wp-content\/uploads\/2026\/03\/jardin-4-450x300.jpg",450,300,true],"blossom-feminine-related":["https:\/\/infotep.com.ar\/wp-content\/uploads\/2026\/03\/jardin-4-320x200.jpg",320,200,true],"blossom-feminine-schema":["https:\/\/infotep.com.ar\/wp-content\/uploads\/2026\/03\/jardin-4-107x60.jpg",107,60,true],"blossom-mommy-blog-slider-big":["https:\/\/infotep.com.ar\/wp-content\/uploads\/2026\/03\/jardin-4-920x650.jpg",920,650,true],"blossom-mommy-blog-slider":["https:\/\/infotep.com.ar\/wp-content\/uploads\/2026\/03\/jardin-4-460x310.jpg",460,310,true],"blossom-mommy-blog-two":["https:\/\/infotep.com.ar\/wp-content\/uploads\/2026\/03\/jardin-4-768x480.jpg",768,480,true]},"author_info":{"info":["Angela Tobar"]},"category_info":"<a href=\"https:\/\/infotep.com.ar\/index.php\/category\/municipales\/moreno\/\" rel=\"category tag\">Moreno<\/a> <a href=\"https:\/\/infotep.com.ar\/index.php\/category\/provinciales\/\" rel=\"category tag\">Provinciales<\/a>","tag_info":"Provinciales","comment_count":"0","_links":{"self":[{"href":"https:\/\/infotep.com.ar\/index.php\/wp-json\/wp\/v2\/posts\/32456"}],"collection":[{"href":"https:\/\/infotep.com.ar\/index.php\/wp-json\/wp\/v2\/posts"}],"about":[{"href":"https:\/\/infotep.com.ar\/index.php\/wp-json\/wp\/v2\/types\/post"}],"author":[{"embeddable":true,"href":"https:\/\/infotep.com.ar\/index.php\/wp-json\/wp\/v2\/users\/5"}],"replies":[{"embeddable":true,"href":"https:\/\/infotep.com.ar\/index.php\/wp-json\/wp\/v2\/comments?post=32456"}],"version-history":[{"count":1,"href":"https:\/\/infotep.com.ar\/index.php\/wp-json\/wp\/v2\/posts\/32456\/revisions"}],"predecessor-version":[{"id":32458,"href":"https:\/\/infotep.com.ar\/index.php\/wp-json\/wp\/v2\/posts\/32456\/revisions\/32458"}],"wp:featuredmedia":[{"embeddable":true,"href":"https:\/\/infotep.com.ar\/index.php\/wp-json\/wp\/v2\/media\/32457"}],"wp:attachment":[{"href":"https:\/\/infotep.com.ar\/index.php\/wp-json\/wp\/v2\/media?parent=32456"}],"wp:term":[{"taxonomy":"category","embeddable":true,"href":"https:\/\/infotep.com.ar\/index.php\/wp-json\/wp\/v2\/categories?post=32456"},{"taxonomy":"post_tag","embeddable":true,"href":"https:\/\/infotep.com.ar\/index.php\/wp-json\/wp\/v2\/tags?post=32456"}],"curies":[{"name":"wp","href":"https:\/\/api.w.org\/{rel}","templated":true}]}}