{"id":32462,"date":"2026-03-12T08:50:02","date_gmt":"2026-03-12T11:50:02","guid":{"rendered":"https:\/\/infotep.com.ar\/?p=32462"},"modified":"2026-03-12T08:50:37","modified_gmt":"2026-03-12T11:50:37","slug":"prestadores-de-discapacidad-anuncian-cese-de-actividades-por-falta-de-pagos","status":"publish","type":"post","link":"https:\/\/infotep.com.ar\/index.php\/2026\/03\/12\/prestadores-de-discapacidad-anuncian-cese-de-actividades-por-falta-de-pagos\/","title":{"rendered":"Prestadores de discapacidad anuncian cese de actividades por falta de pagos"},"content":{"rendered":"\n<p>El Foro Permanente para la Promoci\u00f3n y la Defensa de los Derechos de las Personas con Discapacidad y las organizaciones que lo integran denunciaron una grave crisis en el sector debido a la falta de pagos por parte de PAMI, Incluir Salud y obras sociales nacionales.<\/p>\n\n\n\n<p>Ante la ausencia de respuestas del Gobierno nacional, convocaron a un cese de actividades los d\u00edas viernes 13, mi\u00e9rcoles 18 y jueves 19 de marzo. Durante esas jornadas, prestadores del sector \u2014escuelas, centros de d\u00eda, centros terap\u00e9uticos y transportistas\u2014 no brindar\u00e1n servicios, en reclamo por el pago inmediato de las prestaciones adeudadas.<\/p>\n\n\n\n<p>La medida fue anunciada durante una conferencia de prensa realizada en la Ciudad de Buenos Aires, donde representantes de instituciones, activistas y familiares advirtieron sobre el impacto de la situaci\u00f3n en miles de personas con discapacidad.<\/p>\n\n\n\n<p><strong>\u201cSi se frena el sistema, se paraliza todo\u201d<\/strong><\/p>\n\n\n\n<p>Adriana Salomone, integrante de la Asociaci\u00f3n de Padres DINAD \u2014instituci\u00f3n que brinda servicios escolares, centro de d\u00eda y hogar permanente para personas con discapacidad\u2014 describi\u00f3 la situaci\u00f3n con una met\u00e1fora:<\/p>\n\n\n\n<p>\u201cLa situaci\u00f3n es como un tren: la locomotora son el Estado y las obras sociales, que tienen que poner en marcha el motor con los recursos para sostener la asistencia. En el medio est\u00e1n las personas con discapacidad y atr\u00e1s todos los trabajadores: enfermeras, profesionales, docentes y terapeutas. Si quienes tienen que pagar frenan el tren de golpe, todo el sistema se paraliza\u201d.<\/p>\n\n\n\n<p>Seg\u00fan explic\u00f3, muchas instituciones dependen casi exclusivamente de los pagos de estos organismos para sostener su funcionamiento. En el caso de DINAD, el 50% de la facturaci\u00f3n corresponde a PAMI y el 30% a Incluir Salud, y ninguno de los dos organismos abon\u00f3 las prestaciones correspondientes a diciembre.<\/p>\n\n\n\n<p>\u201cLos trabajadores ya deber\u00edan haber cobrado sus salarios y la instituci\u00f3n tuvo que afrontar sueldos y aguinaldos. Hoy no podemos pagar salarios y los trabajadores tampoco pueden seguir sosteniendo esta situaci\u00f3n\u201d, advirti\u00f3.<\/p>\n\n\n\n<p>Salomone tambi\u00e9n alert\u00f3 sobre la situaci\u00f3n de los hogares permanentes, donde viven personas con discapacidad que en muchos casos no tienen familia o se encuentran bajo procesos judiciales.<\/p>\n\n\n\n<p><strong>Instituciones sin cobrar desde 2025<\/strong><\/p>\n\n\n\n<p>Por su parte, Pablo Molero, coordinador del Foro Permanente, asegur\u00f3 que muchas instituciones no reciben pagos desde octubre o noviembre de 2025, lo que gener\u00f3 una crisis financiera profunda.<\/p>\n\n\n\n<p>\u201cSin ingresos las instituciones no pueden afrontar salarios, insumos, alimentaci\u00f3n o servicios b\u00e1sicos. Frente a esto hay un gran silencio de parte de Incluir Salud, PAMI y las pensiones no contributivas\u201d, afirm\u00f3.<\/p>\n\n\n\n<p>Durante la conferencia tambi\u00e9n participaron el activista Jony De La Silla y la actriz Valentina Bassi, madre de un joven con autismo, quien advirti\u00f3 que el sistema de atenci\u00f3n a la discapacidad \u201cest\u00e1 asfixiado\u201d y reclam\u00f3 respuestas estructurales frente a la crisis.<\/p>\n\n\n\n<p>Desde el Foro Permanente y las organizaciones que lo integran exigieron el pago urgente de las prestaciones adeudadas, al considerar que la falta de financiamiento pone en riesgo la continuidad de servicios esenciales para miles de personas con discapacidad en todo el pa\u00eds.<\/p>\n","protected":false},"excerpt":{"rendered":"<p>El Foro Permanente para la Promoci&oacute;n y la Defensa de los Derechos de las Personas con Discapacidad y las organizaciones que lo integran denunciaron una grave crisis en el sector debido a la falta de pagos por parte de PAMI, Incluir Salud y obras sociales nacionales. Ante la ausencia de respuestas del Gobierno nacional, convocaron &hellip; <\/p>\n","protected":false},"author":5,"featured_media":24350,"comment_status":"closed","ping_status":"closed","sticky":false,"template":"","format":"standard","meta":{"om_disable_all_campaigns":false,"_joinchat":[]},"categories":[3],"tags":[],"featured_image_urls":{"full":["https:\/\/infotep.com.ar\/wp-content\/uploads\/2025\/06\/disca.webp",1079,720,false],"thumbnail":["https:\/\/infotep.com.ar\/wp-content\/uploads\/2025\/06\/disca-150x150.webp",150,150,true],"medium":["https:\/\/infotep.com.ar\/wp-content\/uploads\/2025\/06\/disca-300x200.webp",300,200,true],"medium_large":["https:\/\/infotep.com.ar\/wp-content\/uploads\/2025\/06\/disca-768x512.webp",768,512,true],"large":["https:\/\/infotep.com.ar\/wp-content\/uploads\/2025\/06\/disca-1024x683.webp",1020,680,true],"1536x1536":["https:\/\/infotep.com.ar\/wp-content\/uploads\/2025\/06\/disca.webp",1079,720,false],"2048x2048":["https:\/\/infotep.com.ar\/wp-content\/uploads\/2025\/06\/disca.webp",1079,720,false],"blossom-feminine-slider":["https:\/\/infotep.com.ar\/wp-content\/uploads\/2025\/06\/disca-1079x649.webp",1079,649,true],"blossom-feminine-featured":["https:\/\/infotep.com.ar\/wp-content\/uploads\/2025\/06\/disca-1079x600.webp",1079,600,true],"blossom-feminine-with-sidebar":["https:\/\/infotep.com.ar\/wp-content\/uploads\/2025\/06\/disca-1020x600.webp",1020,600,true],"blossom-feminine-blog":["https:\/\/infotep.com.ar\/wp-content\/uploads\/2025\/06\/disca-435x435.webp",435,435,true],"blossom-feminine-cat":["https:\/\/infotep.com.ar\/wp-content\/uploads\/2025\/06\/disca-450x300.webp",450,300,true],"blossom-feminine-related":["https:\/\/infotep.com.ar\/wp-content\/uploads\/2025\/06\/disca-320x200.webp",320,200,true],"blossom-feminine-schema":["https:\/\/infotep.com.ar\/wp-content\/uploads\/2025\/06\/disca-90x60.webp",90,60,true],"blossom-mommy-blog-slider-big":["https:\/\/infotep.com.ar\/wp-content\/uploads\/2025\/06\/disca-920x650.webp",920,650,true],"blossom-mommy-blog-slider":["https:\/\/infotep.com.ar\/wp-content\/uploads\/2025\/06\/disca-460x310.webp",460,310,true],"blossom-mommy-blog-two":["https:\/\/infotep.com.ar\/wp-content\/uploads\/2025\/06\/disca-768x480.webp",768,480,true]},"author_info":{"info":["Angela Tobar"]},"category_info":"<a href=\"https:\/\/infotep.com.ar\/index.php\/category\/nacionales\/\" rel=\"category tag\">Nacionales<\/a>","tag_info":"Nacionales","comment_count":"0","_links":{"self":[{"href":"https:\/\/infotep.com.ar\/index.php\/wp-json\/wp\/v2\/posts\/32462"}],"collection":[{"href":"https:\/\/infotep.com.ar\/index.php\/wp-json\/wp\/v2\/posts"}],"about":[{"href":"https:\/\/infotep.com.ar\/index.php\/wp-json\/wp\/v2\/types\/post"}],"author":[{"embeddable":true,"href":"https:\/\/infotep.com.ar\/index.php\/wp-json\/wp\/v2\/users\/5"}],"replies":[{"embeddable":true,"href":"https:\/\/infotep.com.ar\/index.php\/wp-json\/wp\/v2\/comments?post=32462"}],"version-history":[{"count":1,"href":"https:\/\/infotep.com.ar\/index.php\/wp-json\/wp\/v2\/posts\/32462\/revisions"}],"predecessor-version":[{"id":32463,"href":"https:\/\/infotep.com.ar\/index.php\/wp-json\/wp\/v2\/posts\/32462\/revisions\/32463"}],"wp:featuredmedia":[{"embeddable":true,"href":"https:\/\/infotep.com.ar\/index.php\/wp-json\/wp\/v2\/media\/24350"}],"wp:attachment":[{"href":"https:\/\/infotep.com.ar\/index.php\/wp-json\/wp\/v2\/media?parent=32462"}],"wp:term":[{"taxonomy":"category","embeddable":true,"href":"https:\/\/infotep.com.ar\/index.php\/wp-json\/wp\/v2\/categories?post=32462"},{"taxonomy":"post_tag","embeddable":true,"href":"https:\/\/infotep.com.ar\/index.php\/wp-json\/wp\/v2\/tags?post=32462"}],"curies":[{"name":"wp","href":"https:\/\/api.w.org\/{rel}","templated":true}]}}