{"id":32465,"date":"2026-03-12T08:59:55","date_gmt":"2026-03-12T11:59:55","guid":{"rendered":"https:\/\/infotep.com.ar\/?p=32465"},"modified":"2026-03-12T08:59:55","modified_gmt":"2026-03-12T11:59:55","slug":"los-senadores-cobraran-mas-de-11-millones-de-pesos-desde-marzo-tras-un-nuevo-aumento","status":"publish","type":"post","link":"https:\/\/infotep.com.ar\/index.php\/2026\/03\/12\/los-senadores-cobraran-mas-de-11-millones-de-pesos-desde-marzo-tras-un-nuevo-aumento\/","title":{"rendered":"Los senadores cobrar\u00e1n m\u00e1s de 11 millones de pesos desde marzo tras un nuevo aumento"},"content":{"rendered":"\n<p>Los integrantes del Senado de la Naci\u00f3n Argentina pasar\u00e1n a cobrar en marzo una dieta superior a los 11 millones de pesos brutos, debido a que sus ingresos est\u00e1n vinculados a los aumentos salariales acordados en las paritarias de los trabajadores legislativos.<\/p>\n\n\n\n<p>Seg\u00fan confirmaron fuentes parlamentarias a Noticias Argentinas, los gremios del Congreso firmaron este mi\u00e9rcoles un acuerdo salarial del 12,5% acumulado entre diciembre y mayo, lo que impactar\u00e1 directamente en los haberes de los senadores.<\/p>\n\n\n\n<p>De esta manera, quienes hasta noviembre percib\u00edan alrededor de 10,2 millones de pesos brutos pasar\u00e1n a cobrar unos 11 millones en marzo y 11,5 millones en mayo, ya que sus dietas est\u00e1n acopladas a los incrementos de la paritaria legislativa.<\/p>\n\n\n\n<p><strong>C\u00f3mo se defini\u00f3 el mecanismo<\/strong><\/p>\n\n\n\n<p>El sistema de actualizaci\u00f3n autom\u00e1tica fue restablecido en abril de 2024, cuando los senadores decidieron volver a vincular sus dietas a los aumentos salariales del personal legislativo. La medida hab\u00eda sido suspendida previamente por una resoluci\u00f3n de la vicepresidenta Victoria Villarruel y del presidente de la C\u00e1mara de Diputados, Mart\u00edn Menem.<\/p>\n\n\n\n<p>La decisi\u00f3n se aprob\u00f3 a mano alzada en el recinto, lo que gener\u00f3 cr\u00edticas incluso entre algunos legisladores que manifestaron su desacuerdo con el mecanismo impulsado por la mayor\u00eda.<\/p>\n\n\n\n<p><strong>Diferencia con Diputados<\/strong><\/p>\n\n\n\n<p>A diferencia del Senado, en la C\u00e1mara de Diputados de la Naci\u00f3n Argentina las dietas no se actualizan autom\u00e1ticamente con cada paritaria. All\u00ed los aumentos dependen de decisiones administrativas del titular del cuerpo, por lo que los ingresos de los diputados se ubican actualmente cerca de los 6 millones de pesos brutos.<\/p>\n\n\n\n<p><strong>C\u00f3mo se compone la dieta<\/strong><\/p>\n\n\n\n<p>El salario de los senadores se calcula en base al sistema de m\u00f3dulos del Congreso. Actualmente reciben:<\/p>\n\n\n\n<p>2500 m\u00f3dulos por dieta<\/p>\n\n\n\n<p>1000 m\u00f3dulos por gastos de representaci\u00f3n<\/p>\n\n\n\n<p>500 m\u00f3dulos por desarraigo<\/p>\n\n\n\n<p>El adicional por desarraigo no lo perciben los senadores de la Ciudad de Buenos Aires ni algunos casos particulares. Tampoco cobra la dieta la exgobernadora de Santa Cruz y actual senadora Alicia Kirchner, quien decidi\u00f3 mantener su jubilaci\u00f3n provincial.<\/p>\n\n\n\n<p>El acuerdo salarial legislativo<\/p>\n\n\n\n<p>El incremento salarial fue acordado entre los gremios legislativos \u2014Asociaci\u00f3n del Personal Legislativo (APL), ATE y UPCN\u2014 y las autoridades del Congreso.<\/p>\n\n\n\n<p><strong>El convenio establece subas retroactivas y progresivas:<\/strong><\/p>\n\n\n\n<p>2% en diciembre<\/p>\n\n\n\n<p>2,5% en enero<\/p>\n\n\n\n<p>2,2% en febrero<\/p>\n\n\n\n<p>2% en marzo<\/p>\n\n\n\n<p>1,7% en abril<\/p>\n\n\n\n<p>1,5% en mayo<\/p>\n\n\n\n<p>El acuerdo fue firmado, entre otros, por el titular de APL, Norberto Di Pr\u00f3spero, junto a representantes de los otros sindicatos y autoridades parlamentarias.<\/p>\n\n\n\n<p>En un comunicado, los gremios se\u00f1alaron que el incremento \u201cno significa la soluci\u00f3n a la realidad que atravesamos como personal legislativo, sino un alivio\u201d, y aclararon que el 12,5% acordado no implica el cierre de las negociaciones salariales.<\/p>\n\n\n\n<p><\/p>\n\n\n\n<p><\/p>\n\n\n\n<p><\/p>\n","protected":false},"excerpt":{"rendered":"<p>Los integrantes del Senado de la Naci&oacute;n Argentina pasar&aacute;n a cobrar en marzo una dieta superior a los 11 millones de pesos brutos, debido a que sus ingresos est&aacute;n vinculados a los aumentos salariales acordados en las paritarias de los trabajadores legislativos. Seg&uacute;n confirmaron fuentes parlamentarias a Noticias Argentinas, los gremios del Congreso firmaron este &hellip; <\/p>\n","protected":false},"author":5,"featured_media":32466,"comment_status":"closed","ping_status":"closed","sticky":false,"template":"","format":"standard","meta":{"om_disable_all_campaigns":false,"_joinchat":[]},"categories":[3],"tags":[],"featured_image_urls":{"full":["https:\/\/infotep.com.ar\/wp-content\/uploads\/2026\/03\/720-3.webp",1080,720,false],"thumbnail":["https:\/\/infotep.com.ar\/wp-content\/uploads\/2026\/03\/720-3-150x150.webp",150,150,true],"medium":["https:\/\/infotep.com.ar\/wp-content\/uploads\/2026\/03\/720-3-300x200.webp",300,200,true],"medium_large":["https:\/\/infotep.com.ar\/wp-content\/uploads\/2026\/03\/720-3-768x512.webp",768,512,true],"large":["https:\/\/infotep.com.ar\/wp-content\/uploads\/2026\/03\/720-3-1024x683.webp",1020,680,true],"1536x1536":["https:\/\/infotep.com.ar\/wp-content\/uploads\/2026\/03\/720-3.webp",1080,720,false],"2048x2048":["https:\/\/infotep.com.ar\/wp-content\/uploads\/2026\/03\/720-3.webp",1080,720,false],"blossom-feminine-slider":["https:\/\/infotep.com.ar\/wp-content\/uploads\/2026\/03\/720-3-1080x649.webp",1080,649,true],"blossom-feminine-featured":["https:\/\/infotep.com.ar\/wp-content\/uploads\/2026\/03\/720-3-1080x600.webp",1080,600,true],"blossom-feminine-with-sidebar":["https:\/\/infotep.com.ar\/wp-content\/uploads\/2026\/03\/720-3-1020x600.webp",1020,600,true],"blossom-feminine-blog":["https:\/\/infotep.com.ar\/wp-content\/uploads\/2026\/03\/720-3-435x435.webp",435,435,true],"blossom-feminine-cat":["https:\/\/infotep.com.ar\/wp-content\/uploads\/2026\/03\/720-3-450x300.webp",450,300,true],"blossom-feminine-related":["https:\/\/infotep.com.ar\/wp-content\/uploads\/2026\/03\/720-3-320x200.webp",320,200,true],"blossom-feminine-schema":["https:\/\/infotep.com.ar\/wp-content\/uploads\/2026\/03\/720-3-90x60.webp",90,60,true],"blossom-mommy-blog-slider-big":["https:\/\/infotep.com.ar\/wp-content\/uploads\/2026\/03\/720-3-920x650.webp",920,650,true],"blossom-mommy-blog-slider":["https:\/\/infotep.com.ar\/wp-content\/uploads\/2026\/03\/720-3-460x310.webp",460,310,true],"blossom-mommy-blog-two":["https:\/\/infotep.com.ar\/wp-content\/uploads\/2026\/03\/720-3-768x480.webp",768,480,true]},"author_info":{"info":["Angela Tobar"]},"category_info":"<a href=\"https:\/\/infotep.com.ar\/index.php\/category\/nacionales\/\" rel=\"category tag\">Nacionales<\/a>","tag_info":"Nacionales","comment_count":"0","_links":{"self":[{"href":"https:\/\/infotep.com.ar\/index.php\/wp-json\/wp\/v2\/posts\/32465"}],"collection":[{"href":"https:\/\/infotep.com.ar\/index.php\/wp-json\/wp\/v2\/posts"}],"about":[{"href":"https:\/\/infotep.com.ar\/index.php\/wp-json\/wp\/v2\/types\/post"}],"author":[{"embeddable":true,"href":"https:\/\/infotep.com.ar\/index.php\/wp-json\/wp\/v2\/users\/5"}],"replies":[{"embeddable":true,"href":"https:\/\/infotep.com.ar\/index.php\/wp-json\/wp\/v2\/comments?post=32465"}],"version-history":[{"count":1,"href":"https:\/\/infotep.com.ar\/index.php\/wp-json\/wp\/v2\/posts\/32465\/revisions"}],"predecessor-version":[{"id":32467,"href":"https:\/\/infotep.com.ar\/index.php\/wp-json\/wp\/v2\/posts\/32465\/revisions\/32467"}],"wp:featuredmedia":[{"embeddable":true,"href":"https:\/\/infotep.com.ar\/index.php\/wp-json\/wp\/v2\/media\/32466"}],"wp:attachment":[{"href":"https:\/\/infotep.com.ar\/index.php\/wp-json\/wp\/v2\/media?parent=32465"}],"wp:term":[{"taxonomy":"category","embeddable":true,"href":"https:\/\/infotep.com.ar\/index.php\/wp-json\/wp\/v2\/categories?post=32465"},{"taxonomy":"post_tag","embeddable":true,"href":"https:\/\/infotep.com.ar\/index.php\/wp-json\/wp\/v2\/tags?post=32465"}],"curies":[{"name":"wp","href":"https:\/\/api.w.org\/{rel}","templated":true}]}}