{"id":32468,"date":"2026-03-12T09:03:19","date_gmt":"2026-03-12T12:03:19","guid":{"rendered":"https:\/\/infotep.com.ar\/?p=32468"},"modified":"2026-03-12T09:03:19","modified_gmt":"2026-03-12T12:03:19","slug":"seguro-por-desempleo-de-anses-quienes-pueden-acceder-y-cuanto-se-cobra","status":"publish","type":"post","link":"https:\/\/infotep.com.ar\/index.php\/2026\/03\/12\/seguro-por-desempleo-de-anses-quienes-pueden-acceder-y-cuanto-se-cobra\/","title":{"rendered":"Seguro por desempleo de ANSES: qui\u00e9nes pueden acceder y cu\u00e1nto se cobra"},"content":{"rendered":"\n<p>La Administraci\u00f3n Nacional de la Seguridad Social (ANSES) cuenta con un seguro por desempleo destinado a trabajadores formales que perdieron su trabajo sin causa, con el objetivo de brindar un ingreso econ\u00f3mico temporal mientras buscan reinsertarse en el mercado laboral.<\/p>\n\n\n\n<p>El beneficio est\u00e1 dirigido a personas que realizaron aportes al sistema previsional, por lo que el monto y la duraci\u00f3n del pago dependen de los meses trabajados y aportados.<\/p>\n\n\n\n<p>Adem\u00e1s, el organismo contin\u00faa con el calendario de pagos correspondiente a marzo de 2026 para jubilaciones, pensiones y otras prestaciones.<\/p>\n\n\n\n<p><strong>Qui\u00e9nes pueden cobrar el seguro de desempleo<\/strong><\/p>\n\n\n\n<p>El beneficio est\u00e1 destinado a trabajadores en relaci\u00f3n de dependencia que hayan perdido su empleo sin causa, ya sea por despido, finalizaci\u00f3n de contrato o causas ajenas a su voluntad.<\/p>\n\n\n\n<p>Para acceder se deben cumplir estos requisitos:<\/p>\n\n\n\n<p>Trabajadores en relaci\u00f3n de dependencia<\/p>\n\n\n\n<p>Tener al menos 6 meses de aportes en los \u00faltimos 3 a\u00f1os.<\/p>\n\n\n\n<p>Trabajadores de la construcci\u00f3n<\/p>\n\n\n\n<p>Contar con 8 meses de aportes en los \u00faltimos 2 a\u00f1os.<\/p>\n\n\n\n<p>Que el v\u00ednculo laboral haya finalizado por despido sin causa o finalizaci\u00f3n de obra.<\/p>\n\n\n\n<p>Desde ANSES explicaron que la prestaci\u00f3n contempla condiciones diferentes seg\u00fan el tipo de empleo, para adaptarse a las particularidades del sector privado y del rubro de la construcci\u00f3n.<\/p>\n\n\n\n<p><strong>C\u00f3mo saber si corresponde el beneficio<\/strong><\/p>\n\n\n\n<p>Quienes quieran verificar si cumplen los requisitos pueden ingresar al sitio oficial de ANSES o acceder a su cuenta en la plataforma Mi ANSES.<\/p>\n\n\n\n<p>Desde all\u00ed es posible:<\/p>\n\n\n\n<p>Iniciar el tr\u00e1mite online<\/p>\n\n\n\n<p>Seguir el estado del expediente<\/p>\n\n\n\n<p>Consultar fecha y lugar de cobro<\/p>\n\n\n\n<p>Realizar gestiones sin ir a una oficina<\/p>\n\n\n\n<p>De todas maneras, el organismo tambi\u00e9n mantiene atenci\u00f3n presencial para quienes prefieran asesoramiento personalizado.<\/p>\n\n\n\n<p>Las autoridades recomiendan iniciar el tr\u00e1mite lo antes posible despu\u00e9s de perder el empleo, ya que los plazos pueden influir en el monto del beneficio y en la cantidad de cuotas que se reciben.<\/p>\n\n\n\n<p><strong>Qu\u00e9 documentaci\u00f3n se necesita<\/strong><\/p>\n\n\n\n<p>Para iniciar el tr\u00e1mite se debe presentar:<\/p>\n\n\n\n<p>DNI original y copia<\/p>\n\n\n\n<p>Documentaci\u00f3n que acredite la situaci\u00f3n de desempleo<\/p>\n\n\n\n<p>Los documentos var\u00edan seg\u00fan el motivo de finalizaci\u00f3n del trabajo:<\/p>\n\n\n\n<p>Despido sin causa<\/p>\n\n\n\n<p>Telegrama de despido<\/p>\n\n\n\n<p>Carta documento<\/p>\n\n\n\n<p>Nota firmada por el empleador<\/p>\n\n\n\n<p>Quiebra de la empresa<\/p>\n\n\n\n<p>Sentencia judicial<\/p>\n\n\n\n<p>Constancia del s\u00edndico<\/p>\n\n\n\n<p>Publicaci\u00f3n en el Bolet\u00edn Oficial<\/p>\n\n\n\n<p>Contrato a plazo fijo no renovado<\/p>\n\n\n\n<p>Contrato vencido<\/p>\n\n\n\n<p>Enfermedad o accidente<\/p>\n\n\n\n<p><strong>Certificado m\u00e9dico de aptitud laboral<\/strong><\/p>\n\n\n\n<p>Desde ANSES tambi\u00e9n aclararon que si hubo intercambio de telegramas con el empleador, primero se debe completar un tr\u00e1mite previo antes de solicitar el seguro.<\/p>\n\n\n\n<p>El seguro de desempleo funciona como una ayuda econ\u00f3mica transitoria para trabajadores formales que perdieron su empleo, permiti\u00e9ndoles contar con ingresos mientras avanzan en la b\u00fasqueda de una nueva oportunidad laboral.<\/p>\n","protected":false},"excerpt":{"rendered":"<p>La Administraci&oacute;n Nacional de la Seguridad Social (ANSES) cuenta con un seguro por desempleo destinado a trabajadores formales que perdieron su trabajo sin causa, con el objetivo de brindar un ingreso econ&oacute;mico temporal mientras buscan reinsertarse en el mercado laboral. El beneficio est&aacute; dirigido a personas que realizaron aportes al sistema previsional, por lo que &hellip; <\/p>\n","protected":false},"author":5,"featured_media":20460,"comment_status":"closed","ping_status":"closed","sticky":false,"template":"","format":"standard","meta":{"om_disable_all_campaigns":false,"_joinchat":[]},"categories":[3],"tags":[],"featured_image_urls":{"full":["https:\/\/infotep.com.ar\/wp-content\/uploads\/2025\/02\/anses.jpg",800,450,false],"thumbnail":["https:\/\/infotep.com.ar\/wp-content\/uploads\/2025\/02\/anses-150x150.jpg",150,150,true],"medium":["https:\/\/infotep.com.ar\/wp-content\/uploads\/2025\/02\/anses-300x169.jpg",300,169,true],"medium_large":["https:\/\/infotep.com.ar\/wp-content\/uploads\/2025\/02\/anses-768x432.jpg",768,432,true],"large":["https:\/\/infotep.com.ar\/wp-content\/uploads\/2025\/02\/anses.jpg",800,450,false],"1536x1536":["https:\/\/infotep.com.ar\/wp-content\/uploads\/2025\/02\/anses.jpg",800,450,false],"2048x2048":["https:\/\/infotep.com.ar\/wp-content\/uploads\/2025\/02\/anses.jpg",800,450,false],"blossom-feminine-slider":["https:\/\/infotep.com.ar\/wp-content\/uploads\/2025\/02\/anses.jpg",800,450,false],"blossom-feminine-featured":["https:\/\/infotep.com.ar\/wp-content\/uploads\/2025\/02\/anses.jpg",800,450,false],"blossom-feminine-with-sidebar":["https:\/\/infotep.com.ar\/wp-content\/uploads\/2025\/02\/anses.jpg",800,450,false],"blossom-feminine-blog":["https:\/\/infotep.com.ar\/wp-content\/uploads\/2025\/02\/anses-435x435.jpg",435,435,true],"blossom-feminine-cat":["https:\/\/infotep.com.ar\/wp-content\/uploads\/2025\/02\/anses-450x300.jpg",450,300,true],"blossom-feminine-related":["https:\/\/infotep.com.ar\/wp-content\/uploads\/2025\/02\/anses-320x200.jpg",320,200,true],"blossom-feminine-schema":["https:\/\/infotep.com.ar\/wp-content\/uploads\/2025\/02\/anses-107x60.jpg",107,60,true],"blossom-mommy-blog-slider-big":["https:\/\/infotep.com.ar\/wp-content\/uploads\/2025\/02\/anses.jpg",800,450,false],"blossom-mommy-blog-slider":["https:\/\/infotep.com.ar\/wp-content\/uploads\/2025\/02\/anses-460x310.jpg",460,310,true],"blossom-mommy-blog-two":["https:\/\/infotep.com.ar\/wp-content\/uploads\/2025\/02\/anses-768x450.jpg",768,450,true]},"author_info":{"info":["Angela Tobar"]},"category_info":"<a href=\"https:\/\/infotep.com.ar\/index.php\/category\/nacionales\/\" rel=\"category tag\">Nacionales<\/a>","tag_info":"Nacionales","comment_count":"0","_links":{"self":[{"href":"https:\/\/infotep.com.ar\/index.php\/wp-json\/wp\/v2\/posts\/32468"}],"collection":[{"href":"https:\/\/infotep.com.ar\/index.php\/wp-json\/wp\/v2\/posts"}],"about":[{"href":"https:\/\/infotep.com.ar\/index.php\/wp-json\/wp\/v2\/types\/post"}],"author":[{"embeddable":true,"href":"https:\/\/infotep.com.ar\/index.php\/wp-json\/wp\/v2\/users\/5"}],"replies":[{"embeddable":true,"href":"https:\/\/infotep.com.ar\/index.php\/wp-json\/wp\/v2\/comments?post=32468"}],"version-history":[{"count":1,"href":"https:\/\/infotep.com.ar\/index.php\/wp-json\/wp\/v2\/posts\/32468\/revisions"}],"predecessor-version":[{"id":32469,"href":"https:\/\/infotep.com.ar\/index.php\/wp-json\/wp\/v2\/posts\/32468\/revisions\/32469"}],"wp:featuredmedia":[{"embeddable":true,"href":"https:\/\/infotep.com.ar\/index.php\/wp-json\/wp\/v2\/media\/20460"}],"wp:attachment":[{"href":"https:\/\/infotep.com.ar\/index.php\/wp-json\/wp\/v2\/media?parent=32468"}],"wp:term":[{"taxonomy":"category","embeddable":true,"href":"https:\/\/infotep.com.ar\/index.php\/wp-json\/wp\/v2\/categories?post=32468"},{"taxonomy":"post_tag","embeddable":true,"href":"https:\/\/infotep.com.ar\/index.php\/wp-json\/wp\/v2\/tags?post=32468"}],"curies":[{"name":"wp","href":"https:\/\/api.w.org\/{rel}","templated":true}]}}