{"id":32470,"date":"2026-03-12T09:07:30","date_gmt":"2026-03-12T12:07:30","guid":{"rendered":"https:\/\/infotep.com.ar\/?p=32470"},"modified":"2026-03-12T09:07:31","modified_gmt":"2026-03-12T12:07:31","slug":"reves-para-la-cgt-la-justicia-rechazo-el-amparo-contra-el-traspaso-del-fuero-laboral-a-la-ciudad-de-buenos-aires","status":"publish","type":"post","link":"https:\/\/infotep.com.ar\/index.php\/2026\/03\/12\/reves-para-la-cgt-la-justicia-rechazo-el-amparo-contra-el-traspaso-del-fuero-laboral-a-la-ciudad-de-buenos-aires\/","title":{"rendered":"Rev\u00e9s para la CGT: la Justicia rechaz\u00f3 el amparo contra el traspaso del Fuero Laboral a la Ciudad de Buenos Aires"},"content":{"rendered":"\n<p>El Juzgado Contencioso Administrativo Federal N\u00b07, a cargo del juez Enrique Lavi\u00e9 Pico, rechaz\u00f3 este mi\u00e9rcoles la presentaci\u00f3n de la CGT que buscaba frenar la transferencia del Fuero Laboral a la \u00f3rbita de la Ciudad de Buenos Aires. La central obrera hab\u00eda solicitado una medida cautelar de no innovar para suspender la implementaci\u00f3n de los art\u00edculos 90 y 91 de la Ley de Modernizaci\u00f3n Laboral.<\/p>\n\n\n\n<p>En su fallo, Lavi\u00e9 Pico consider\u00f3 que no se acreditaron los requisitos de urgencia ni el peligro en la demora que justificara la suspensi\u00f3n de la ley recientemente sancionada por el Congreso. Seg\u00fan el juez, la acci\u00f3n de amparo no demostr\u00f3 un perjuicio irreparable que hiciera \u201cilusoria la futura sentencia\u201d.<\/p>\n\n\n\n<p><strong>El reclamo de la CGT<\/strong><\/p>\n\n\n\n<p>En el amparo presentado el viernes pasado, la CGT solicit\u00f3 suspender de manera inmediata:<\/p>\n\n\n\n<p>El cierre de 30 Juzgados de Primera Instancia del Trabajo.<\/p>\n\n\n\n<p>La eliminaci\u00f3n progresiva de la Justicia Nacional del Trabajo.<\/p>\n\n\n\n<p>Las transferencias de competencias al \u00e1mbito de la Ciudad de Buenos Aires.<\/p>\n\n\n\n<p>La central sindical argument\u00f3 que la reforma vulnera derechos constitucionales y deja a los trabajadores en situaci\u00f3n de indefensi\u00f3n frente a la p\u00e9rdida de garant\u00edas judiciales.<\/p>\n\n\n\n<p><strong>Argumentos del juez<\/strong><\/p>\n\n\n\n<p>Lavi\u00e9 Pico destac\u00f3 que, en el marco de la acci\u00f3n de amparo \u201cno se advierte la configuraci\u00f3n del peligro en la demora que justifique la tutela requerida\u201d y que los elementos aportados por la CGT no resultan suficientes para frenar la ley.<\/p>\n\n\n\n<p>En otras palabras, el tribunal consider\u00f3 que la medida solicitada por la central obrera carec\u00eda de urgencia y que el proceso deb\u00eda seguir su curso natural para que eventualmente se pueda analizar el fondo del asunto.<\/p>\n","protected":false},"excerpt":{"rendered":"<p>El Juzgado Contencioso Administrativo Federal N&deg;7, a cargo del juez Enrique Lavi&eacute; Pico, rechaz&oacute; este mi&eacute;rcoles la presentaci&oacute;n de la CGT que buscaba frenar la transferencia del Fuero Laboral a la &oacute;rbita de la Ciudad de Buenos Aires. La central obrera hab&iacute;a solicitado una medida cautelar de no innovar para suspender la implementaci&oacute;n de los &hellip; <\/p>\n","protected":false},"author":5,"featured_media":32471,"comment_status":"closed","ping_status":"closed","sticky":false,"template":"","format":"standard","meta":{"om_disable_all_campaigns":false,"_joinchat":[]},"categories":[7],"tags":[],"featured_image_urls":{"full":["https:\/\/infotep.com.ar\/wp-content\/uploads\/2026\/03\/cgt-1.webp",993,720,false],"thumbnail":["https:\/\/infotep.com.ar\/wp-content\/uploads\/2026\/03\/cgt-1-150x150.webp",150,150,true],"medium":["https:\/\/infotep.com.ar\/wp-content\/uploads\/2026\/03\/cgt-1-300x218.webp",300,218,true],"medium_large":["https:\/\/infotep.com.ar\/wp-content\/uploads\/2026\/03\/cgt-1-768x557.webp",768,557,true],"large":["https:\/\/infotep.com.ar\/wp-content\/uploads\/2026\/03\/cgt-1.webp",993,720,false],"1536x1536":["https:\/\/infotep.com.ar\/wp-content\/uploads\/2026\/03\/cgt-1.webp",993,720,false],"2048x2048":["https:\/\/infotep.com.ar\/wp-content\/uploads\/2026\/03\/cgt-1.webp",993,720,false],"blossom-feminine-slider":["https:\/\/infotep.com.ar\/wp-content\/uploads\/2026\/03\/cgt-1-993x649.webp",993,649,true],"blossom-feminine-featured":["https:\/\/infotep.com.ar\/wp-content\/uploads\/2026\/03\/cgt-1-993x600.webp",993,600,true],"blossom-feminine-with-sidebar":["https:\/\/infotep.com.ar\/wp-content\/uploads\/2026\/03\/cgt-1-993x600.webp",993,600,true],"blossom-feminine-blog":["https:\/\/infotep.com.ar\/wp-content\/uploads\/2026\/03\/cgt-1-435x435.webp",435,435,true],"blossom-feminine-cat":["https:\/\/infotep.com.ar\/wp-content\/uploads\/2026\/03\/cgt-1-450x300.webp",450,300,true],"blossom-feminine-related":["https:\/\/infotep.com.ar\/wp-content\/uploads\/2026\/03\/cgt-1-320x200.webp",320,200,true],"blossom-feminine-schema":["https:\/\/infotep.com.ar\/wp-content\/uploads\/2026\/03\/cgt-1-83x60.webp",83,60,true],"blossom-mommy-blog-slider-big":["https:\/\/infotep.com.ar\/wp-content\/uploads\/2026\/03\/cgt-1-920x650.webp",920,650,true],"blossom-mommy-blog-slider":["https:\/\/infotep.com.ar\/wp-content\/uploads\/2026\/03\/cgt-1-460x310.webp",460,310,true],"blossom-mommy-blog-two":["https:\/\/infotep.com.ar\/wp-content\/uploads\/2026\/03\/cgt-1-768x480.webp",768,480,true]},"author_info":{"info":["Angela Tobar"]},"category_info":"<a href=\"https:\/\/infotep.com.ar\/index.php\/category\/gremios\/\" rel=\"category tag\">Gremios<\/a>","tag_info":"Gremios","comment_count":"0","_links":{"self":[{"href":"https:\/\/infotep.com.ar\/index.php\/wp-json\/wp\/v2\/posts\/32470"}],"collection":[{"href":"https:\/\/infotep.com.ar\/index.php\/wp-json\/wp\/v2\/posts"}],"about":[{"href":"https:\/\/infotep.com.ar\/index.php\/wp-json\/wp\/v2\/types\/post"}],"author":[{"embeddable":true,"href":"https:\/\/infotep.com.ar\/index.php\/wp-json\/wp\/v2\/users\/5"}],"replies":[{"embeddable":true,"href":"https:\/\/infotep.com.ar\/index.php\/wp-json\/wp\/v2\/comments?post=32470"}],"version-history":[{"count":1,"href":"https:\/\/infotep.com.ar\/index.php\/wp-json\/wp\/v2\/posts\/32470\/revisions"}],"predecessor-version":[{"id":32472,"href":"https:\/\/infotep.com.ar\/index.php\/wp-json\/wp\/v2\/posts\/32470\/revisions\/32472"}],"wp:featuredmedia":[{"embeddable":true,"href":"https:\/\/infotep.com.ar\/index.php\/wp-json\/wp\/v2\/media\/32471"}],"wp:attachment":[{"href":"https:\/\/infotep.com.ar\/index.php\/wp-json\/wp\/v2\/media?parent=32470"}],"wp:term":[{"taxonomy":"category","embeddable":true,"href":"https:\/\/infotep.com.ar\/index.php\/wp-json\/wp\/v2\/categories?post=32470"},{"taxonomy":"post_tag","embeddable":true,"href":"https:\/\/infotep.com.ar\/index.php\/wp-json\/wp\/v2\/tags?post=32470"}],"curies":[{"name":"wp","href":"https:\/\/api.w.org\/{rel}","templated":true}]}}