{"id":32485,"date":"2026-03-13T01:00:00","date_gmt":"2026-03-13T04:00:00","guid":{"rendered":"https:\/\/infotep.com.ar\/?p=32485"},"modified":"2026-03-12T22:38:16","modified_gmt":"2026-03-13T01:38:16","slug":"a-50-anos-del-golpe-la-ultima-dictadura-un-libro-para-jovenes-que-conecta-el-pasado-con-la-argentina-de-hoy","status":"publish","type":"post","link":"https:\/\/infotep.com.ar\/index.php\/2026\/03\/13\/a-50-anos-del-golpe-la-ultima-dictadura-un-libro-para-jovenes-que-conecta-el-pasado-con-la-argentina-de-hoy\/","title":{"rendered":"A 50 a\u00f1os del golpe: \u201cLa \u00faltima dictadura\u201d, un libro para j\u00f3venes que conecta el pasado con la Argentina de hoy"},"content":{"rendered":"\n<p>En el marco de los debates que atraviesan a la sociedad argentina a 50 a\u00f1os del golpe de Estado de 1976, la investigadora del Consejo Nacional de Investigaciones Cient\u00edficas y T\u00e9cnicas (CONICET), y especialista en Terrorismo de Estado, Marina Franco, present\u00f3 su libro La \u00faltima dictadura, una obra pensada especialmente para acercar la historia del terrorismo de Estado a las juventudes.<\/p>\n\n\n\n<p>Durante una entrevista en Todo es Pol\u00edtica, la historiadora explic\u00f3 que el proyecto surgi\u00f3 ante una necesidad concreta: la falta de materiales destinados a adolescentes que expliquen de manera clara y accesible lo que ocurri\u00f3 durante la dictadura.<\/p>\n\n\n\n<p>\u201cHab\u00eda muy pocos libros dirigidos a chicos y adolescentes que contaran esta historia. Tampoco exist\u00eda mucho material pensado para trabajar en las escuelas o para leer en familia\u201d, se\u00f1al\u00f3.<\/p>\n\n\n\n<p><strong>Seg\u00fan Franco, la iniciativa tambi\u00e9n responde al contexto actual de discusi\u00f3n pol\u00edtica y social en torno al pasado reciente. En ese escenario, el libro busca ofrecer explicaciones breves, claras y contundentes sobre qu\u00e9 fue la dictadura, c\u00f3mo se lleg\u00f3 al golpe de Estado, cu\u00e1les fueron sus objetivos y qu\u00e9 consecuencias dej\u00f3 en la historia argentina.<\/strong><\/p>\n\n\n<div class=\"wp-block-image\">\n<figure class=\"alignleft size-full is-resized\"><img decoding=\"async\" loading=\"lazy\" src=\"https:\/\/infotep.com.ar\/wp-content\/uploads\/2026\/03\/dictadura4-1.jpg\" alt=\"\" class=\"wp-image-32492\" width=\"456\" height=\"641\"\/><\/figure><\/div>\n\n\n<p class=\"has-light-green-cyan-background-color has-background\">Explicar el pasado para comprender el presente<\/p>\n\n\n\n<p>La autora sostuvo que uno de los principales desaf\u00edos es lograr que las nuevas generaciones comprendan que el pasado no es un tema lejano, incluso cuando se trata de hechos ocurridos hace cinco d\u00e9cadas.<\/p>\n\n\n\n<p><strong>\u201cPara muchos chicos y adolescentes el pasado parece algo muy distante. Pero si logramos mostrar c\u00f3mo la Argentina de hoy es resultado de lo que ocurri\u00f3 durante la dictadura, esos puentes entre pasado y presente se vuelven m\u00e1s claros\u201d, explic\u00f3.<\/strong><\/p>\n\n\n\n<p>En ese sentido, el libro intenta ayudar a comprender c\u00f3mo el terrorismo de Estado iniciado con el Golpe de Estado en Argentina de 1976 transform\u00f3 profundamente al pa\u00eds, tanto en lo pol\u00edtico como en lo social y econ\u00f3mico.<\/p>\n\n\n\n<p>Franco tambi\u00e9n advirti\u00f3 que el contexto actual plantea nuevos desaf\u00edos para la transmisi\u00f3n de esta historia. \u201cEstamos en un momento dif\u00edcil, donde est\u00e1n sucediendo cosas que pens\u00e1bamos que nunca pod\u00edan volver a pasar, como justificar la represi\u00f3n o relativizar la dictadura\u201d, se\u00f1al\u00f3.<\/p>\n\n\n\n<p><strong>Por eso, uno de los objetivos del libro es incidir en el debate p\u00fablico y estimular la reflexi\u00f3n sobre el pasado reciente.<\/strong><\/p>\n\n\n\n<p class=\"has-light-green-cyan-background-color has-background\">Un libro pensado para nuevas formas de leer<\/p>\n\n\n\n<p>Adem\u00e1s del contenido hist\u00f3rico, la obra propone una forma diferente de narrar la historia, especialmente pensada para el p\u00fablico joven.<\/p>\n\n\n\n<p>El libro combina texto con recursos visuales, ilustraciones y un dise\u00f1o contempor\u00e1neo que permite leer en distintos niveles. Esta estructura busca adaptarse a las formas de lectura de las nuevas generaciones, acostumbradas a lenguajes m\u00e1s visuales.<\/p>\n\n\n\n<p><strong>\u201cEs un libro con un dise\u00f1o muy moderno, donde se articulan texto e imagen. Incluye distintos recursos visuales para contar la historia de otra manera, pero manteniendo todo el rigor hist\u00f3rico\u201d, explic\u00f3 Franco.<\/strong><\/p>\n\n\n\n<figure class=\"wp-block-image size-full\"><img decoding=\"async\" loading=\"lazy\" width=\"1018\" height=\"720\" src=\"https:\/\/infotep.com.ar\/wp-content\/uploads\/2026\/03\/dictadura3-1-1.jpg\" alt=\"\" class=\"wp-image-32494\" srcset=\"https:\/\/infotep.com.ar\/wp-content\/uploads\/2026\/03\/dictadura3-1-1.jpg 1018w, https:\/\/infotep.com.ar\/wp-content\/uploads\/2026\/03\/dictadura3-1-1-300x212.jpg 300w, https:\/\/infotep.com.ar\/wp-content\/uploads\/2026\/03\/dictadura3-1-1-768x543.jpg 768w, https:\/\/infotep.com.ar\/wp-content\/uploads\/2026\/03\/dictadura3-1-1-85x60.jpg 85w, https:\/\/infotep.com.ar\/wp-content\/uploads\/2026\/03\/dictadura3-1-1-920x650.jpg 920w\" sizes=\"(max-width: 1018px) 100vw, 1018px\" \/><\/figure>\n\n\n\n<p>La propuesta apunta a que los lectores j\u00f3venes puedan acercarse al tema de forma atractiva y comprensible, sin perder profundidad ni complejidad.<\/p>\n\n\n\n<p>De esta manera, La \u00faltima dictadura busca convertirse en una herramienta educativa y cultural que ayude a seguir construyendo memoria hist\u00f3rica, especialmente entre las nuevas generaciones que no vivieron aquellos a\u00f1os pero que heredan sus consecuencias.<\/p>\n\n\n\n<figure class=\"wp-block-embed is-type-video is-provider-youtube wp-block-embed-youtube wp-embed-aspect-16-9 wp-has-aspect-ratio\"><div class=\"wp-block-embed__wrapper\">\n<iframe loading=\"lazy\" title=\"\ud83d\udd34Todo es Pol\u00edtica | La Radio P\u00fablica del Oeste 89.3\" width=\"1020\" height=\"574\" src=\"https:\/\/www.youtube.com\/embed\/E4Fx_jrI3uU?feature=oembed\" frameborder=\"0\" allow=\"accelerometer; autoplay; clipboard-write; encrypted-media; gyroscope; picture-in-picture; web-share\" referrerpolicy=\"strict-origin-when-cross-origin\" allowfullscreen><\/iframe>\n<\/div><figcaption class=\"wp-element-caption\">entrevista en el minuto 49<\/figcaption><\/figure>\n\n\n\n<p class=\"has-light-green-cyan-background-color has-background\">En La \u00faltima dictadura, la historiadora Marina Franco explica de manera rigurosa y accesible sobre uno de los per\u00edodos m\u00e1s oscuros de la historia argentina. A lo largo del libro, reconstruye el camino que llev\u00f3 el golpe de Estado, identifica a sus responsables y analiza el proyecto pol\u00edtico y econ\u00f3mico. A trav\u00e9s de preguntas que nos interpelan a todos, el libro invita a reflexionar sobre la importancia de conocer esta historia y por qu\u00e9 es fundamental seguir hablando de ella. Un libro pensado para chicos y chicas a partir de los 10 a\u00f1os, ideal para trabajar en la escuela, en familia y para fortalecer la memoria, la democracia y los derechos humanos. Edad recomendada: A partir de 10 a\u00f1os. FRANCO MARINA Marina Franco naci\u00f3 en Buenos Aires en 1972. Es doctora en Historia por la Universidad de Buenos Aires y por la Universit\u00e9 Paris 7 Denis Diderot. Se desempe\u00f1a como investigadora principal del CONICET y profesora titular en la Escuela Interdisciplinaria de Altos Estudios Sociales de la Universidad Nacional de San Mart\u00edn. Ha sido profesora e investigadora invitada en universidades de Europa y Am\u00e9rica Latina. En 2010 recibi\u00f3 la beca posdoctoral Hermes de la Fondation Maison des Sciences de l&#8217;Homme en Francia y en 2025 el premio Friedrich Wilhelm Bessel-Preis de la Fundaci\u00f3n Humboldt. Es autora de libros como El exilio, Un enemigo para la naci\u00f3n, El final del silencio, 1983 y Fantasmas rojos.<\/p>\n","protected":false},"excerpt":{"rendered":"<p>En el marco de los debates que atraviesan a la sociedad argentina a 50 a&ntilde;os del golpe de Estado de 1976, la investigadora del Consejo Nacional de Investigaciones Cient&iacute;ficas y T&eacute;cnicas (CONICET), y especialista en Terrorismo de Estado, Marina Franco, present&oacute; su libro La &uacute;ltima dictadura, una obra pensada especialmente para acercar la historia del &hellip; <\/p>\n","protected":false},"author":5,"featured_media":32486,"comment_status":"closed","ping_status":"closed","sticky":false,"template":"","format":"standard","meta":{"om_disable_all_campaigns":false,"_joinchat":[]},"categories":[31,3],"tags":[],"featured_image_urls":{"full":["https:\/\/infotep.com.ar\/wp-content\/uploads\/2026\/03\/WhatsApp-Image-2026-03-12-at-1.35.17-PM.jpeg",1126,636,false],"thumbnail":["https:\/\/infotep.com.ar\/wp-content\/uploads\/2026\/03\/WhatsApp-Image-2026-03-12-at-1.35.17-PM-150x150.jpeg",150,150,true],"medium":["https:\/\/infotep.com.ar\/wp-content\/uploads\/2026\/03\/WhatsApp-Image-2026-03-12-at-1.35.17-PM-300x169.jpeg",300,169,true],"medium_large":["https:\/\/infotep.com.ar\/wp-content\/uploads\/2026\/03\/WhatsApp-Image-2026-03-12-at-1.35.17-PM-768x434.jpeg",768,434,true],"large":["https:\/\/infotep.com.ar\/wp-content\/uploads\/2026\/03\/WhatsApp-Image-2026-03-12-at-1.35.17-PM-1024x578.jpeg",1020,576,true],"1536x1536":["https:\/\/infotep.com.ar\/wp-content\/uploads\/2026\/03\/WhatsApp-Image-2026-03-12-at-1.35.17-PM.jpeg",1126,636,false],"2048x2048":["https:\/\/infotep.com.ar\/wp-content\/uploads\/2026\/03\/WhatsApp-Image-2026-03-12-at-1.35.17-PM.jpeg",1126,636,false],"blossom-feminine-slider":["https:\/\/infotep.com.ar\/wp-content\/uploads\/2026\/03\/WhatsApp-Image-2026-03-12-at-1.35.17-PM.jpeg",1126,636,false],"blossom-feminine-featured":["https:\/\/infotep.com.ar\/wp-content\/uploads\/2026\/03\/WhatsApp-Image-2026-03-12-at-1.35.17-PM-1126x600.jpeg",1126,600,true],"blossom-feminine-with-sidebar":["https:\/\/infotep.com.ar\/wp-content\/uploads\/2026\/03\/WhatsApp-Image-2026-03-12-at-1.35.17-PM-1020x600.jpeg",1020,600,true],"blossom-feminine-blog":["https:\/\/infotep.com.ar\/wp-content\/uploads\/2026\/03\/WhatsApp-Image-2026-03-12-at-1.35.17-PM-435x435.jpeg",435,435,true],"blossom-feminine-cat":["https:\/\/infotep.com.ar\/wp-content\/uploads\/2026\/03\/WhatsApp-Image-2026-03-12-at-1.35.17-PM-450x300.jpeg",450,300,true],"blossom-feminine-related":["https:\/\/infotep.com.ar\/wp-content\/uploads\/2026\/03\/WhatsApp-Image-2026-03-12-at-1.35.17-PM-320x200.jpeg",320,200,true],"blossom-feminine-schema":["https:\/\/infotep.com.ar\/wp-content\/uploads\/2026\/03\/WhatsApp-Image-2026-03-12-at-1.35.17-PM-106x60.jpeg",106,60,true],"blossom-mommy-blog-slider-big":["https:\/\/infotep.com.ar\/wp-content\/uploads\/2026\/03\/WhatsApp-Image-2026-03-12-at-1.35.17-PM-920x636.jpeg",920,636,true],"blossom-mommy-blog-slider":["https:\/\/infotep.com.ar\/wp-content\/uploads\/2026\/03\/WhatsApp-Image-2026-03-12-at-1.35.17-PM-460x310.jpeg",460,310,true],"blossom-mommy-blog-two":["https:\/\/infotep.com.ar\/wp-content\/uploads\/2026\/03\/WhatsApp-Image-2026-03-12-at-1.35.17-PM-768x480.jpeg",768,480,true]},"author_info":{"info":["Angela Tobar"]},"category_info":"<a href=\"https:\/\/infotep.com.ar\/index.php\/category\/destacadas\/\" rel=\"category tag\">Destacadas<\/a> <a href=\"https:\/\/infotep.com.ar\/index.php\/category\/nacionales\/\" rel=\"category tag\">Nacionales<\/a>","tag_info":"Nacionales","comment_count":"0","_links":{"self":[{"href":"https:\/\/infotep.com.ar\/index.php\/wp-json\/wp\/v2\/posts\/32485"}],"collection":[{"href":"https:\/\/infotep.com.ar\/index.php\/wp-json\/wp\/v2\/posts"}],"about":[{"href":"https:\/\/infotep.com.ar\/index.php\/wp-json\/wp\/v2\/types\/post"}],"author":[{"embeddable":true,"href":"https:\/\/infotep.com.ar\/index.php\/wp-json\/wp\/v2\/users\/5"}],"replies":[{"embeddable":true,"href":"https:\/\/infotep.com.ar\/index.php\/wp-json\/wp\/v2\/comments?post=32485"}],"version-history":[{"count":3,"href":"https:\/\/infotep.com.ar\/index.php\/wp-json\/wp\/v2\/posts\/32485\/revisions"}],"predecessor-version":[{"id":32495,"href":"https:\/\/infotep.com.ar\/index.php\/wp-json\/wp\/v2\/posts\/32485\/revisions\/32495"}],"wp:featuredmedia":[{"embeddable":true,"href":"https:\/\/infotep.com.ar\/index.php\/wp-json\/wp\/v2\/media\/32486"}],"wp:attachment":[{"href":"https:\/\/infotep.com.ar\/index.php\/wp-json\/wp\/v2\/media?parent=32485"}],"wp:term":[{"taxonomy":"category","embeddable":true,"href":"https:\/\/infotep.com.ar\/index.php\/wp-json\/wp\/v2\/categories?post=32485"},{"taxonomy":"post_tag","embeddable":true,"href":"https:\/\/infotep.com.ar\/index.php\/wp-json\/wp\/v2\/tags?post=32485"}],"curies":[{"name":"wp","href":"https:\/\/api.w.org\/{rel}","templated":true}]}}