{"id":32501,"date":"2026-03-13T18:16:30","date_gmt":"2026-03-13T21:16:30","guid":{"rendered":"https:\/\/infotep.com.ar\/?p=32501"},"modified":"2026-03-13T18:35:49","modified_gmt":"2026-03-13T21:35:49","slug":"descalzo-encabezo-el-pre-congreso-de-salud-y-apunto-contra-el-gobierno-nacional-por-el-recorte-sanitario-es-atentar-contra-la-vida","status":"publish","type":"post","link":"https:\/\/infotep.com.ar\/index.php\/2026\/03\/13\/descalzo-encabezo-el-pre-congreso-de-salud-y-apunto-contra-el-gobierno-nacional-por-el-recorte-sanitario-es-atentar-contra-la-vida\/","title":{"rendered":"Descalzo encabez\u00f3 el Pre Congreso de Salud y apunt\u00f3 contra el Gobierno nacional por el recorte sanitario: \u201cEs atentar contra la vida\u201d"},"content":{"rendered":"\n<p>Intendentes, funcionarios y trabajadores de la salud de la Regi\u00f3n Sanitaria VII participaron de la jornada, donde se debatieron estrategias para sostener el sistema p\u00fablico frente al desfinanciamiento impulsado desde el Gobierno nacional.<\/p>\n\n\n\n<p><\/p>\n\n\n\n<figure class=\"wp-block-audio\"><audio controls src=\"blob:https:\/\/infotep.com.ar\/113a52ce-92a1-41a8-a885-c09488024f56\"><\/audio><\/figure>\n\n\n\n<p><br><br>El intendente de Ituzaing\u00f3, Pablo Descalzo, encabez\u00f3 el Pre Congreso Provincial de Salud (COSAPRO) junto al ministro de Salud bonaerense, Nicol\u00e1s Kreplak, en una jornada que reuni\u00f3 a autoridades y equipos sanitarios de la Regi\u00f3n Sanitaria VII y que estuvo marcada por fuertes cr\u00edticas al desfinanciamiento del sistema p\u00fablico por parte del Gobierno nacional.<\/p>\n\n\n\n<p>El encuentro se desarroll\u00f3 en el Teatro Gran Ituzaing\u00f3 y convoc\u00f3 a representantes de los municipios de Tres de Febrero, Hurlingham, Mor\u00f3n, Ituzaing\u00f3, Merlo, Moreno, General Rodr\u00edguez, Marcos Paz, General Las Heras y Luj\u00e1n. Durante la jornada tambi\u00e9n se realizaron mesas de trabajo en el Centro Regional Universitario local, donde se debatieron pol\u00edticas sanitarias y estrategias de gesti\u00f3n en torno a tres ejes centrales: salud mental, redes y nodos de atenci\u00f3n, y atenci\u00f3n primaria de la salud.<\/p>\n\n\n\n<figure class=\"wp-block-image size-large\"><img decoding=\"async\" loading=\"lazy\" width=\"1024\" height=\"683\" src=\"https:\/\/infotep.com.ar\/wp-content\/uploads\/2026\/03\/Precongreso-de-salud-de-la-provincia-1-1024x683.jpeg\" alt=\"\" class=\"wp-image-32503\" srcset=\"https:\/\/infotep.com.ar\/wp-content\/uploads\/2026\/03\/Precongreso-de-salud-de-la-provincia-1-1024x683.jpeg 1024w, https:\/\/infotep.com.ar\/wp-content\/uploads\/2026\/03\/Precongreso-de-salud-de-la-provincia-1-300x200.jpeg 300w, https:\/\/infotep.com.ar\/wp-content\/uploads\/2026\/03\/Precongreso-de-salud-de-la-provincia-1-768x512.jpeg 768w, https:\/\/infotep.com.ar\/wp-content\/uploads\/2026\/03\/Precongreso-de-salud-de-la-provincia-1-1536x1024.jpeg 1536w, https:\/\/infotep.com.ar\/wp-content\/uploads\/2026\/03\/Precongreso-de-salud-de-la-provincia-1-450x300.jpeg 450w, https:\/\/infotep.com.ar\/wp-content\/uploads\/2026\/03\/Precongreso-de-salud-de-la-provincia-1-90x60.jpeg 90w, https:\/\/infotep.com.ar\/wp-content\/uploads\/2026\/03\/Precongreso-de-salud-de-la-provincia-1.jpeg 1600w\" sizes=\"(max-width: 1024px) 100vw, 1024px\" \/><\/figure>\n\n\n\n<p>En ese contexto, Descalzo advirti\u00f3 sobre el impacto que tienen los recortes presupuestarios nacionales en el funcionamiento del sistema sanitario. \u201cEn un contexto donde el Gobierno nacional desfinancia el sistema p\u00fablico de salud, desde el gobierno provincial y municipal debemos hacernos cargo de garantizar un derecho tan b\u00e1sico y fundamental como el acceso a la salud\u201d, sostuvo.<\/p>\n\n\n\n<p>El jefe comunal fue a\u00fan m\u00e1s enf\u00e1tico al se\u00f1alar que las pol\u00edticas de ajuste sobre el \u00e1rea sanitaria tienen consecuencias directas en la vida de la poblaci\u00f3n. \u201cAtentar en materia sanitaria es atentar contra la vida\u201d, afirm\u00f3, y remarc\u00f3 que los municipios y la provincia est\u00e1n sosteniendo con recursos propios la atenci\u00f3n en hospitales y centros de salud ante la retracci\u00f3n del financiamiento nacional.<\/p>\n\n\n\n<p>Por su parte, el ministro Kreplak destac\u00f3 la importancia de generar espacios de debate y planificaci\u00f3n entre los distintos actores del sistema de salud. Seg\u00fan explic\u00f3, el objetivo es fortalecer un modelo de gesti\u00f3n participativa que permita optimizar recursos y mejorar la atenci\u00f3n en todo el territorio bonaerense.<\/p>\n\n\n\n<p>El Pre Congreso forma parte del proceso preparatorio del Congreso Provincial de Salud, que se realizar\u00e1 del 15 al 17 de abril en Mar del Plata. All\u00ed participar\u00e1n profesionales, trabajadores, estudiantes y autoridades sanitarias para debatir propuestas que apunten a profundizar la integraci\u00f3n del sistema de salud bonaerense y enfrentar los desaf\u00edos actuales del sector.<\/p>\n\n\n\n<figure class=\"wp-block-video\"><video controls src=\"blob:https:\/\/infotep.com.ar\/2368bcc3-066f-452c-95d5-6014dfedb591\"><\/video><\/figure>\n\n\n\n<p>De la jornada tambi\u00e9n participaron el secretario de Salud de Ituzaing\u00f3, Fabi\u00e1n Basilico; los intendentes Gustavo Men\u00e9ndez (Merlo), Leonardo Boto (Luj\u00e1n) y Juan Manuel Cerezo (General Las Heras); el diputado nacional Daniel Goll\u00e1n; autoridades del Ministerio de Salud bonaerense, de la Regi\u00f3n Sanitaria VII y de hospitales de la regi\u00f3n, adem\u00e1s de profesionales, docentes y estudiantes vinculados al sistema sanitario.<\/p>\n","protected":false},"excerpt":{"rendered":"<p>Intendentes, funcionarios y trabajadores de la salud de la Regi&oacute;n Sanitaria VII participaron de la jornada, donde se debatieron estrategias para sostener el sistema p&uacute;blico frente al desfinanciamiento impulsado desde el Gobierno nacional. El intendente de Ituzaing&oacute;, Pablo Descalzo, encabez&oacute; el Pre Congreso Provincial de Salud (COSAPRO) junto al ministro de Salud bonaerense, Nicol&aacute;s Kreplak, &hellip; <\/p>\n","protected":false},"author":5,"featured_media":32502,"comment_status":"closed","ping_status":"closed","sticky":false,"template":"","format":"standard","meta":{"om_disable_all_campaigns":false,"_joinchat":[]},"categories":[31,8,4],"tags":[],"featured_image_urls":{"full":["https:\/\/infotep.com.ar\/wp-content\/uploads\/2026\/03\/Precongreso-de-salud-de-la-provincia-2-1.jpeg",1600,1066,false],"thumbnail":["https:\/\/infotep.com.ar\/wp-content\/uploads\/2026\/03\/Precongreso-de-salud-de-la-provincia-2-1-150x150.jpeg",150,150,true],"medium":["https:\/\/infotep.com.ar\/wp-content\/uploads\/2026\/03\/Precongreso-de-salud-de-la-provincia-2-1-300x200.jpeg",300,200,true],"medium_large":["https:\/\/infotep.com.ar\/wp-content\/uploads\/2026\/03\/Precongreso-de-salud-de-la-provincia-2-1-768x512.jpeg",768,512,true],"large":["https:\/\/infotep.com.ar\/wp-content\/uploads\/2026\/03\/Precongreso-de-salud-de-la-provincia-2-1-1024x682.jpeg",1020,679,true],"1536x1536":["https:\/\/infotep.com.ar\/wp-content\/uploads\/2026\/03\/Precongreso-de-salud-de-la-provincia-2-1-1536x1023.jpeg",1536,1023,true],"2048x2048":["https:\/\/infotep.com.ar\/wp-content\/uploads\/2026\/03\/Precongreso-de-salud-de-la-provincia-2-1.jpeg",1600,1066,false],"blossom-feminine-slider":["https:\/\/infotep.com.ar\/wp-content\/uploads\/2026\/03\/Precongreso-de-salud-de-la-provincia-2-1-1600x649.jpeg",1600,649,true],"blossom-feminine-featured":["https:\/\/infotep.com.ar\/wp-content\/uploads\/2026\/03\/Precongreso-de-salud-de-la-provincia-2-1-1410x600.jpeg",1410,600,true],"blossom-feminine-with-sidebar":["https:\/\/infotep.com.ar\/wp-content\/uploads\/2026\/03\/Precongreso-de-salud-de-la-provincia-2-1-1020x600.jpeg",1020,600,true],"blossom-feminine-blog":["https:\/\/infotep.com.ar\/wp-content\/uploads\/2026\/03\/Precongreso-de-salud-de-la-provincia-2-1-435x435.jpeg",435,435,true],"blossom-feminine-cat":["https:\/\/infotep.com.ar\/wp-content\/uploads\/2026\/03\/Precongreso-de-salud-de-la-provincia-2-1-450x300.jpeg",450,300,true],"blossom-feminine-related":["https:\/\/infotep.com.ar\/wp-content\/uploads\/2026\/03\/Precongreso-de-salud-de-la-provincia-2-1-320x200.jpeg",320,200,true],"blossom-feminine-schema":["https:\/\/infotep.com.ar\/wp-content\/uploads\/2026\/03\/Precongreso-de-salud-de-la-provincia-2-1-90x60.jpeg",90,60,true],"blossom-mommy-blog-slider-big":["https:\/\/infotep.com.ar\/wp-content\/uploads\/2026\/03\/Precongreso-de-salud-de-la-provincia-2-1-920x650.jpeg",920,650,true],"blossom-mommy-blog-slider":["https:\/\/infotep.com.ar\/wp-content\/uploads\/2026\/03\/Precongreso-de-salud-de-la-provincia-2-1-460x310.jpeg",460,310,true],"blossom-mommy-blog-two":["https:\/\/infotep.com.ar\/wp-content\/uploads\/2026\/03\/Precongreso-de-salud-de-la-provincia-2-1-768x480.jpeg",768,480,true]},"author_info":{"info":["Angela Tobar"]},"category_info":"<a href=\"https:\/\/infotep.com.ar\/index.php\/category\/destacadas\/\" rel=\"category tag\">Destacadas<\/a> <a href=\"https:\/\/infotep.com.ar\/index.php\/category\/municipales\/ituzaingo\/\" rel=\"category tag\">Ituzaing\u00f3<\/a> <a href=\"https:\/\/infotep.com.ar\/index.php\/category\/provinciales\/\" rel=\"category tag\">Provinciales<\/a>","tag_info":"Provinciales","comment_count":"0","_links":{"self":[{"href":"https:\/\/infotep.com.ar\/index.php\/wp-json\/wp\/v2\/posts\/32501"}],"collection":[{"href":"https:\/\/infotep.com.ar\/index.php\/wp-json\/wp\/v2\/posts"}],"about":[{"href":"https:\/\/infotep.com.ar\/index.php\/wp-json\/wp\/v2\/types\/post"}],"author":[{"embeddable":true,"href":"https:\/\/infotep.com.ar\/index.php\/wp-json\/wp\/v2\/users\/5"}],"replies":[{"embeddable":true,"href":"https:\/\/infotep.com.ar\/index.php\/wp-json\/wp\/v2\/comments?post=32501"}],"version-history":[{"count":3,"href":"https:\/\/infotep.com.ar\/index.php\/wp-json\/wp\/v2\/posts\/32501\/revisions"}],"predecessor-version":[{"id":32507,"href":"https:\/\/infotep.com.ar\/index.php\/wp-json\/wp\/v2\/posts\/32501\/revisions\/32507"}],"wp:featuredmedia":[{"embeddable":true,"href":"https:\/\/infotep.com.ar\/index.php\/wp-json\/wp\/v2\/media\/32502"}],"wp:attachment":[{"href":"https:\/\/infotep.com.ar\/index.php\/wp-json\/wp\/v2\/media?parent=32501"}],"wp:term":[{"taxonomy":"category","embeddable":true,"href":"https:\/\/infotep.com.ar\/index.php\/wp-json\/wp\/v2\/categories?post=32501"},{"taxonomy":"post_tag","embeddable":true,"href":"https:\/\/infotep.com.ar\/index.php\/wp-json\/wp\/v2\/tags?post=32501"}],"curies":[{"name":"wp","href":"https:\/\/api.w.org\/{rel}","templated":true}]}}